{"id":19547,"date":"2021-10-15T10:37:56","date_gmt":"2021-10-15T08:37:56","guid":{"rendered":"https:\/\/bisbalpenedes.com\/web\/?p=19547"},"modified":"2021-10-15T10:37:56","modified_gmt":"2021-10-15T08:37:56","slug":"saprova-la-liquidacio-del-3r-trimestre-de-2021-del-conveni-de-collaboracio-amb-el-consell-comarcal-del-baix-penedes-en-materia-docupacio","status":"publish","type":"post","link":"https:\/\/bisbalpenedes.com\/web\/2021\/10\/15\/saprova-la-liquidacio-del-3r-trimestre-de-2021-del-conveni-de-collaboracio-amb-el-consell-comarcal-del-baix-penedes-en-materia-docupacio\/","title":{"rendered":"S\u2019aprova la liquidaci\u00f3 del 3r trimestre de 2021 del conveni de col\u00b7laboraci\u00f3 amb el Consell Comarcal del Baix Pened\u00e8s en mat\u00e8ria d\u2019Ocupaci\u00f3"},"content":{"rendered":"\n<p>La Junta de Govern Local del dilluns 11 d\u2019octubre va aprovar la liquidaci\u00f3 del conveni de col\u00b7laboraci\u00f3 amb el Consell Comarcal del Baix Pened\u00e8s (CCBP) en mat\u00e8ria d\u2019Ocupaci\u00f3 corresponent al tercer trimestre de 2021 per un import total de 3.164,41\u20ac.<\/p>\n\n\n\n<p>El 8 de febrer de 2021 es va aprovar, en Junta de Govern, el conveni interadministratiu de col\u00b7laboraci\u00f3 amb el Consell Comarcal del Baix Pened\u00e8s i la resta d\u2019ajuntaments de la comarca per a l\u2019execuci\u00f3 dels programes d\u2019ocupaci\u00f3 que formen part de l\u2019Acord estrat\u00e8gic per al desenvolupament i ocupaci\u00f3 del Baix Pened\u00e8s 2021 per un total de 12.657,64\u20ac.<\/p>\n\n\n\n<hr class=\"wp-block-separator\"\/>\n\n\n\n<p>La Junta de Gobierno Local del lunes 11 de octubre aprob\u00f3 la liquidaci\u00f3n del convenio de colaboraci\u00f3n con el Consell Comarcal del Baix Pened\u00e8s (CCBP) en materia de Ocupaci\u00f3n correspondiente al tercer trimestre de 2021 por un importe total de 3.164,41\u20ac.<\/p>\n\n\n\n<p>El 8 de febrero de 2021 se aprob\u00f3, en Junta de Gobierno, el convenio interadministrativo de colaboraci\u00f3n con el Consell Comarcal del Baix Pened\u00e8s y el resto de ayuntamientos de la comarca para la ejecuci\u00f3n de los programas de ocupaci\u00f3n que forman parte del Acuerdo estrat\u00e9gico para el desarrollo y ocupaci\u00f3n del Baix Pened\u00e8s 2021 por un total de 12.657,64\u20ac.<\/p>\n","protected":false},"excerpt":{"rendered":"<p>La Junta de Govern Local del dilluns 11 d\u2019octubre va aprovar la liquidaci\u00f3 del conveni de col\u00b7laboraci\u00f3 amb el Consell Comarcal del Baix Pened\u00e8s (CCBP) en mat\u00e8ria d\u2019Ocupaci\u00f3 corresponent al &hellip; <a href=\"https:\/\/bisbalpenedes.com\/web\/2021\/10\/15\/saprova-la-liquidacio-del-3r-trimestre-de-2021-del-conveni-de-collaboracio-amb-el-consell-comarcal-del-baix-penedes-en-materia-docupacio\/\" class=\"more-link\">Read More<\/a><\/p>\n","protected":false},"author":4,"featured_media":19548,"comment_status":"closed","ping_status":"closed","sticky":false,"template":"","format":"standard","meta":[],"categories":[8,9],"tags":[1056,440,393],"_links":{"self":[{"href":"https:\/\/bisbalpenedes.com\/web\/wp-json\/wp\/v2\/posts\/19547"}],"collection":[{"href":"https:\/\/bisbalpenedes.com\/web\/wp-json\/wp\/v2\/posts"}],"about":[{"href":"https:\/\/bisbalpenedes.com\/web\/wp-json\/wp\/v2\/types\/post"}],"author":[{"embeddable":true,"href":"https:\/\/bisbalpenedes.com\/web\/wp-json\/wp\/v2\/users\/4"}],"replies":[{"embeddable":true,"href":"https:\/\/bisbalpenedes.com\/web\/wp-json\/wp\/v2\/comments?post=19547"}],"version-history":[{"count":1,"href":"https:\/\/bisbalpenedes.com\/web\/wp-json\/wp\/v2\/posts\/19547\/revisions"}],"predecessor-version":[{"id":19549,"href":"https:\/\/bisbalpenedes.com\/web\/wp-json\/wp\/v2\/posts\/19547\/revisions\/19549"}],"wp:featuredmedia":[{"embeddable":true,"href":"https:\/\/bisbalpenedes.com\/web\/wp-json\/wp\/v2\/media\/19548"}],"wp:attachment":[{"href":"https:\/\/bisbalpenedes.com\/web\/wp-json\/wp\/v2\/media?parent=19547"}],"wp:term":[{"taxonomy":"category","embeddable":true,"href":"https:\/\/bisbalpenedes.com\/web\/wp-json\/wp\/v2\/categories?post=19547"},{"taxonomy":"post_tag","embeddable":true,"href":"https:\/\/bisbalpenedes.com\/web\/wp-json\/wp\/v2\/tags?post=19547"}],"curies":[{"name":"wp","href":"https:\/\/api.w.org\/{rel}","templated":true}]}}