{"id":1954,"date":"2017-02-20T19:19:41","date_gmt":"2017-02-20T13:19:41","guid":{"rendered":"http:\/\/bisbalpenedes.com\/web\/?p=1954"},"modified":"2017-02-20T19:19:41","modified_gmt":"2017-02-20T13:19:41","slug":"carnaval-infantil-a-lescola-ull-de-vent","status":"publish","type":"post","link":"https:\/\/bisbalpenedes.com\/web\/2017\/02\/20\/carnaval-infantil-a-lescola-ull-de-vent\/","title":{"rendered":"Carnaval Infantil a l&#8217;Escola Ull de Vent"},"content":{"rendered":"<p>Carnaval Infantil a l&#8217;Escola Ull de Vent<br \/>\nEl proper dilluns 27 de febrer a les 17:00h, al gimn\u00e0s de l&#8217;Escola actuaci\u00f3 de Festa Kids i a continuaci\u00f3 Berenar per a tothom a c\u00e0rrec del Frankfurt Cal Bass\u00f3 (apte per a celiacs)<\/p>\n<p><a href=\"http:\/\/bisbalpenedes.com\/web\/wp-content\/uploads\/2017\/02\/CARNAVAL_INFANTIL_2017.jpg\"><img loading=\"lazy\" src=\"http:\/\/bisbalpenedes.com\/web\/wp-content\/uploads\/2017\/02\/CARNAVAL_INFANTIL_2017-212x300.jpg\" alt=\"\" title=\"CARNAVAL_INFANTIL_2017\" width=\"212\" height=\"300\" class=\"aligncenter size-medium wp-image-1955\" srcset=\"https:\/\/bisbalpenedes.com\/web\/wp-content\/uploads\/2017\/02\/CARNAVAL_INFANTIL_2017-212x300.jpg 212w, https:\/\/bisbalpenedes.com\/web\/wp-content\/uploads\/2017\/02\/CARNAVAL_INFANTIL_2017-600x848.jpg 600w, https:\/\/bisbalpenedes.com\/web\/wp-content\/uploads\/2017\/02\/CARNAVAL_INFANTIL_2017-724x1024.jpg 724w, https:\/\/bisbalpenedes.com\/web\/wp-content\/uploads\/2017\/02\/CARNAVAL_INFANTIL_2017.jpg 827w\" sizes=\"(max-width: 212px) 100vw, 212px\" \/><\/a><\/p>\n","protected":false},"excerpt":{"rendered":"<p>Carnaval Infantil a l&#8217;Escola Ull de Vent El proper dilluns 27 de febrer a les 17:00h, al gimn\u00e0s de l&#8217;Escola actuaci\u00f3 de Festa Kids i a continuaci\u00f3 Berenar per a &hellip; <a href=\"https:\/\/bisbalpenedes.com\/web\/2017\/02\/20\/carnaval-infantil-a-lescola-ull-de-vent\/\" class=\"more-link\">Read More<\/a><\/p>\n","protected":false},"author":1,"featured_media":1955,"comment_status":"closed","ping_status":"closed","sticky":false,"template":"","format":"standard","meta":[],"categories":[5],"tags":[49,217],"_links":{"self":[{"href":"https:\/\/bisbalpenedes.com\/web\/wp-json\/wp\/v2\/posts\/1954"}],"collection":[{"href":"https:\/\/bisbalpenedes.com\/web\/wp-json\/wp\/v2\/posts"}],"about":[{"href":"https:\/\/bisbalpenedes.com\/web\/wp-json\/wp\/v2\/types\/post"}],"author":[{"embeddable":true,"href":"https:\/\/bisbalpenedes.com\/web\/wp-json\/wp\/v2\/users\/1"}],"replies":[{"embeddable":true,"href":"https:\/\/bisbalpenedes.com\/web\/wp-json\/wp\/v2\/comments?post=1954"}],"version-history":[{"count":1,"href":"https:\/\/bisbalpenedes.com\/web\/wp-json\/wp\/v2\/posts\/1954\/revisions"}],"predecessor-version":[{"id":1956,"href":"https:\/\/bisbalpenedes.com\/web\/wp-json\/wp\/v2\/posts\/1954\/revisions\/1956"}],"wp:featuredmedia":[{"embeddable":true,"href":"https:\/\/bisbalpenedes.com\/web\/wp-json\/wp\/v2\/media\/1955"}],"wp:attachment":[{"href":"https:\/\/bisbalpenedes.com\/web\/wp-json\/wp\/v2\/media?parent=1954"}],"wp:term":[{"taxonomy":"category","embeddable":true,"href":"https:\/\/bisbalpenedes.com\/web\/wp-json\/wp\/v2\/categories?post=1954"},{"taxonomy":"post_tag","embeddable":true,"href":"https:\/\/bisbalpenedes.com\/web\/wp-json\/wp\/v2\/tags?post=1954"}],"curies":[{"name":"wp","href":"https:\/\/api.w.org\/{rel}","templated":true}]}}