{"id":19535,"date":"2021-10-15T10:13:49","date_gmt":"2021-10-15T08:13:49","guid":{"rendered":"https:\/\/bisbalpenedes.com\/web\/?p=19535"},"modified":"2021-10-15T10:19:41","modified_gmt":"2021-10-15T08:19:41","slug":"tres-joves-han-comencat-a-treballar-a-lajuntament-de-la-bisbal-del-penedes-amb-un-contracte-en-practiques-en-el-marc-del-programa-de-garantia-juvenil","status":"publish","type":"post","link":"https:\/\/bisbalpenedes.com\/web\/2021\/10\/15\/tres-joves-han-comencat-a-treballar-a-lajuntament-de-la-bisbal-del-penedes-amb-un-contracte-en-practiques-en-el-marc-del-programa-de-garantia-juvenil\/","title":{"rendered":"Tres joves s&#8217;incorporen a treballar a l&#8217;Ajuntament de la Bisbal del Pened\u00e8s amb un contracte en pr\u00e0ctiques en el marc del programa de Garantia Juvenil"},"content":{"rendered":"\n<p>L\u2019Ajuntament de la Bisbal del Pened\u00e8s ha contractat tres joves per fer pr\u00e0ctiques en diversos departaments municipals en el marc del programa de Garantia Juvenil. Avui divendres 15 d\u2019octubre han signat el contracte de pr\u00e0ctiques remunerades d\u2019una durada de sis mesos que compta amb una subvenci\u00f3 del Servei d\u2019Ocupaci\u00f3 de Catalunya (SOC).<\/p>\n\n\n\n<p>Un total de vuit joves -amb entre 16 i 29 anys- es van presentar a la convocat\u00f2ria i, durant el mes de setembre, es fa dur a terme un proc\u00e9s de selecci\u00f3. Finalment s\u2019ha contractat l\u2019Ainhoa L\u00f3pez, Fatiha Skiou i Jos\u00e9 Lu\u00eds Berceo.<\/p>\n\n\n\n<p>Els llocs de feina que ocuparan, s\u00f3n els seg\u00fcents:<\/p>\n\n\n\n<ul><li>2 auxiliars administratius per a l\u2019Ajuntament de la Bisbal del Pened\u00e8s: per al portal de transpar\u00e8ncia del web municipal i altres tasques administratives<\/li><\/ul>\n\n\n\n<ul><li>1 auxiliar administratiu per a la Biblioteca p\u00fablica<\/li><\/ul>\n\n\n\n<p>El programa de Garantia Juvenil \u00e9s una iniciativa que promou la Generalitat de Catalunya i t\u00e9 com a objectiu incentivar la contractaci\u00f3 laboral en pr\u00e0ctiques de joves amb formaci\u00f3, beneficiaris del programa de Garantia Juvenil de Catalunya, amb la finalitat de millorar la seva ocupabilitat amb l\u2019adquisici\u00f3 d\u2019aptituds i compet\u00e8ncies derivades de la pr\u00e0ctica laboral, de manera que sigui possible la seva incorporaci\u00f3 al mercat laboral de forma estable i duradora en el temps. El Servei d\u2019Ocupaci\u00f3 de Catalunya subvenciona els contractes de treball en pr\u00e0ctiques, durant 6 mesos, a jornada completa. Els joves que formen part d\u2019aquest programa han de tenir entre 16 i 29 anys, han de tenir en possessi\u00f3 d\u2019un t\u00edtol universitari o de formaci\u00f3 professional de grau mitj\u00e0 o superior -o t\u00edtol oficialment reconegut com a equivalent- o han de comptar amb un certificat de professionalitat que habiliti els joves a l\u2019exercici professional, aix\u00ed com per complir els requisits que exigeixi la modalitat del contracte de treball en pr\u00e0ctiques.<\/p>\n\n\n\n<hr class=\"wp-block-separator\"\/>\n\n\n\n<figure class=\"wp-block-image size-large\"><img loading=\"lazy\" width=\"1024\" height=\"768\" src=\"https:\/\/bisbalpenedes.com\/web\/wp-content\/uploads\/2021\/10\/GARANTIA-JUVENIL-2-1024x768.jpeg\" alt=\"\" class=\"wp-image-19538\" srcset=\"https:\/\/bisbalpenedes.com\/web\/wp-content\/uploads\/2021\/10\/GARANTIA-JUVENIL-2-1024x768.jpeg 1024w, https:\/\/bisbalpenedes.com\/web\/wp-content\/uploads\/2021\/10\/GARANTIA-JUVENIL-2-scaled-600x450.jpeg 600w, https:\/\/bisbalpenedes.com\/web\/wp-content\/uploads\/2021\/10\/GARANTIA-JUVENIL-2-300x225.jpeg 300w, https:\/\/bisbalpenedes.com\/web\/wp-content\/uploads\/2021\/10\/GARANTIA-JUVENIL-2-768x576.jpeg 768w, https:\/\/bisbalpenedes.com\/web\/wp-content\/uploads\/2021\/10\/GARANTIA-JUVENIL-2-1536x1152.jpeg 1536w, https:\/\/bisbalpenedes.com\/web\/wp-content\/uploads\/2021\/10\/GARANTIA-JUVENIL-2-2048x1536.jpeg 2048w\" sizes=\"(max-width: 1024px) 100vw, 1024px\" \/><\/figure>\n\n\n\n<p>El Ayuntamiento de la Bisbal del Pened\u00e8s ha contratado a tres j\u00f3venes para hacer pr\u00e1cticas en varios departamentos municipales en el marco del programa de Garant\u00eda Juvenil. Hoy viernes 15 de octubre han firmado el contrato de pr\u00e1cticas remuneradas de una duraci\u00f3n de seis meses que cuenta con una subvenci\u00f3n del Servicio de Ocupaci\u00f3n de Catalunya (SOC).<\/p>\n\n\n\n<p>Un total de ocho j\u00f3venes -con entre 16 y 29 a\u00f1os- se presentaron a la convocatoria y, durante el mes de septiembre, se llev\u00f3 a cabo un proceso de selecci\u00f3n. Finalmente se ha contratado a Ainhoa L\u00f3pez, Fatiha Skiou y Jos\u00e9 Lu\u00eds Berceo.<\/p>\n\n\n\n<p>Los puestos de trabajo que ocupar\u00e1n, son los siguientes:<\/p>\n\n\n\n<ul><li>2 auxiliares administrativos para el Ayuntamiento de la Bisbal del Pened\u00e8s: para el portal de transparencia de la web municipal y otros trabajos administrativos.<\/li><\/ul>\n\n\n\n<ul><li>1 auxiliar administrativo para la Biblioteca p\u00fablica.<\/li><\/ul>\n\n\n\n<p>El programa de Garant\u00eda Juvenil es una iniciativa que promueve la Generalitat de Catalunya y tiene como objetivo incentivar la contrataci\u00f3n laboral en pr\u00e1cticas de j\u00f3venes con formaci\u00f3n, beneficiarios del programa de Garant\u00eda Juvenil de Catalunya, con la finalidad de mejorar su ocupabilidad con la adquisici\u00f3n de aptitudes y competencias derivadas de la pr\u00e1ctica laboral, de manera que sea posible su incorporaci\u00f3n en el mercado laboral de forma estable y duradera en el tiempo. El Servicio de Ocupaci\u00f3n de Catalunya subvenciona los contratos de trabajo en pr\u00e1cticas, durante 6 meses, a jornada completa. Los j\u00f3venes que forman parte de este programa tienen que tener entre 16 y 29 a\u00f1os, tener en posesi\u00f3n un t\u00edtulo universitario o de formaci\u00f3n profesional de grado medio o superior \u2013o t\u00edtulo oficialmente reconocido como equivalente- o tienen que contar con un certificado de profesionalidad que habilite a los j\u00f3venes para el ejercicio profesional, as\u00ed como para cumplir los requisitos que exija la modalidad del contrato de trabajo en pr\u00e1cticas.<\/p>\n","protected":false},"excerpt":{"rendered":"<p>L\u2019Ajuntament de la Bisbal del Pened\u00e8s ha contractat tres joves per fer pr\u00e0ctiques en diversos departaments municipals en el marc del programa de Garantia Juvenil. Avui divendres 15 d\u2019octubre han &hellip; <a href=\"https:\/\/bisbalpenedes.com\/web\/2021\/10\/15\/tres-joves-han-comencat-a-treballar-a-lajuntament-de-la-bisbal-del-penedes-amb-un-contracte-en-practiques-en-el-marc-del-programa-de-garantia-juvenil\/\" class=\"more-link\">Read More<\/a><\/p>\n","protected":false},"author":4,"featured_media":19537,"comment_status":"closed","ping_status":"closed","sticky":false,"template":"","format":"standard","meta":[],"categories":[4269,8,9],"tags":[974,41,1067,393,848],"_links":{"self":[{"href":"https:\/\/bisbalpenedes.com\/web\/wp-json\/wp\/v2\/posts\/19535"}],"collection":[{"href":"https:\/\/bisbalpenedes.com\/web\/wp-json\/wp\/v2\/posts"}],"about":[{"href":"https:\/\/bisbalpenedes.com\/web\/wp-json\/wp\/v2\/types\/post"}],"author":[{"embeddable":true,"href":"https:\/\/bisbalpenedes.com\/web\/wp-json\/wp\/v2\/users\/4"}],"replies":[{"embeddable":true,"href":"https:\/\/bisbalpenedes.com\/web\/wp-json\/wp\/v2\/comments?post=19535"}],"version-history":[{"count":3,"href":"https:\/\/bisbalpenedes.com\/web\/wp-json\/wp\/v2\/posts\/19535\/revisions"}],"predecessor-version":[{"id":19541,"href":"https:\/\/bisbalpenedes.com\/web\/wp-json\/wp\/v2\/posts\/19535\/revisions\/19541"}],"wp:featuredmedia":[{"embeddable":true,"href":"https:\/\/bisbalpenedes.com\/web\/wp-json\/wp\/v2\/media\/19537"}],"wp:attachment":[{"href":"https:\/\/bisbalpenedes.com\/web\/wp-json\/wp\/v2\/media?parent=19535"}],"wp:term":[{"taxonomy":"category","embeddable":true,"href":"https:\/\/bisbalpenedes.com\/web\/wp-json\/wp\/v2\/categories?post=19535"},{"taxonomy":"post_tag","embeddable":true,"href":"https:\/\/bisbalpenedes.com\/web\/wp-json\/wp\/v2\/tags?post=19535"}],"curies":[{"name":"wp","href":"https:\/\/api.w.org\/{rel}","templated":true}]}}