{"id":19525,"date":"2021-10-14T13:55:29","date_gmt":"2021-10-14T11:55:29","guid":{"rendered":"https:\/\/bisbalpenedes.com\/web\/?p=19525"},"modified":"2021-10-14T13:55:29","modified_gmt":"2021-10-14T11:55:29","slug":"saprova-la-compra-dun-camio-cistella-per-a-lajuntament-a-traves-de-la-central-de-compres-de-lacm-associacio-catalana-de-municipis","status":"publish","type":"post","link":"https:\/\/bisbalpenedes.com\/web\/2021\/10\/14\/saprova-la-compra-dun-camio-cistella-per-a-lajuntament-a-traves-de-la-central-de-compres-de-lacm-associacio-catalana-de-municipis\/","title":{"rendered":"S\u2019aprova la compra d\u2019un cami\u00f3 cistella per a l\u2019Ajuntament a trav\u00e9s de la central de compres de l\u2019ACM (Associaci\u00f3 Catalana de Municipis)"},"content":{"rendered":"\n<p>La Junta de Govern ha aprovat, a petici\u00f3 de la Regidoria de Territori i Enllumenat P\u00fablic, la compra d\u2019un vehicle de menys de 3.500kg amb plataforma elevadora m\u00f2bil \u2013un cami\u00f3 Isuzu amb plataforma de 15 metres- per un total de 67.350,17\u20ac (IVA incl\u00f2s) a l\u2019empresa Bilbotruck S.L. a trav\u00e9s de la central de compres de l\u2019Associaci\u00f3 Catalana de Municipis, mitjan\u00e7ant l\u2019acord marc de subministrament de maquin\u00e0ria t\u00e8cnica i elements de transport.<\/p>\n\n\n\n<p>La Junta de Govern ha aprovat aquesta compra perqu\u00e8, tal com s\u2019ha explicat des de les regidories de Territori i Enllumenat P\u00fablic, \u201cel personal de la brigada municipal realitza, entre altres, les tasques de manteniment i millora de la xarxa d\u2019enllumenat p\u00fablic i dels edificis municipals. Per dur a terme aquests treballs, peri\u00f2dicament lloga un cami\u00f3 cistella -que tamb\u00e9 s\u2019utilitza per col\u00b7locar cartells- dur a terme feines de jardineria en al\u00e7ada i per fer el manteniment de les fa\u00e7anes dels edificis municipals. A m\u00e9s, el municipi compta amb 1.827 punts d\u2019enllumenat p\u00fablic i 22,8km lineals de xarxa a\u00e8ria d\u2019enllumenat p\u00fablic\u201d.<\/p>\n\n\n\n<p>L\u2019alcaldessa de la Bisbal del Pened\u00e8s, Agn\u00e8s Ferr\u00e9, ha explicat que \u201caquesta compra pret\u00e9n incrementar l\u2019efic\u00e0cia i l\u2019efici\u00e8ncia del servei de la brigada municipal, procurant unes condicions de treball m\u00e9s id\u00f2nies i contenint la despesa municipal, alhora que es donar\u00e0 compliment a la Llei de contractes del sector p\u00fablic\u201d.<\/p>\n\n\n\n<p>El Ple de la Corporaci\u00f3, en la sessi\u00f3 extraordin\u00e0ria celebrada el 21 d\u2019octubre de 2019, va acordar l\u2019adhesi\u00f3 de l\u2019Ajuntament de la Bisbal del Pened\u00e8s al sistema d\u2019adquisici\u00f3 centralitzada de l\u2019Associaci\u00f3 Catalana de Municipis (ACM) i el Consorci Catal\u00e0 de Desenvolupament Local (CCDL), per tal de poder efectuar l\u2019adquisici\u00f3 de b\u00e9ns i subministraments i la contractaci\u00f3 de serveis a trav\u00e9s de la seva central de compres, amb les condicions i preus vigents en els contractes subscrits amb les empreses adjudicat\u00e0ries.<\/p>\n\n\n\n<hr class=\"wp-block-separator\"\/>\n\n\n\n<p><strong>CASTELLANO |<\/strong> La Junta de Gobierno ha aprobado, a petici\u00f3n de la Concejal\u00eda de Territorio y Alumbrado P\u00fablico, la compra de un veh\u00edculo de menos de 3.500kg con plataforma elevadora m\u00f3vil \u2013un cami\u00f3n Isuzu con plataforma de 15 metros- por un total de 67.350,17\u20ac (IVA incluido) a la empresa Bilbotruck S.L. a trav\u00e9s de la central de compras de la Associaci\u00f3 Catalana de Municipis, mediante el acuerdo marco de suministro de maquinaria t\u00e9cnica y elementos de transporte.<\/p>\n\n\n\n<p>La Junta de Gobierno ha aprobado esta compra porque, tal como se ha explicado desde las concejal\u00edas de Territorio y Alumbrado P\u00fablico, \u201cel personal de la brigada municipal realiza, entre otros, los trabajos de mantenimiento y mejora de la red de alumbrado p\u00fablico y de los edificios municipales. Para llevar a cabo estos trabajos, peri\u00f3dicamente alquila un cami\u00f3n cesta -que tambi\u00e9n se utiliza para colocar carteles- llevar a cabo trabajos de jardiner\u00eda en altura y para hacer el mantenimiento de las fachadas de los edificios municipales. Adem\u00e1s, el municipio cuenta con 1.827 puntos de alumbrado p\u00fablico y 22,8km lineales de red a\u00e9rea de alumbrado p\u00fablico\u201d.<\/p>\n\n\n\n<p>La alcaldesa de la Bisbal del Pened\u00e8s, Agn\u00e8s Ferr\u00e9, ha explicado que \u201cesta compra pretende incrementar la eficacia y la eficiencia del servicio de la brigada municipal, procurando unas condiciones de trabajo m\u00e1s adecuadas y conteniendo el gasto municipal, a la vez que se dar\u00e1 cumplimiento a la Ley de contratos del sector p\u00fablico\u201d.<\/p>\n\n\n\n<p>El Pleno de la Corporaci\u00f3n, en la sesi\u00f3n extraordinaria celebrada el 21 de octubre de 2019, acord\u00f3 la adhesi\u00f3n del Ayuntamiento de la Bisbal del Pened\u00e8s al sistema de adquisici\u00f3n centralizada de la Associaci\u00f3 Catalana de Municipis (ACM) y el Consorci Catal\u00e0 de Desenvolupament Local (CCDL), con tal de poder efectuar la adquisici\u00f3n de bienes y suministros y la contrataci\u00f3n de servicios a trav\u00e9s de su central de compras, con las condiciones y precios vigentes en los contratos suscritos con las empresas adjudicatarias.<\/p>\n","protected":false},"excerpt":{"rendered":"<p>La Junta de Govern ha aprovat, a petici\u00f3 de la Regidoria de Territori i Enllumenat P\u00fablic, la compra d\u2019un vehicle de menys de 3.500kg amb plataforma elevadora m\u00f2bil \u2013un cami\u00f3 &hellip; <a href=\"https:\/\/bisbalpenedes.com\/web\/2021\/10\/14\/saprova-la-compra-dun-camio-cistella-per-a-lajuntament-a-traves-de-la-central-de-compres-de-lacm-associacio-catalana-de-municipis\/\" class=\"more-link\">Read More<\/a><\/p>\n","protected":false},"author":4,"featured_media":19526,"comment_status":"closed","ping_status":"closed","sticky":false,"template":"","format":"standard","meta":[],"categories":[3085,8,3352,4659],"tags":[4835,686,393],"_links":{"self":[{"href":"https:\/\/bisbalpenedes.com\/web\/wp-json\/wp\/v2\/posts\/19525"}],"collection":[{"href":"https:\/\/bisbalpenedes.com\/web\/wp-json\/wp\/v2\/posts"}],"about":[{"href":"https:\/\/bisbalpenedes.com\/web\/wp-json\/wp\/v2\/types\/post"}],"author":[{"embeddable":true,"href":"https:\/\/bisbalpenedes.com\/web\/wp-json\/wp\/v2\/users\/4"}],"replies":[{"embeddable":true,"href":"https:\/\/bisbalpenedes.com\/web\/wp-json\/wp\/v2\/comments?post=19525"}],"version-history":[{"count":1,"href":"https:\/\/bisbalpenedes.com\/web\/wp-json\/wp\/v2\/posts\/19525\/revisions"}],"predecessor-version":[{"id":19527,"href":"https:\/\/bisbalpenedes.com\/web\/wp-json\/wp\/v2\/posts\/19525\/revisions\/19527"}],"wp:featuredmedia":[{"embeddable":true,"href":"https:\/\/bisbalpenedes.com\/web\/wp-json\/wp\/v2\/media\/19526"}],"wp:attachment":[{"href":"https:\/\/bisbalpenedes.com\/web\/wp-json\/wp\/v2\/media?parent=19525"}],"wp:term":[{"taxonomy":"category","embeddable":true,"href":"https:\/\/bisbalpenedes.com\/web\/wp-json\/wp\/v2\/categories?post=19525"},{"taxonomy":"post_tag","embeddable":true,"href":"https:\/\/bisbalpenedes.com\/web\/wp-json\/wp\/v2\/tags?post=19525"}],"curies":[{"name":"wp","href":"https:\/\/api.w.org\/{rel}","templated":true}]}}