{"id":19518,"date":"2021-10-14T13:37:20","date_gmt":"2021-10-14T11:37:20","guid":{"rendered":"https:\/\/bisbalpenedes.com\/web\/?p=19518"},"modified":"2021-10-15T11:59:43","modified_gmt":"2021-10-15T09:59:43","slug":"el-passat-diumenge-10-doctubre-senderistes-bisbalencs-van-fer-la-seva-tradicional-anada-a-sant-magi-de-la-brufaganya","status":"publish","type":"post","link":"https:\/\/bisbalpenedes.com\/web\/2021\/10\/14\/el-passat-diumenge-10-doctubre-senderistes-bisbalencs-van-fer-la-seva-tradicional-anada-a-sant-magi-de-la-brufaganya\/","title":{"rendered":"El passat diumenge 10 d&#8217;octubre Senderistes Bisbalencs van fer la seva tradicional anada a Sant Mag\u00ed de la Brufaganya"},"content":{"rendered":"\n<p>El passat diumenge 10 d\u2019octubre, l\u2019entitat Senderistes Bisbalencs va fer la seva tradicional anada a Sant Mag\u00ed de la Brufaganya. Es tracta de la 24\u00aa edici\u00f3 d\u2019aquesta sortida de 36km que commemora l\u2019excursi\u00f3 que van fer una colla de setze bisbalencs l\u2019any 1948 fins al santuari, situat a 760m d\u2019altitud, al terme municipal de Pontils (Conca de Barber\u00e0).<\/p>\n\n\n\n<p>Tot i que la pand\u00e8mia de COVID-19 va obligar a aturar bona part de l\u2019activitat i, en conseq\u00fc\u00e8ncia, durant dos anys no s\u2019ha pogut fer aquesta sortida, vint-i-cinc senderistes s\u2019han animat a fer-la enguany: vint han sortit des de la Bisbal del Pened\u00e8s i cinc s\u2019hi han afegit al Pla de Manlleu, on es feia una aturada per esmorzar. Segons ens ha explicat Joan Rovira, un dels membres de l\u2019entitat \u201cenguany ha estat una sortida molt especial perqu\u00e8 l\u2019hem dedicat a l\u2019Heribert Ventosa, un membre de l\u2019entitat que va contribuir a la recuperaci\u00f3 d\u2019aquesta sortida i que sempre ha estat molt actiu: quan no venia a caminar amb nosaltres, feia de cotxe escombra. Ens ha deixat recentment i li hem volgut retre homenatge fent un minut de silenci durant el recorregut\u201d.<\/p>\n\n\n\n<p>En acabar la sortida, el grup va dinar a Sant Mag\u00ed de la Brufaganya. La junta de l\u2019entitat vol agrair la tasca dels membres de l\u2019entitat que van preparar-ho tot perqu\u00e8 els excursionistes s\u2019ho trobessin tot preparat per poder dinar en arribar.&nbsp;&nbsp;<\/p>\n\n\n\n<p>Aquesta sortida recorre sis termes municipals: la Bisbal del Pened\u00e8s, el Montmell, Aiguam\u00farcia, Pontons, Querol i Pontils i forma part del vell cam\u00ed ramader Pened\u00e8s-Segarra. A la pla\u00e7a de l\u2019Era de Batre podeu trobar una indicador amb m\u00e9s informaci\u00f3 sobre la sortida i el recorregut.<\/p>\n\n\n\n<hr class=\"wp-block-separator\"\/>\n\n\n\n<p><strong>CASTELLANO |&nbsp;<\/strong>El pasado domingo 10 de octubre, la entidad Senderistes Bisbalencs hizo su tradicional excursi\u00f3n a Sant Mag\u00ed de la Brufaganya. Se trata de la 24\u00aa edici\u00f3n de esta salida de 36km que conmemora la excursi\u00f3n que hicieron un grupo de diecis\u00e9is bisbalenses en el a\u00f1o 1948 hasta el santuario, situado a 760m de altitud, en el t\u00e9rmino municipal de Pontils (Conca de Barber\u00e0).<\/p>\n\n\n\n<p>Aunque la pandemia de COVID-19 oblig\u00f3 a hacer un par\u00f3n de buena parte de la actividad y, en consecuencia, durante dos a\u00f1os no se ha podido realizar esta salida, veinticinco senderistas se han animado a llevarla a cabo este a\u00f1o: veinte han salido desde la Bisbal del Pened\u00e8s y cinco se han a\u00f1adido en el Pla de Manlleu, donde se hac\u00eda una parada para desayunar. Seg\u00fan nos ha explicado Joan Rovira, uno de los miembros de la entidad \u201ceste a\u00f1o ha sido una salida muy especial porque se la hemos dedicado a Heribert Ventosa, un miembro de la entidad que contribuy\u00f3 a la recuperaci\u00f3n de esta salida y que siempre ha estado muy activo: cuando no ven\u00eda a caminar con nosotros, hac\u00eda de coche escoba. Nos ha dejado recientemente y le hemos querido rendir homenaje haciendo un minuto de silencio durante el recorrido\u201d.<\/p>\n\n\n\n<p>Al finalizar la salida, el grupo comi\u00f3 en Sant Mag\u00ed de la Brufaganya. La junta de la entidad quiere agradecer el trabajo de los miembros de la entidad que lo prepararon todo para que los excursionistas se lo encontrasen todo preparado para poder comer al llegar.<\/p>\n\n\n\n<p>Esta salida recorre seis t\u00e9rminos municipales: la Bisbal del Pened\u00e8s, el Montmell, Aiguam\u00farcia, Pontons, Querol y Pontils y forma parte del viejo camino ganadero Pened\u00e8s Segarra. En la plaza de l\u2019Era de Batre pod\u00e9is encontrar un indicador con m\u00e1s informaci\u00f3n sobre la salida y el recorrido.<\/p>\n\n\n\n<figure class=\"wp-container-2 wp-block-gallery-1 wp-block-gallery columns-3 is-cropped\"><ul class=\"blocks-gallery-grid\"><li class=\"blocks-gallery-item\"><figure><img loading=\"lazy\" width=\"1024\" height=\"768\" src=\"https:\/\/bisbalpenedes.com\/web\/wp-content\/uploads\/2021\/10\/SANT-MAGI-BRUFA-1-1024x768.jpeg\" alt=\"\" data-id=\"19520\" data-full-url=\"https:\/\/bisbalpenedes.com\/web\/wp-content\/uploads\/2021\/10\/SANT-MAGI-BRUFA-1.jpeg\" data-link=\"https:\/\/bisbalpenedes.com\/web\/?attachment_id=19520\" class=\"wp-image-19520\" srcset=\"https:\/\/bisbalpenedes.com\/web\/wp-content\/uploads\/2021\/10\/SANT-MAGI-BRUFA-1-1024x768.jpeg 1024w, https:\/\/bisbalpenedes.com\/web\/wp-content\/uploads\/2021\/10\/SANT-MAGI-BRUFA-1-600x450.jpeg 600w, https:\/\/bisbalpenedes.com\/web\/wp-content\/uploads\/2021\/10\/SANT-MAGI-BRUFA-1-300x225.jpeg 300w, https:\/\/bisbalpenedes.com\/web\/wp-content\/uploads\/2021\/10\/SANT-MAGI-BRUFA-1-768x576.jpeg 768w, https:\/\/bisbalpenedes.com\/web\/wp-content\/uploads\/2021\/10\/SANT-MAGI-BRUFA-1-1536x1152.jpeg 1536w, https:\/\/bisbalpenedes.com\/web\/wp-content\/uploads\/2021\/10\/SANT-MAGI-BRUFA-1.jpeg 1600w\" sizes=\"(max-width: 1024px) 100vw, 1024px\" \/><\/figure><\/li><li class=\"blocks-gallery-item\"><figure><img loading=\"lazy\" width=\"1024\" height=\"768\" src=\"https:\/\/bisbalpenedes.com\/web\/wp-content\/uploads\/2021\/10\/SANT-MAGI-BRUFA-2-1024x768.jpeg\" alt=\"\" data-id=\"19521\" data-full-url=\"https:\/\/bisbalpenedes.com\/web\/wp-content\/uploads\/2021\/10\/SANT-MAGI-BRUFA-2.jpeg\" data-link=\"https:\/\/bisbalpenedes.com\/web\/?attachment_id=19521\" class=\"wp-image-19521\" srcset=\"https:\/\/bisbalpenedes.com\/web\/wp-content\/uploads\/2021\/10\/SANT-MAGI-BRUFA-2-1024x768.jpeg 1024w, https:\/\/bisbalpenedes.com\/web\/wp-content\/uploads\/2021\/10\/SANT-MAGI-BRUFA-2-600x450.jpeg 600w, https:\/\/bisbalpenedes.com\/web\/wp-content\/uploads\/2021\/10\/SANT-MAGI-BRUFA-2-300x225.jpeg 300w, https:\/\/bisbalpenedes.com\/web\/wp-content\/uploads\/2021\/10\/SANT-MAGI-BRUFA-2-768x576.jpeg 768w, https:\/\/bisbalpenedes.com\/web\/wp-content\/uploads\/2021\/10\/SANT-MAGI-BRUFA-2-1536x1152.jpeg 1536w, https:\/\/bisbalpenedes.com\/web\/wp-content\/uploads\/2021\/10\/SANT-MAGI-BRUFA-2.jpeg 1600w\" sizes=\"(max-width: 1024px) 100vw, 1024px\" \/><\/figure><\/li><li class=\"blocks-gallery-item\"><figure><img loading=\"lazy\" width=\"1024\" height=\"768\" src=\"https:\/\/bisbalpenedes.com\/web\/wp-content\/uploads\/2021\/10\/SANT-MAGI-BRUFA-3-1024x768.jpeg\" alt=\"\" data-id=\"19522\" data-full-url=\"https:\/\/bisbalpenedes.com\/web\/wp-content\/uploads\/2021\/10\/SANT-MAGI-BRUFA-3.jpeg\" data-link=\"https:\/\/bisbalpenedes.com\/web\/?attachment_id=19522\" class=\"wp-image-19522\" srcset=\"https:\/\/bisbalpenedes.com\/web\/wp-content\/uploads\/2021\/10\/SANT-MAGI-BRUFA-3-1024x768.jpeg 1024w, https:\/\/bisbalpenedes.com\/web\/wp-content\/uploads\/2021\/10\/SANT-MAGI-BRUFA-3-600x450.jpeg 600w, https:\/\/bisbalpenedes.com\/web\/wp-content\/uploads\/2021\/10\/SANT-MAGI-BRUFA-3-300x225.jpeg 300w, https:\/\/bisbalpenedes.com\/web\/wp-content\/uploads\/2021\/10\/SANT-MAGI-BRUFA-3-768x576.jpeg 768w, https:\/\/bisbalpenedes.com\/web\/wp-content\/uploads\/2021\/10\/SANT-MAGI-BRUFA-3-1536x1152.jpeg 1536w, https:\/\/bisbalpenedes.com\/web\/wp-content\/uploads\/2021\/10\/SANT-MAGI-BRUFA-3.jpeg 1600w\" sizes=\"(max-width: 1024px) 100vw, 1024px\" \/><\/figure><\/li><\/ul><\/figure>\n","protected":false},"excerpt":{"rendered":"<p>El passat diumenge 10 d\u2019octubre, l\u2019entitat Senderistes Bisbalencs va fer la seva tradicional anada a Sant Mag\u00ed de la Brufaganya. Es tracta de la 24\u00aa edici\u00f3 d\u2019aquesta sortida de 36km &hellip; <a href=\"https:\/\/bisbalpenedes.com\/web\/2021\/10\/14\/el-passat-diumenge-10-doctubre-senderistes-bisbalencs-van-fer-la-seva-tradicional-anada-a-sant-magi-de-la-brufaganya\/\" class=\"more-link\">Read More<\/a><\/p>\n","protected":false},"author":4,"featured_media":19519,"comment_status":"closed","ping_status":"closed","sticky":false,"template":"","format":"standard","meta":[],"categories":[20,8],"tags":[2491],"_links":{"self":[{"href":"https:\/\/bisbalpenedes.com\/web\/wp-json\/wp\/v2\/posts\/19518"}],"collection":[{"href":"https:\/\/bisbalpenedes.com\/web\/wp-json\/wp\/v2\/posts"}],"about":[{"href":"https:\/\/bisbalpenedes.com\/web\/wp-json\/wp\/v2\/types\/post"}],"author":[{"embeddable":true,"href":"https:\/\/bisbalpenedes.com\/web\/wp-json\/wp\/v2\/users\/4"}],"replies":[{"embeddable":true,"href":"https:\/\/bisbalpenedes.com\/web\/wp-json\/wp\/v2\/comments?post=19518"}],"version-history":[{"count":2,"href":"https:\/\/bisbalpenedes.com\/web\/wp-json\/wp\/v2\/posts\/19518\/revisions"}],"predecessor-version":[{"id":19561,"href":"https:\/\/bisbalpenedes.com\/web\/wp-json\/wp\/v2\/posts\/19518\/revisions\/19561"}],"wp:featuredmedia":[{"embeddable":true,"href":"https:\/\/bisbalpenedes.com\/web\/wp-json\/wp\/v2\/media\/19519"}],"wp:attachment":[{"href":"https:\/\/bisbalpenedes.com\/web\/wp-json\/wp\/v2\/media?parent=19518"}],"wp:term":[{"taxonomy":"category","embeddable":true,"href":"https:\/\/bisbalpenedes.com\/web\/wp-json\/wp\/v2\/categories?post=19518"},{"taxonomy":"post_tag","embeddable":true,"href":"https:\/\/bisbalpenedes.com\/web\/wp-json\/wp\/v2\/tags?post=19518"}],"curies":[{"name":"wp","href":"https:\/\/api.w.org\/{rel}","templated":true}]}}