{"id":19496,"date":"2021-10-13T10:34:55","date_gmt":"2021-10-13T08:34:55","guid":{"rendered":"https:\/\/bisbalpenedes.com\/web\/?p=19496"},"modified":"2021-10-13T10:34:55","modified_gmt":"2021-10-13T08:34:55","slug":"continua-la-tramitacio-per-a-ladjudicacio-de-les-obres-de-la-fase-1-del-poliesportiu-municipal","status":"publish","type":"post","link":"https:\/\/bisbalpenedes.com\/web\/2021\/10\/13\/continua-la-tramitacio-per-a-ladjudicacio-de-les-obres-de-la-fase-1-del-poliesportiu-municipal\/","title":{"rendered":"Continua la tramitaci\u00f3 per a l\u2019adjudicaci\u00f3 de les obres de la fase 1 del poliesportiu municipal"},"content":{"rendered":"\n<p>Continua la tramitaci\u00f3 per a l\u2019adjudicaci\u00f3 de les obres de la fase 1 del poliesportiu municipal. La Junta de Govern local ha aprovat requerir a l\u2019empresa classificada en tercer lloc en la licitaci\u00f3 de les obres de la primera fase del poliesportiu municipal que presenti la documentaci\u00f3 per a la seva adjudicaci\u00f3, despr\u00e9s de la ren\u00fancia de les empreses classificades en primer i en segon lloc a la licitaci\u00f3 d\u2019aquestes obres.<\/p>\n\n\n\n<p>Aquesta proposta era compet\u00e8ncia del Ple, per\u00f2 est\u00e0 delegada a favor de la Junta de Govern local mitjan\u00e7ant l\u2019acord plenari del 4 de juliol de 2019. Les sessions de la Junta de Govern Local no s\u00f3n p\u00fabliques, per\u00f2 quan s\u2019actua amb compet\u00e8ncies delegades del Ple, la sessi\u00f3 se sotmet als mateixos requisits de publicitat que les sessions del Ple, que s\u00ed que s\u00f3n p\u00fabliques. Aix\u00ed ho va declarar la STS 161\/2013, de 26 de setembre. Tenint en compte les mesures preses per evitar la propagaci\u00f3 de la COVID-19, aquest punt de l\u2019ordre del dia de la Junta de Govern Local no s\u2019ha votat amb p\u00fablic, sin\u00f3 que s\u2019ha gravat en v\u00eddeo i ara el publiquem per poder garantir aix\u00ed la seva publicitat. Per tot plegat, els regidors i regidores de l\u2019oposici\u00f3 \u2013que no formen part de la Junta de Govern local- van rebre la informaci\u00f3 sobre la proposta a la seva b\u00fastia de correu electr\u00f2nic.<\/p>\n\n\n\n<figure class=\"wp-block-embed is-type-video is-provider-youtube wp-block-embed-youtube wp-embed-aspect-16-9 wp-has-aspect-ratio\"><div class=\"wp-block-embed__wrapper\">\n<iframe loading=\"lazy\" title=\"Continua la tramitaci\u00f3 per a l\u2019adjudicaci\u00f3 de les obres de la fase 1 del poliesportiu municipal\" width=\"1170\" height=\"658\" src=\"https:\/\/www.youtube.com\/embed\/bj2S_zOCFyY?feature=oembed\" frameborder=\"0\" allow=\"accelerometer; autoplay; clipboard-write; encrypted-media; gyroscope; picture-in-picture\" allowfullscreen><\/iframe>\n<\/div><\/figure>\n\n\n\n<hr class=\"wp-block-separator\"\/>\n\n\n\n<p>Contin\u00faa la tramitaci\u00f3n para la adjudicaci\u00f3n de las obras de la fase 1 del polideportivo municipal. La Junta de Gobierno local ha aprobado requerir a la empresa clasificada en tercer lugar en la licitaci\u00f3n de las obras de la primera fase del polideportivo municipal que presente la documentaci\u00f3n para su adjudicaci\u00f3n, despu\u00e9s de la renuncia de las empresas clasificadas en primer y en segundo lugar en la licitaci\u00f3n de dichas obras.<\/p>\n\n\n\n<p>Esta propuesta era competencia del Pleno, pero est\u00e1 delegada a favor de la Junta de Gobierno Local no son p\u00fablicas, pero cuando se act\u00faa con competencias delegadas del Pleno, la sesi\u00f3n se somete a los mismos requisitos de publicidad que las sesiones del Pleno, que s\u00ed que son p\u00fablicas. As\u00ed lo declar\u00f3 la STS 161\/2013, de 26 de septiembre. Teniendo en cuenta las medidas tomadas para evitar la propagaci\u00f3n de la COVID-19, este punto del orden del d\u00eda de la Junta de Gobierno Local no se ha votado con p\u00fablico, sino que se ha grabado en v\u00eddeo y ahora lo publicamos para poder garantizar as\u00ed su publicidad. Por todo ello, los concejales y concejalas de la oposici\u00f3n -que no forman parte de la Junta de Gobierno local- recibieron la informaci\u00f3n sobre la propuesta en su buz\u00f3n de correo electr\u00f3nico.<\/p>\n\n\n\n<figure class=\"wp-block-embed is-type-video is-provider-youtube wp-block-embed-youtube wp-embed-aspect-16-9 wp-has-aspect-ratio\"><div class=\"wp-block-embed__wrapper\">\n<iframe loading=\"lazy\" title=\"Continua la tramitaci\u00f3 per a l\u2019adjudicaci\u00f3 de les obres de la fase 1 del poliesportiu municipal\" width=\"1170\" height=\"658\" src=\"https:\/\/www.youtube.com\/embed\/bj2S_zOCFyY?feature=oembed\" frameborder=\"0\" allow=\"accelerometer; autoplay; clipboard-write; encrypted-media; gyroscope; picture-in-picture\" allowfullscreen><\/iframe>\n<\/div><\/figure>\n","protected":false},"excerpt":{"rendered":"<p>Continua la tramitaci\u00f3 per a l\u2019adjudicaci\u00f3 de les obres de la fase 1 del poliesportiu municipal. La Junta de Govern local ha aprovat requerir a l\u2019empresa classificada en tercer lloc &hellip; <a href=\"https:\/\/bisbalpenedes.com\/web\/2021\/10\/13\/continua-la-tramitacio-per-a-ladjudicacio-de-les-obres-de-la-fase-1-del-poliesportiu-municipal\/\" class=\"more-link\">Read More<\/a><\/p>\n","protected":false},"author":4,"featured_media":15942,"comment_status":"closed","ping_status":"closed","sticky":false,"template":"","format":"standard","meta":[],"categories":[19,8,15],"tags":[3459,393,4444,483],"_links":{"self":[{"href":"https:\/\/bisbalpenedes.com\/web\/wp-json\/wp\/v2\/posts\/19496"}],"collection":[{"href":"https:\/\/bisbalpenedes.com\/web\/wp-json\/wp\/v2\/posts"}],"about":[{"href":"https:\/\/bisbalpenedes.com\/web\/wp-json\/wp\/v2\/types\/post"}],"author":[{"embeddable":true,"href":"https:\/\/bisbalpenedes.com\/web\/wp-json\/wp\/v2\/users\/4"}],"replies":[{"embeddable":true,"href":"https:\/\/bisbalpenedes.com\/web\/wp-json\/wp\/v2\/comments?post=19496"}],"version-history":[{"count":1,"href":"https:\/\/bisbalpenedes.com\/web\/wp-json\/wp\/v2\/posts\/19496\/revisions"}],"predecessor-version":[{"id":19497,"href":"https:\/\/bisbalpenedes.com\/web\/wp-json\/wp\/v2\/posts\/19496\/revisions\/19497"}],"wp:featuredmedia":[{"embeddable":true,"href":"https:\/\/bisbalpenedes.com\/web\/wp-json\/wp\/v2\/media\/15942"}],"wp:attachment":[{"href":"https:\/\/bisbalpenedes.com\/web\/wp-json\/wp\/v2\/media?parent=19496"}],"wp:term":[{"taxonomy":"category","embeddable":true,"href":"https:\/\/bisbalpenedes.com\/web\/wp-json\/wp\/v2\/categories?post=19496"},{"taxonomy":"post_tag","embeddable":true,"href":"https:\/\/bisbalpenedes.com\/web\/wp-json\/wp\/v2\/tags?post=19496"}],"curies":[{"name":"wp","href":"https:\/\/api.w.org\/{rel}","templated":true}]}}