{"id":19461,"date":"2021-10-08T12:22:36","date_gmt":"2021-10-08T10:22:36","guid":{"rendered":"https:\/\/bisbalpenedes.com\/web\/?p=19461"},"modified":"2021-10-08T12:31:48","modified_gmt":"2021-10-08T10:31:48","slug":"avui-divendres-8-doctubre-han-entrat-en-vigor-noves-mesures-per-la-covid-19","status":"publish","type":"post","link":"https:\/\/bisbalpenedes.com\/web\/2021\/10\/08\/avui-divendres-8-doctubre-han-entrat-en-vigor-noves-mesures-per-la-covid-19\/","title":{"rendered":"Avui divendres 8 d&#8217;octubre han entrat en vigor noves mesures per la COVID-19"},"content":{"rendered":"\n<p>Avui divendres 8 d&#8217;octubre han entrat en vigor noves mesures per la COVID-19. Per a m\u00e9s informaci\u00f3 podeu accedir a: <a rel=\"noreferrer noopener\" href=\"http:\/\/ow.ly\/7jRp30rWkVv\" target=\"_blank\">http:\/\/ow.ly\/7jRp30rWkVv<\/a><\/p>\n\n\n\n<hr class=\"wp-block-separator\"\/>\n\n\n\n<p>Hoy viernes 8 de octubre han entrado en vigor nuevas medidas por la COVID-19.Para m\u00e1s informaci\u00f3n pod\u00e9is acceder a: <a rel=\"noreferrer noopener\" href=\"http:\/\/ow.ly\/7jRp30rWkVv\" target=\"_blank\">http:\/\/ow.ly\/7jRp30rWkVv<\/a><\/p>\n\n\n\n<figure class=\"wp-block-image size-large\"><img loading=\"lazy\" width=\"724\" height=\"1024\" src=\"https:\/\/bisbalpenedes.com\/web\/wp-content\/uploads\/2021\/10\/MESURES-8-OCT-1-724x1024.png\" alt=\"\" class=\"wp-image-19464\" srcset=\"https:\/\/bisbalpenedes.com\/web\/wp-content\/uploads\/2021\/10\/MESURES-8-OCT-1-724x1024.png 724w, https:\/\/bisbalpenedes.com\/web\/wp-content\/uploads\/2021\/10\/MESURES-8-OCT-1-600x849.png 600w, https:\/\/bisbalpenedes.com\/web\/wp-content\/uploads\/2021\/10\/MESURES-8-OCT-1-212x300.png 212w, https:\/\/bisbalpenedes.com\/web\/wp-content\/uploads\/2021\/10\/MESURES-8-OCT-1-768x1086.png 768w, https:\/\/bisbalpenedes.com\/web\/wp-content\/uploads\/2021\/10\/MESURES-8-OCT-1-1086x1536.png 1086w, https:\/\/bisbalpenedes.com\/web\/wp-content\/uploads\/2021\/10\/MESURES-8-OCT-1.png 1414w\" sizes=\"(max-width: 724px) 100vw, 724px\" \/><\/figure>\n\n\n\n<figure class=\"wp-block-image size-large\"><img loading=\"lazy\" width=\"724\" height=\"1024\" src=\"https:\/\/bisbalpenedes.com\/web\/wp-content\/uploads\/2021\/10\/MESURES-8-OCT-2-724x1024.png\" alt=\"\" class=\"wp-image-19465\" srcset=\"https:\/\/bisbalpenedes.com\/web\/wp-content\/uploads\/2021\/10\/MESURES-8-OCT-2-724x1024.png 724w, https:\/\/bisbalpenedes.com\/web\/wp-content\/uploads\/2021\/10\/MESURES-8-OCT-2-600x849.png 600w, https:\/\/bisbalpenedes.com\/web\/wp-content\/uploads\/2021\/10\/MESURES-8-OCT-2-212x300.png 212w, https:\/\/bisbalpenedes.com\/web\/wp-content\/uploads\/2021\/10\/MESURES-8-OCT-2-768x1086.png 768w, https:\/\/bisbalpenedes.com\/web\/wp-content\/uploads\/2021\/10\/MESURES-8-OCT-2-1086x1536.png 1086w, https:\/\/bisbalpenedes.com\/web\/wp-content\/uploads\/2021\/10\/MESURES-8-OCT-2.png 1414w\" sizes=\"(max-width: 724px) 100vw, 724px\" \/><\/figure>\n\n\n\n<figure class=\"wp-block-image size-large\"><img loading=\"lazy\" width=\"724\" height=\"1024\" src=\"https:\/\/bisbalpenedes.com\/web\/wp-content\/uploads\/2021\/10\/MESURES-8-OCT-3-724x1024.png\" alt=\"\" class=\"wp-image-19466\" srcset=\"https:\/\/bisbalpenedes.com\/web\/wp-content\/uploads\/2021\/10\/MESURES-8-OCT-3-724x1024.png 724w, https:\/\/bisbalpenedes.com\/web\/wp-content\/uploads\/2021\/10\/MESURES-8-OCT-3-600x849.png 600w, https:\/\/bisbalpenedes.com\/web\/wp-content\/uploads\/2021\/10\/MESURES-8-OCT-3-212x300.png 212w, https:\/\/bisbalpenedes.com\/web\/wp-content\/uploads\/2021\/10\/MESURES-8-OCT-3-768x1086.png 768w, https:\/\/bisbalpenedes.com\/web\/wp-content\/uploads\/2021\/10\/MESURES-8-OCT-3-1086x1536.png 1086w, https:\/\/bisbalpenedes.com\/web\/wp-content\/uploads\/2021\/10\/MESURES-8-OCT-3.png 1414w\" sizes=\"(max-width: 724px) 100vw, 724px\" \/><\/figure>\n","protected":false},"excerpt":{"rendered":"<p>Avui divendres 8 d&#8217;octubre han entrat en vigor noves mesures per la COVID-19. Per a m\u00e9s informaci\u00f3 podeu accedir a: http:\/\/ow.ly\/7jRp30rWkVv Hoy viernes 8 de octubre han entrado en vigor &hellip; <a href=\"https:\/\/bisbalpenedes.com\/web\/2021\/10\/08\/avui-divendres-8-doctubre-han-entrat-en-vigor-noves-mesures-per-la-covid-19\/\" class=\"more-link\">Read More<\/a><\/p>\n","protected":false},"author":4,"featured_media":19463,"comment_status":"closed","ping_status":"closed","sticky":false,"template":"","format":"standard","meta":[],"categories":[3636,8,14],"tags":[3559,145,28],"_links":{"self":[{"href":"https:\/\/bisbalpenedes.com\/web\/wp-json\/wp\/v2\/posts\/19461"}],"collection":[{"href":"https:\/\/bisbalpenedes.com\/web\/wp-json\/wp\/v2\/posts"}],"about":[{"href":"https:\/\/bisbalpenedes.com\/web\/wp-json\/wp\/v2\/types\/post"}],"author":[{"embeddable":true,"href":"https:\/\/bisbalpenedes.com\/web\/wp-json\/wp\/v2\/users\/4"}],"replies":[{"embeddable":true,"href":"https:\/\/bisbalpenedes.com\/web\/wp-json\/wp\/v2\/comments?post=19461"}],"version-history":[{"count":1,"href":"https:\/\/bisbalpenedes.com\/web\/wp-json\/wp\/v2\/posts\/19461\/revisions"}],"predecessor-version":[{"id":19467,"href":"https:\/\/bisbalpenedes.com\/web\/wp-json\/wp\/v2\/posts\/19461\/revisions\/19467"}],"wp:featuredmedia":[{"embeddable":true,"href":"https:\/\/bisbalpenedes.com\/web\/wp-json\/wp\/v2\/media\/19463"}],"wp:attachment":[{"href":"https:\/\/bisbalpenedes.com\/web\/wp-json\/wp\/v2\/media?parent=19461"}],"wp:term":[{"taxonomy":"category","embeddable":true,"href":"https:\/\/bisbalpenedes.com\/web\/wp-json\/wp\/v2\/categories?post=19461"},{"taxonomy":"post_tag","embeddable":true,"href":"https:\/\/bisbalpenedes.com\/web\/wp-json\/wp\/v2\/tags?post=19461"}],"curies":[{"name":"wp","href":"https:\/\/api.w.org\/{rel}","templated":true}]}}