{"id":19456,"date":"2021-10-07T20:33:44","date_gmt":"2021-10-07T18:33:44","guid":{"rendered":"https:\/\/bisbalpenedes.com\/web\/?p=19456"},"modified":"2021-10-07T20:33:44","modified_gmt":"2021-10-07T18:33:44","slug":"lajuntament-se-suma-al-comunicat-conjunt-de-lacm-micropobles-i-lami-sobre-les-tarifes-electriques-i-us-animem-a-participar-en-lapagada-multitudinaria-daquest-divendres","status":"publish","type":"post","link":"https:\/\/bisbalpenedes.com\/web\/2021\/10\/07\/lajuntament-se-suma-al-comunicat-conjunt-de-lacm-micropobles-i-lami-sobre-les-tarifes-electriques-i-us-animem-a-participar-en-lapagada-multitudinaria-daquest-divendres\/","title":{"rendered":"L&#8217;Ajuntament se suma al comunicat conjunt de l&#8217;ACM, Micropobles i l&#8217;AMI sobre les tarifes el\u00e8ctriques i us animem a participar en l&#8217;apagada multitudin\u00e0ria d&#8217;aquest divendres"},"content":{"rendered":"\n<p>L\u2019Ajuntament de la Bisbal del Pened\u00e8s se suma al comunicat conjunt de l\u2019ACM, Micropobles i l\u2019AMI sobre les tarifes el\u00e8ctriques i encoratja els ve\u00efns de la Bisbal a participar en l\u2019apagada multitudin\u00e0ria del divendres 8 d\u2019octubre de 22:00h a 22:30h.<\/p>\n\n\n\n<p>Adjuntem el comunicat a aquesta publicaci\u00f3.<\/p>\n\n\n\n<hr class=\"wp-block-separator\"\/>\n\n\n\n<p>El Ayuntamiento de la Bisbal del Pened\u00e8s se suma al comunicado conjunto de la ACM, Micropobles y la AMI sobre las tarifas el\u00e9ctricas y anima a los vecinos de la Bisbal a participar en el apag\u00f3n multitudinario del viernes 8 de octubre de 22:00h a 22:30h.<\/p>\n\n\n\n<p>Adjuntamos el comunicado a esta publicaci\u00f3n.<\/p>\n\n\n\n<figure class=\"wp-block-image size-large\"><img loading=\"lazy\" width=\"724\" height=\"1024\" src=\"https:\/\/bisbalpenedes.com\/web\/wp-content\/uploads\/2021\/10\/Comunicat-ACM-AMI-AMC-tarifes-electriques_page-0001-724x1024.jpeg\" alt=\"\" class=\"wp-image-19457\" srcset=\"https:\/\/bisbalpenedes.com\/web\/wp-content\/uploads\/2021\/10\/Comunicat-ACM-AMI-AMC-tarifes-electriques_page-0001-724x1024.jpeg 724w, https:\/\/bisbalpenedes.com\/web\/wp-content\/uploads\/2021\/10\/Comunicat-ACM-AMI-AMC-tarifes-electriques_page-0001-600x849.jpeg 600w, https:\/\/bisbalpenedes.com\/web\/wp-content\/uploads\/2021\/10\/Comunicat-ACM-AMI-AMC-tarifes-electriques_page-0001-212x300.jpeg 212w, https:\/\/bisbalpenedes.com\/web\/wp-content\/uploads\/2021\/10\/Comunicat-ACM-AMI-AMC-tarifes-electriques_page-0001-768x1087.jpeg 768w, https:\/\/bisbalpenedes.com\/web\/wp-content\/uploads\/2021\/10\/Comunicat-ACM-AMI-AMC-tarifes-electriques_page-0001-1085x1536.jpeg 1085w, https:\/\/bisbalpenedes.com\/web\/wp-content\/uploads\/2021\/10\/Comunicat-ACM-AMI-AMC-tarifes-electriques_page-0001.jpeg 1240w\" sizes=\"(max-width: 724px) 100vw, 724px\" \/><\/figure>\n","protected":false},"excerpt":{"rendered":"<p>L\u2019Ajuntament de la Bisbal del Pened\u00e8s se suma al comunicat conjunt de l\u2019ACM, Micropobles i l\u2019AMI sobre les tarifes el\u00e8ctriques i encoratja els ve\u00efns de la Bisbal a participar en &hellip; <a href=\"https:\/\/bisbalpenedes.com\/web\/2021\/10\/07\/lajuntament-se-suma-al-comunicat-conjunt-de-lacm-micropobles-i-lami-sobre-les-tarifes-electriques-i-us-animem-a-participar-en-lapagada-multitudinaria-daquest-divendres\/\" class=\"more-link\">Read More<\/a><\/p>\n","protected":false},"author":4,"featured_media":19458,"comment_status":"closed","ping_status":"closed","sticky":false,"template":"","format":"standard","meta":[],"categories":[8],"tags":[4829,4830,4828,442,766],"_links":{"self":[{"href":"https:\/\/bisbalpenedes.com\/web\/wp-json\/wp\/v2\/posts\/19456"}],"collection":[{"href":"https:\/\/bisbalpenedes.com\/web\/wp-json\/wp\/v2\/posts"}],"about":[{"href":"https:\/\/bisbalpenedes.com\/web\/wp-json\/wp\/v2\/types\/post"}],"author":[{"embeddable":true,"href":"https:\/\/bisbalpenedes.com\/web\/wp-json\/wp\/v2\/users\/4"}],"replies":[{"embeddable":true,"href":"https:\/\/bisbalpenedes.com\/web\/wp-json\/wp\/v2\/comments?post=19456"}],"version-history":[{"count":2,"href":"https:\/\/bisbalpenedes.com\/web\/wp-json\/wp\/v2\/posts\/19456\/revisions"}],"predecessor-version":[{"id":19460,"href":"https:\/\/bisbalpenedes.com\/web\/wp-json\/wp\/v2\/posts\/19456\/revisions\/19460"}],"wp:featuredmedia":[{"embeddable":true,"href":"https:\/\/bisbalpenedes.com\/web\/wp-json\/wp\/v2\/media\/19458"}],"wp:attachment":[{"href":"https:\/\/bisbalpenedes.com\/web\/wp-json\/wp\/v2\/media?parent=19456"}],"wp:term":[{"taxonomy":"category","embeddable":true,"href":"https:\/\/bisbalpenedes.com\/web\/wp-json\/wp\/v2\/categories?post=19456"},{"taxonomy":"post_tag","embeddable":true,"href":"https:\/\/bisbalpenedes.com\/web\/wp-json\/wp\/v2\/tags?post=19456"}],"curies":[{"name":"wp","href":"https:\/\/api.w.org\/{rel}","templated":true}]}}