{"id":19453,"date":"2021-10-07T11:01:43","date_gmt":"2021-10-07T09:01:43","guid":{"rendered":"https:\/\/bisbalpenedes.com\/web\/?p=19453"},"modified":"2021-10-07T11:01:43","modified_gmt":"2021-10-07T09:01:43","slug":"la-borsa-laboral-de-personal-de-neteja-ha-quedat-constituida-aquest-dilluns-4-doctubre","status":"publish","type":"post","link":"https:\/\/bisbalpenedes.com\/web\/2021\/10\/07\/la-borsa-laboral-de-personal-de-neteja-ha-quedat-constituida-aquest-dilluns-4-doctubre\/","title":{"rendered":"La borsa laboral de personal de neteja ha quedat constitu\u00efda aquest dilluns 4 d\u2019octubre"},"content":{"rendered":"\n<p>Aquest dilluns 4 d\u2019octubre l\u2019alcaldessa de la Bisbal del Pened\u00e8s, Agn\u00e8s Ferr\u00e9, ha signat el Decret de constituci\u00f3 de la borsa de personal de neteja en r\u00e8gim laboral, formada per deu persones.<\/p>\n\n\n\n<p>El dilluns 4 d\u2019octubre es van realitzar les entrevistes amb les persones aspirants a formar part de la borsa de treball del personal de neteja. Despr\u00e9s de les entrevistes, el tribunal qualificador del proc\u00e9s de selecci\u00f3 va valorar els m\u00e8rits de les persones aspirants i, posteriorment, l\u2019alcaldessa Agn\u00e8s Ferr\u00e9 va signar el Decret de constituci\u00f3 de la borsa. Ara ja s\u2019ha comen\u00e7at a tramitar la contractaci\u00f3 de dues netejadores per substituir dues treballadores que es troben de baixa en l\u2019actualitat.<\/p>\n\n\n\n<p>Enlla\u00e7 al Decret d\u2019alcaldia publicat al portal de transpar\u00e8ncia: <a href=\"https:\/\/bisbalpenedes.eadministracio.cat\/transparency\/7a31bd10-94c9-43c8-87b2-c48ca806d2cc\/\">https:\/\/bisbalpenedes.eadministracio.cat\/transparency\/7a31bd10-94c9-43c8-87b2-c48ca806d2cc\/<\/a><strong><\/strong><\/p>\n\n\n\n<hr class=\"wp-block-separator\"\/>\n\n\n\n<p>Este lunes 4 de octubre la alcaldesa de la Bisbal del Pened\u00e8s, Agn\u00e8s Ferr\u00e9, ha firmado el Decreto de constituci\u00f3n de la bolsa de personal de limpieza en r\u00e9gimen laboral, formada por diez personas.<\/p>\n\n\n\n<p>El lunes 4 de octubre se realizaron las entrevistas con las personas aspirantes a formar parte de la bolsa de trabajo del personal de limpieza. Despu\u00e9s de las entrevistas, el tribunal calificador del proceso de selecci\u00f3n valor\u00f3 los m\u00e9ritos de las personas aspirantes y, posteriormente, la alcaldesa Agn\u00e8s Ferr\u00e9 firm\u00f3 el Decreto de constituci\u00f3n de la bolsa. Ahora ya se ha empezado a tramitar la contrataci\u00f3n de dos limpiadoras para substituir a dos trabajadoras que est\u00e1n de baja en la actualidad.<\/p>\n\n\n\n<p>Enlace al Decreto de alcald\u00eda publicado en el portal de transparencia: <a href=\"https:\/\/bisbalpenedes.eadministracio.cat\/transparency\/7a31bd10-94c9-43c8-87b2-c48ca806d2cc\/\">https:\/\/bisbalpenedes.eadministracio.cat\/transparency\/7a31bd10-94c9-43c8-87b2-c48ca806d2cc\/<\/a><\/p>\n","protected":false},"excerpt":{"rendered":"<p>Aquest dilluns 4 d\u2019octubre l\u2019alcaldessa de la Bisbal del Pened\u00e8s, Agn\u00e8s Ferr\u00e9, ha signat el Decret de constituci\u00f3 de la borsa de personal de neteja en r\u00e8gim laboral, formada per &hellip; <a href=\"https:\/\/bisbalpenedes.com\/web\/2021\/10\/07\/la-borsa-laboral-de-personal-de-neteja-ha-quedat-constituida-aquest-dilluns-4-doctubre\/\" class=\"more-link\">Read More<\/a><\/p>\n","protected":false},"author":4,"featured_media":19454,"comment_status":"closed","ping_status":"closed","sticky":false,"template":"","format":"standard","meta":[],"categories":[2057,8],"tags":[1252,4826,4827,393,2229],"_links":{"self":[{"href":"https:\/\/bisbalpenedes.com\/web\/wp-json\/wp\/v2\/posts\/19453"}],"collection":[{"href":"https:\/\/bisbalpenedes.com\/web\/wp-json\/wp\/v2\/posts"}],"about":[{"href":"https:\/\/bisbalpenedes.com\/web\/wp-json\/wp\/v2\/types\/post"}],"author":[{"embeddable":true,"href":"https:\/\/bisbalpenedes.com\/web\/wp-json\/wp\/v2\/users\/4"}],"replies":[{"embeddable":true,"href":"https:\/\/bisbalpenedes.com\/web\/wp-json\/wp\/v2\/comments?post=19453"}],"version-history":[{"count":1,"href":"https:\/\/bisbalpenedes.com\/web\/wp-json\/wp\/v2\/posts\/19453\/revisions"}],"predecessor-version":[{"id":19455,"href":"https:\/\/bisbalpenedes.com\/web\/wp-json\/wp\/v2\/posts\/19453\/revisions\/19455"}],"wp:featuredmedia":[{"embeddable":true,"href":"https:\/\/bisbalpenedes.com\/web\/wp-json\/wp\/v2\/media\/19454"}],"wp:attachment":[{"href":"https:\/\/bisbalpenedes.com\/web\/wp-json\/wp\/v2\/media?parent=19453"}],"wp:term":[{"taxonomy":"category","embeddable":true,"href":"https:\/\/bisbalpenedes.com\/web\/wp-json\/wp\/v2\/categories?post=19453"},{"taxonomy":"post_tag","embeddable":true,"href":"https:\/\/bisbalpenedes.com\/web\/wp-json\/wp\/v2\/tags?post=19453"}],"curies":[{"name":"wp","href":"https:\/\/api.w.org\/{rel}","templated":true}]}}