{"id":19449,"date":"2021-10-05T10:44:23","date_gmt":"2021-10-05T08:44:23","guid":{"rendered":"https:\/\/bisbalpenedes.com\/web\/?p=19449"},"modified":"2021-10-05T10:44:23","modified_gmt":"2021-10-05T08:44:23","slug":"no-us-perdeu-la-xerrada-els-simbols-secrets-de-gaudi-la-farem-el-dissabte-9-doctubre-a-les-19h","status":"publish","type":"post","link":"https:\/\/bisbalpenedes.com\/web\/2021\/10\/05\/no-us-perdeu-la-xerrada-els-simbols-secrets-de-gaudi-la-farem-el-dissabte-9-doctubre-a-les-19h\/","title":{"rendered":"No us perdeu la xerrada &#8220;Els s\u00edmbols secrets de Gaud\u00ed&#8221; &#8211; La farem el dissabte 9 d&#8217;octubre a les 19h"},"content":{"rendered":"\n<p>El proper dissabte 9 d&#8217;octubre la historiadora de l&#8217;art Anna Pou Van den Bossche ens oferir\u00e0 una interessant xerrada sobre &#8220;Els S\u00edmbols Secrets de Gaud\u00ed&#8221; a la <a href=\"https:\/\/www.facebook.com\/BibliotecaBisbal\/?__cft__[0]=AZVRTflGzm7vcq7O2HQP6PGDLqglksffXsQyqyerw7GrfKIX6RS1rHI1t_YxcMsHdtMZD7_fD7V1a2mnEQesKejQuLvbExYNN8jhARLjQrZ4HgIPZtpVtj0km2ETs3lXD-ZIbtTZF_4SgX6EhDpmGqS5yU54GprAEahplUg3GnXbbsGs9IIiMPTi110jWn6aB-Y&amp;__tn__=kK-R\">Biblioteca p\u00fablica de la Bisbal del Pened\u00e8s<\/a>. Places limitades! Inscripcions a la Biblioteca: de forma presencial, enviant un correu electr\u00f2nic a biblioteca@bisbalpenedes.com o per Whtasapp o trucada al 601 900 588.  <\/p>\n\n\n\n<hr class=\"wp-block-separator\"\/>\n\n\n\n<p>El pr\u00f3ximo s\u00e1bado 9 de octubre la historiadora del arte Anna Pou Van den Bossche nos ofrecer\u00e1 una interesante charla sobre &#8220;Los S\u00edmbolos Secretos de Gaud\u00ed&#8221; en la Biblioteca p\u00fablica de la Bisbal del Pened\u00e8s. \u00a1Plazas limitadas!<\/p>\n\n\n\n<p>Inscripciones en la Biblioteca: de forma presencial, mandando un correo electr\u00f3nico a biblioteca@bisbalpenedes.com o por Whtasapp o llamada al 601 900 588.<\/p>\n","protected":false},"excerpt":{"rendered":"<p>El proper dissabte 9 d&#8217;octubre la historiadora de l&#8217;art Anna Pou Van den Bossche ens oferir\u00e0 una interessant xerrada sobre &#8220;Els S\u00edmbols Secrets de Gaud\u00ed&#8221; a la Biblioteca p\u00fablica de &hellip; <a href=\"https:\/\/bisbalpenedes.com\/web\/2021\/10\/05\/no-us-perdeu-la-xerrada-els-simbols-secrets-de-gaudi-la-farem-el-dissabte-9-doctubre-a-les-19h\/\" class=\"more-link\">Read More<\/a><\/p>\n","protected":false},"author":4,"featured_media":19425,"comment_status":"closed","ping_status":"closed","sticky":false,"template":"","format":"standard","meta":[],"categories":[2942,2478,13,8],"tags":[4514,4825,4824,225,752,393,45],"_links":{"self":[{"href":"https:\/\/bisbalpenedes.com\/web\/wp-json\/wp\/v2\/posts\/19449"}],"collection":[{"href":"https:\/\/bisbalpenedes.com\/web\/wp-json\/wp\/v2\/posts"}],"about":[{"href":"https:\/\/bisbalpenedes.com\/web\/wp-json\/wp\/v2\/types\/post"}],"author":[{"embeddable":true,"href":"https:\/\/bisbalpenedes.com\/web\/wp-json\/wp\/v2\/users\/4"}],"replies":[{"embeddable":true,"href":"https:\/\/bisbalpenedes.com\/web\/wp-json\/wp\/v2\/comments?post=19449"}],"version-history":[{"count":1,"href":"https:\/\/bisbalpenedes.com\/web\/wp-json\/wp\/v2\/posts\/19449\/revisions"}],"predecessor-version":[{"id":19450,"href":"https:\/\/bisbalpenedes.com\/web\/wp-json\/wp\/v2\/posts\/19449\/revisions\/19450"}],"wp:featuredmedia":[{"embeddable":true,"href":"https:\/\/bisbalpenedes.com\/web\/wp-json\/wp\/v2\/media\/19425"}],"wp:attachment":[{"href":"https:\/\/bisbalpenedes.com\/web\/wp-json\/wp\/v2\/media?parent=19449"}],"wp:term":[{"taxonomy":"category","embeddable":true,"href":"https:\/\/bisbalpenedes.com\/web\/wp-json\/wp\/v2\/categories?post=19449"},{"taxonomy":"post_tag","embeddable":true,"href":"https:\/\/bisbalpenedes.com\/web\/wp-json\/wp\/v2\/tags?post=19449"}],"curies":[{"name":"wp","href":"https:\/\/api.w.org\/{rel}","templated":true}]}}