{"id":19442,"date":"2021-10-05T10:17:17","date_gmt":"2021-10-05T08:17:17","guid":{"rendered":"https:\/\/bisbalpenedes.com\/web\/?p=19442"},"modified":"2021-10-05T10:41:57","modified_gmt":"2021-10-05T08:41:57","slug":"aqust-dilluns-ha-comencat-el-curs-gratuit-de-coaching-laboral-i-logistica","status":"publish","type":"post","link":"https:\/\/bisbalpenedes.com\/web\/2021\/10\/05\/aqust-dilluns-ha-comencat-el-curs-gratuit-de-coaching-laboral-i-logistica\/","title":{"rendered":"Aquest dilluns ha comen\u00e7at el curs gratu\u00eft de coaching laboral i log\u00edstica"},"content":{"rendered":"\n<p>Aquest dilluns 4 d\u2019octubre ha comen\u00e7at el curs gratu\u00eft de <em>coaching<\/em> laboral i log\u00edstica organitzat pel Servei d\u2019Ocupaci\u00f3 Municipal de la Bisbal del Pened\u00e8s (SOM Bisbal), la Cooperativa Actua i Incorpora (Fundaci\u00f3 La Caixa). Es tracta d\u2019una formaci\u00f3 feta a mida per a una empresa del territori que ofereix als assistents la possibilitat de fer pr\u00e0ctiques al seu centre de treball. D\u2019aquesta manera es facilitar\u00e0 la inserci\u00f3 dels alumnes al m\u00f3n laboral, concretament dins de la mateixa empresa.<\/p>\n\n\n\n<p>Les inscripcions al curs estaven destinades a tota la poblaci\u00f3, sense l\u00edmit d\u2019edat, en situaci\u00f3 d\u2019atur o vulnerabilitat a l\u2019hora de trobar feina. La formaci\u00f3 \u00e9s gratu\u00efta \u2013totalment subvencionada- per als assistents i hi participen un total de 20 alumnes.<\/p>\n\n\n\n<p>L\u2019alcaldessa de la Bisbal del Pened\u00e8s I responsable de l\u2019\u00e0rea d\u2019Ocupaci\u00f3, Agn\u00e8s Ferr\u00e9, ha explicat que \u201caquest tipus de formaci\u00f3 \u00e9s molt profitosa perqu\u00e8 l\u2019alumnat apr\u00e8n conceptes que pot aplicar directament a la feina, la qual cosa fa que molts aprenentatges s\u2019obtinguin de forma efectiva. Des de l\u2019Ajuntament estem molt contents de poder oferir aquesta formaci\u00f3 i de comptar amb empreses del territori que ens ofereixen l\u2019opci\u00f3 de fer pr\u00e0ctiques i que, sovint, acaben contractant molts dels alumnes d\u2019aquestes formacions\u201d. Ferr\u00e9 ha afegit que \u201canimo a tota la poblaci\u00f3 que estigui en situaci\u00f3 d\u2019atur que aprofiti aquestes oportunitats i que es formi. Comptar amb bases de coneixement i cursos realitzats \u00e9s el que pot fer-nos destacar com a candidats a un lloc de feina\u201d.<\/p>\n\n\n\n<hr class=\"wp-block-separator\"\/>\n\n\n\n<p>CASTELLANO | Este lunes 4 de octubre ha empezado el curso gratuito de <em>coaching<\/em> laboral y log\u00edstica organizado por el Servicio de Ocupaci\u00f3n Municipal de la Bisbal del Pened\u00e8s (SOM Bisbal), la Cooperativa Actua e Incorpora (Fundaci\u00f3n La Caixa). Se trata de una formaci\u00f3n hecha a medida para una empresa del territorio que ofrece a los asistentes la posibilidad de hacer pr\u00e1cticas en su centro de trabajo. De esta manera se facilitar\u00e1 la inserci\u00f3n de los alumnos en el mundo laboral, concretamente dentro de la misma empresa.<\/p>\n\n\n\n<p>Las inscripciones al curso estaban destinadas a toda la poblaci\u00f3n, sin l\u00edmite de edad, en situaci\u00f3n de paro o vulnerabilidad a la hora de encontrar trabajo. La formaci\u00f3n es gratuita \u2013totalmente subvencionada- para los asistentes y participan un total de 20 alumnos.<\/p>\n\n\n\n<p>La alcaldesa de la Bisbal del Pened\u00e8s y responsable del \u00e1rea de Ocupaci\u00f3n, Agn\u00e8s Ferr\u00e9, ha explicado que \u201ceste tipo de formaci\u00f3n es muy provechosa porque el alumnado aprende conceptos que puede aplicar directamente en el trabajo, la cual cosa hace que los aprendizajes se obtengan de forma efectiva. Desde el Ayuntamiento estamos muy contentos de poder ofrecer esta formaci\u00f3n y de contar con empresas del territorio que nos ofrecen la opci\u00f3n de hacer pr\u00e1cticas y que, a menudo, terminan contratando a muchos de los alumnos de estas formaciones\u201d. Ferr\u00e9 ha a\u00f1adido que \u201canimo a toda la poblaci\u00f3n que est\u00e9 en situaci\u00f3n de desempleo a que aproveche estas oportunidades y se forme. Contar con bases de conocimiento y cursos realizados es lo que puede hacernos destacar como candidatos a un puesto de trabajo\u201d.<\/p>\n","protected":false},"excerpt":{"rendered":"<p>Aquest dilluns 4 d\u2019octubre ha comen\u00e7at el curs gratu\u00eft de coaching laboral i log\u00edstica organitzat pel Servei d\u2019Ocupaci\u00f3 Municipal de la Bisbal del Pened\u00e8s (SOM Bisbal), la Cooperativa Actua i &hellip; <a href=\"https:\/\/bisbalpenedes.com\/web\/2021\/10\/05\/aqust-dilluns-ha-comencat-el-curs-gratuit-de-coaching-laboral-i-logistica\/\" class=\"more-link\">Read More<\/a><\/p>\n","protected":false},"author":4,"featured_media":19443,"comment_status":"closed","ping_status":"closed","sticky":false,"template":"","format":"standard","meta":[],"categories":[3822,8],"tags":[959,4821,62,4822,4823,41,12,393,325],"_links":{"self":[{"href":"https:\/\/bisbalpenedes.com\/web\/wp-json\/wp\/v2\/posts\/19442"}],"collection":[{"href":"https:\/\/bisbalpenedes.com\/web\/wp-json\/wp\/v2\/posts"}],"about":[{"href":"https:\/\/bisbalpenedes.com\/web\/wp-json\/wp\/v2\/types\/post"}],"author":[{"embeddable":true,"href":"https:\/\/bisbalpenedes.com\/web\/wp-json\/wp\/v2\/users\/4"}],"replies":[{"embeddable":true,"href":"https:\/\/bisbalpenedes.com\/web\/wp-json\/wp\/v2\/comments?post=19442"}],"version-history":[{"count":4,"href":"https:\/\/bisbalpenedes.com\/web\/wp-json\/wp\/v2\/posts\/19442\/revisions"}],"predecessor-version":[{"id":19447,"href":"https:\/\/bisbalpenedes.com\/web\/wp-json\/wp\/v2\/posts\/19442\/revisions\/19447"}],"wp:featuredmedia":[{"embeddable":true,"href":"https:\/\/bisbalpenedes.com\/web\/wp-json\/wp\/v2\/media\/19443"}],"wp:attachment":[{"href":"https:\/\/bisbalpenedes.com\/web\/wp-json\/wp\/v2\/media?parent=19442"}],"wp:term":[{"taxonomy":"category","embeddable":true,"href":"https:\/\/bisbalpenedes.com\/web\/wp-json\/wp\/v2\/categories?post=19442"},{"taxonomy":"post_tag","embeddable":true,"href":"https:\/\/bisbalpenedes.com\/web\/wp-json\/wp\/v2\/tags?post=19442"}],"curies":[{"name":"wp","href":"https:\/\/api.w.org\/{rel}","templated":true}]}}