{"id":19436,"date":"2021-10-05T10:05:58","date_gmt":"2021-10-05T08:05:58","guid":{"rendered":"https:\/\/bisbalpenedes.com\/web\/?p=19436"},"modified":"2021-10-05T10:06:47","modified_gmt":"2021-10-05T08:06:47","slug":"al-gener-comencara-un-nou-club-de-lectura-i-llibres-a-la-biblioteca-conduit-pel-periodista-llorenc-avinyo","status":"publish","type":"post","link":"https:\/\/bisbalpenedes.com\/web\/2021\/10\/05\/al-gener-comencara-un-nou-club-de-lectura-i-llibres-a-la-biblioteca-conduit-pel-periodista-llorenc-avinyo\/","title":{"rendered":"Al gener comen\u00e7ar\u00e0 un nou club de lectura i llibres a la Biblioteca condu\u00eft pel periodista Lloren\u00e7 Aviny\u00f3"},"content":{"rendered":"\n<p>Us agrada llegir? Estem preparant un nou club de lectura i llibres que comen\u00e7ar\u00e0 el gener de 2022 a la Biblioteca p\u00fablica de la Bisbal del Pened\u00e8s i que anir\u00e0 a c\u00e0rrec del periodista Lloren\u00e7 Aviny\u00f3. Ja us hi podeu apuntar.<\/p>\n\n\n\n<hr class=\"wp-block-separator\"\/>\n\n\n\n<p>\u00bfOs gusta leer? Estamos preparando un nuevo club de lectura y libros que empezar\u00e1 en enero de 2022 en la Biblioteca p\u00fablica de la Bisbal del Pened\u00e8s y que ir\u00e1 a cargo del periodista Lloren\u00e7 Aviny\u00f3. Ya os pod\u00e9is apuntar al club.<\/p>\n","protected":false},"excerpt":{"rendered":"<p>Us agrada llegir? Estem preparant un nou club de lectura i llibres que comen\u00e7ar\u00e0 el gener de 2022 a la Biblioteca p\u00fablica de la Bisbal del Pened\u00e8s i que anir\u00e0 &hellip; <a href=\"https:\/\/bisbalpenedes.com\/web\/2021\/10\/05\/al-gener-comencara-un-nou-club-de-lectura-i-llibres-a-la-biblioteca-conduit-pel-periodista-llorenc-avinyo\/\" class=\"more-link\">Read More<\/a><\/p>\n","protected":false},"author":4,"featured_media":19437,"comment_status":"closed","ping_status":"closed","sticky":false,"template":"","format":"standard","meta":[],"categories":[13,8],"tags":[3001,225,340,148,4820],"_links":{"self":[{"href":"https:\/\/bisbalpenedes.com\/web\/wp-json\/wp\/v2\/posts\/19436"}],"collection":[{"href":"https:\/\/bisbalpenedes.com\/web\/wp-json\/wp\/v2\/posts"}],"about":[{"href":"https:\/\/bisbalpenedes.com\/web\/wp-json\/wp\/v2\/types\/post"}],"author":[{"embeddable":true,"href":"https:\/\/bisbalpenedes.com\/web\/wp-json\/wp\/v2\/users\/4"}],"replies":[{"embeddable":true,"href":"https:\/\/bisbalpenedes.com\/web\/wp-json\/wp\/v2\/comments?post=19436"}],"version-history":[{"count":2,"href":"https:\/\/bisbalpenedes.com\/web\/wp-json\/wp\/v2\/posts\/19436\/revisions"}],"predecessor-version":[{"id":19440,"href":"https:\/\/bisbalpenedes.com\/web\/wp-json\/wp\/v2\/posts\/19436\/revisions\/19440"}],"wp:featuredmedia":[{"embeddable":true,"href":"https:\/\/bisbalpenedes.com\/web\/wp-json\/wp\/v2\/media\/19437"}],"wp:attachment":[{"href":"https:\/\/bisbalpenedes.com\/web\/wp-json\/wp\/v2\/media?parent=19436"}],"wp:term":[{"taxonomy":"category","embeddable":true,"href":"https:\/\/bisbalpenedes.com\/web\/wp-json\/wp\/v2\/categories?post=19436"},{"taxonomy":"post_tag","embeddable":true,"href":"https:\/\/bisbalpenedes.com\/web\/wp-json\/wp\/v2\/tags?post=19436"}],"curies":[{"name":"wp","href":"https:\/\/api.w.org\/{rel}","templated":true}]}}