{"id":19431,"date":"2021-10-05T09:53:13","date_gmt":"2021-10-05T07:53:13","guid":{"rendered":"https:\/\/bisbalpenedes.com\/web\/?p=19431"},"modified":"2021-10-05T09:53:13","modified_gmt":"2021-10-05T07:53:13","slug":"sobre-el-periode-de-licitacio-per-al-servei-de-lenllumenat-de-nadal","status":"publish","type":"post","link":"https:\/\/bisbalpenedes.com\/web\/2021\/10\/05\/sobre-el-periode-de-licitacio-per-al-servei-de-lenllumenat-de-nadal\/","title":{"rendered":"S\u2019obre el per\u00edode de licitaci\u00f3 per al servei de l\u2019enllumenat de Nadal"},"content":{"rendered":"\n<p>Aquest dilluns 4 d\u2019octubre l\u2019alcaldessa de la Bisbal del Pened\u00e8s, Agn\u00e8s Ferr\u00e9, ha signat el Decret d\u2019alcaldia d\u2019aprovaci\u00f3 de l\u2019expedient de contractaci\u00f3 de l\u2019enllumenat Nadalenc.<\/p>\n\n\n\n<p>El termini per presentar ofertes per a la licitaci\u00f3 de la contractaci\u00f3 del subministrament \u2013en la modalitat d\u2019arrendament- i del servei d\u2019instal\u00b7laci\u00f3, manteniment i desmuntatge d\u2019elements decoratius lluminosos per a les festes de Nadal va del 5 al 19 d\u2019octubre a les 15h.<\/p>\n\n\n\n<p>La licitaci\u00f3 ser\u00e0 per a tres anys, \u00e9s a dir, per a tres campanyes nadalenques, i l\u2019import de sortida anual \u00e9s de 13.074,57\u20ac amb IVA incl\u00f2s.<\/p>\n\n\n\n<p>Al perfil del contractant trobareu el Ple de cl\u00e0usules administratives i el plec de caracter\u00edstiques t\u00e8cniques, la mem\u00f2ria i l\u2019anunci de la licitaci\u00f3: <a href=\"https:\/\/contractaciopublica.gencat.cat\/ecofin_pscp\/AppJava\/notice.pscp?reqCode=viewCn&amp;idDoc=88927945&amp;lawType\">https:\/\/contractaciopublica.gencat.cat\/ecofin_pscp\/AppJava\/notice.pscp?reqCode=viewCn&amp;idDoc=88927945&amp;lawType<\/a>=<\/p>\n\n\n\n<hr class=\"wp-block-separator\"\/>\n\n\n\n<p>Este lunes 4 de octubre la alcaldesa de la Bisbal del Pened\u00e8s, Agn\u00e8s Ferr\u00e9, ha firmado el Decreto de alcald\u00eda de aprobaci\u00f3n del expediente de contrataci\u00f3n del alumbrado de Navidad.<\/p>\n\n\n\n<p>El plazo para presentar ofertas para la licitaci\u00f3n de la contrataci\u00f3n del suministro \u2013en la modalidad de arrendamiento- y del servicio de instalaci\u00f3n, mantenimiento y desmontaje de elementos decorativos luminosos para las fiestas de Navidad va del 5 al 19 de octubre a las 15h.<\/p>\n\n\n\n<p>La licitaci\u00f3n ser\u00e1 para tres a\u00f1os, es decir, para tres campa\u00f1as navide\u00f1as, y el importe de salida anual es de 13.074,57\u20ac con IVA incluido.<\/p>\n\n\n\n<p>En el perfil del contratante encontrar\u00e9is el Pliego de cl\u00e1usulas administrativas y el pliego de caracter\u00edsticas t\u00e9cnicas, la memoria y el anuncio de licitaci\u00f3n: <a href=\"https:\/\/contractaciopublica.gencat.cat\/ecofin_pscp\/AppJava\/notice.pscp?reqCode=viewCn&amp;idDoc=88927945&amp;lawType\">https:\/\/contractaciopublica.gencat.cat\/ecofin_pscp\/AppJava\/notice.pscp?reqCode=viewCn&amp;idDoc=88927945&amp;lawType<\/a>=<\/p>\n","protected":false},"excerpt":{"rendered":"<p>Aquest dilluns 4 d\u2019octubre l\u2019alcaldessa de la Bisbal del Pened\u00e8s, Agn\u00e8s Ferr\u00e9, ha signat el Decret d\u2019alcaldia d\u2019aprovaci\u00f3 de l\u2019expedient de contractaci\u00f3 de l\u2019enllumenat Nadalenc. El termini per presentar ofertes &hellip; <a href=\"https:\/\/bisbalpenedes.com\/web\/2021\/10\/05\/sobre-el-periode-de-licitacio-per-al-servei-de-lenllumenat-de-nadal\/\" class=\"more-link\">Read More<\/a><\/p>\n","protected":false},"author":4,"featured_media":14806,"comment_status":"closed","ping_status":"closed","sticky":false,"template":"","format":"standard","meta":[],"categories":[2057,4668,8],"tags":[4818,50,393,267,4819],"_links":{"self":[{"href":"https:\/\/bisbalpenedes.com\/web\/wp-json\/wp\/v2\/posts\/19431"}],"collection":[{"href":"https:\/\/bisbalpenedes.com\/web\/wp-json\/wp\/v2\/posts"}],"about":[{"href":"https:\/\/bisbalpenedes.com\/web\/wp-json\/wp\/v2\/types\/post"}],"author":[{"embeddable":true,"href":"https:\/\/bisbalpenedes.com\/web\/wp-json\/wp\/v2\/users\/4"}],"replies":[{"embeddable":true,"href":"https:\/\/bisbalpenedes.com\/web\/wp-json\/wp\/v2\/comments?post=19431"}],"version-history":[{"count":1,"href":"https:\/\/bisbalpenedes.com\/web\/wp-json\/wp\/v2\/posts\/19431\/revisions"}],"predecessor-version":[{"id":19432,"href":"https:\/\/bisbalpenedes.com\/web\/wp-json\/wp\/v2\/posts\/19431\/revisions\/19432"}],"wp:featuredmedia":[{"embeddable":true,"href":"https:\/\/bisbalpenedes.com\/web\/wp-json\/wp\/v2\/media\/14806"}],"wp:attachment":[{"href":"https:\/\/bisbalpenedes.com\/web\/wp-json\/wp\/v2\/media?parent=19431"}],"wp:term":[{"taxonomy":"category","embeddable":true,"href":"https:\/\/bisbalpenedes.com\/web\/wp-json\/wp\/v2\/categories?post=19431"},{"taxonomy":"post_tag","embeddable":true,"href":"https:\/\/bisbalpenedes.com\/web\/wp-json\/wp\/v2\/tags?post=19431"}],"curies":[{"name":"wp","href":"https:\/\/api.w.org\/{rel}","templated":true}]}}