{"id":19420,"date":"2021-10-04T12:07:57","date_gmt":"2021-10-04T10:07:57","guid":{"rendered":"https:\/\/bisbalpenedes.com\/web\/?p=19420"},"modified":"2021-10-04T12:07:57","modified_gmt":"2021-10-04T10:07:57","slug":"moltes-gracies-per-fer-les-vostres-aportacions-per-al-rebost-solidari-durant-la-fira-el-rebost-solidari-esta-obert-a-la-vostra-collaboracio-durant-tot-lany","status":"publish","type":"post","link":"https:\/\/bisbalpenedes.com\/web\/2021\/10\/04\/moltes-gracies-per-fer-les-vostres-aportacions-per-al-rebost-solidari-durant-la-fira-el-rebost-solidari-esta-obert-a-la-vostra-collaboracio-durant-tot-lany\/","title":{"rendered":"Moltes gr\u00e0cies per fer les vostres aportacions per al Rebost Solidari durant la Fira &#8211; El Rebost Solidari est\u00e0 obert a la vostra col\u00b7laboraci\u00f3 durant tot l&#8217;any"},"content":{"rendered":"\n<p>Amb aquesta publicaci\u00f3 us volem donar les gr\u00e0cies a tots i totes els que vau portar productes d&#8217;alimentaci\u00f3, higiene i neteja a la Fira per donar-les al Rebost Solidari.<br>Si voleu fer la vostra aportaci\u00f3 i ajudar les persones m\u00e9s vulnerables del municipi, ho podeu fer sempre que vulgueu. Podeu adre\u00e7ar-vos directament al Rebost Solidari, anar a l&#8217;Ajuntament i preguntar per la regidora de Benestar Social, Paqui Cepas, o contactar amb la regidora per correu electr\u00f2nic escrivint a paqui@bisbalpenedes.com<\/p>\n\n\n\n<hr class=\"wp-block-separator\"\/>\n\n\n\n<p>Con esta publicaci\u00f3n os queremos dar las gracias a todos y todas los que llevasteis productos de alimentaci\u00f3n, higiene y limpieza a la Fira para donarlos al Rebost Solidari.<br>Si quer\u00e9is hacer vuestra aportaci\u00f3n y ayudar a las personas m\u00e1s vulnerables del municipio, lo pod\u00e9is hacer siempre que quer\u00e1is. Pod\u00e9is dirigiros directamente al Rebost Solidari, ir al Ayuntamiento y preguntar por la concejala de Bienestar Social, Paqui Cepas, o contactar con la concejala por correo electr\u00f3nico escribiendo a paqui@bisbalpenedes.com<\/p>\n","protected":false},"excerpt":{"rendered":"<p>Amb aquesta publicaci\u00f3 us volem donar les gr\u00e0cies a tots i totes els que vau portar productes d&#8217;alimentaci\u00f3, higiene i neteja a la Fira per donar-les al Rebost Solidari.Si voleu &hellip; <a href=\"https:\/\/bisbalpenedes.com\/web\/2021\/10\/04\/moltes-gracies-per-fer-les-vostres-aportacions-per-al-rebost-solidari-durant-la-fira-el-rebost-solidari-esta-obert-a-la-vostra-collaboracio-durant-tot-lany\/\" class=\"more-link\">Read More<\/a><\/p>\n","protected":false},"author":4,"featured_media":19422,"comment_status":"closed","ping_status":"closed","sticky":false,"template":"","format":"standard","meta":[],"categories":[3851,8],"tags":[1836,315,393,2644],"_links":{"self":[{"href":"https:\/\/bisbalpenedes.com\/web\/wp-json\/wp\/v2\/posts\/19420"}],"collection":[{"href":"https:\/\/bisbalpenedes.com\/web\/wp-json\/wp\/v2\/posts"}],"about":[{"href":"https:\/\/bisbalpenedes.com\/web\/wp-json\/wp\/v2\/types\/post"}],"author":[{"embeddable":true,"href":"https:\/\/bisbalpenedes.com\/web\/wp-json\/wp\/v2\/users\/4"}],"replies":[{"embeddable":true,"href":"https:\/\/bisbalpenedes.com\/web\/wp-json\/wp\/v2\/comments?post=19420"}],"version-history":[{"count":1,"href":"https:\/\/bisbalpenedes.com\/web\/wp-json\/wp\/v2\/posts\/19420\/revisions"}],"predecessor-version":[{"id":19423,"href":"https:\/\/bisbalpenedes.com\/web\/wp-json\/wp\/v2\/posts\/19420\/revisions\/19423"}],"wp:featuredmedia":[{"embeddable":true,"href":"https:\/\/bisbalpenedes.com\/web\/wp-json\/wp\/v2\/media\/19422"}],"wp:attachment":[{"href":"https:\/\/bisbalpenedes.com\/web\/wp-json\/wp\/v2\/media?parent=19420"}],"wp:term":[{"taxonomy":"category","embeddable":true,"href":"https:\/\/bisbalpenedes.com\/web\/wp-json\/wp\/v2\/categories?post=19420"},{"taxonomy":"post_tag","embeddable":true,"href":"https:\/\/bisbalpenedes.com\/web\/wp-json\/wp\/v2\/tags?post=19420"}],"curies":[{"name":"wp","href":"https:\/\/api.w.org\/{rel}","templated":true}]}}