{"id":19417,"date":"2021-10-01T16:54:07","date_gmt":"2021-10-01T14:54:07","guid":{"rendered":"https:\/\/bisbalpenedes.com\/web\/?p=19417"},"modified":"2021-10-01T16:54:07","modified_gmt":"2021-10-01T14:54:07","slug":"sha-publicat-la-relacio-definitiva-dadmesos-i-exclosos-en-les-borses-de-treball-darquitecte-i-de-personal-de-neteja","status":"publish","type":"post","link":"https:\/\/bisbalpenedes.com\/web\/2021\/10\/01\/sha-publicat-la-relacio-definitiva-dadmesos-i-exclosos-en-les-borses-de-treball-darquitecte-i-de-personal-de-neteja\/","title":{"rendered":"S\u2019ha publicat la relaci\u00f3 definitiva d\u2019admesos i exclosos en les borses de treball d\u2019arquitecte i de personal de neteja"},"content":{"rendered":"\n<p>Aquesta setmana, l\u2019alcaldessa de la Bisbal del Pened\u00e8s, Agn\u00e8s Ferr\u00e9, ha signat els decrets de la relaci\u00f3 definitiva d\u2019admesos i exclosos en les borses de treball d\u2019arquitecte i de personal de neteja. Podeu consultar la publicaci\u00f3 al tauler d\u2019anuncis de la seu electr\u00f2nica: <a href=\"https:\/\/bisbalpenedes.eadministracio.cat\/board\">https:\/\/bisbalpenedes.eadministracio.cat\/board<\/a><\/p>\n\n\n\n<p>Les persones que no havien aportat el certificat de catal\u00e0 corresponent ja han fet les proves de catal\u00e0. Les persones admeses en la borsa de treall de neteja faran una entrevista personal el dilluns 4 d\u2019octubre al mat\u00ed i les persones seleccionades per a la borsa de treball d\u2019arquitectes faran una prova pr\u00e0ctica i una entrevista el dijous 7 d\u2019octubre.<\/p>\n\n\n\n<hr class=\"wp-block-separator\"\/>\n\n\n\n<p>Esta semana, la alcaldesa de la Bisbal del Pened\u00e8s, Agn\u00e8s Ferr\u00e9, ha firmado los decretos de la relaci\u00f3n definitiva de admitidos y exclu\u00eddos en las bolsas de trabajo de arquitecto\/a y de personal de limpieza. Pod\u00e9is consultar la publicaci\u00f3n en el tabl\u00f3n de anuncios de la sede electr\u00f3nica: <a href=\"https:\/\/bisbalpenedes.eadministracio.cat\/board\">https:\/\/bisbalpenedes.eadministracio.cat\/board<\/a><\/p>\n\n\n\n<p>Las personas que no hab\u00edan aportado el certificado de catal\u00e1n correspondiente ya han hecho las pruebas de catal\u00e1n. Las personas admitidas en la bolsa de trabajo de limpieza har\u00e1n una entrevista personal el lunes 4 de octubre por la ma\u00f1ana y las personas seleccionadas par la bolsa de trabajo de arquitectos har\u00e1n una prueba pr\u00e1ctica y una entrevista el jueves 7 de octubre.<\/p>\n","protected":false},"excerpt":{"rendered":"<p>Aquesta setmana, l\u2019alcaldessa de la Bisbal del Pened\u00e8s, Agn\u00e8s Ferr\u00e9, ha signat els decrets de la relaci\u00f3 definitiva d\u2019admesos i exclosos en les borses de treball d\u2019arquitecte i de personal &hellip; <a href=\"https:\/\/bisbalpenedes.com\/web\/2021\/10\/01\/sha-publicat-la-relacio-definitiva-dadmesos-i-exclosos-en-les-borses-de-treball-darquitecte-i-de-personal-de-neteja\/\" class=\"more-link\">Read More<\/a><\/p>\n","protected":false},"author":4,"featured_media":19418,"comment_status":"closed","ping_status":"closed","sticky":false,"template":"","format":"standard","meta":[],"categories":[2057,8],"tags":[2230,2456,1503,2231,393],"_links":{"self":[{"href":"https:\/\/bisbalpenedes.com\/web\/wp-json\/wp\/v2\/posts\/19417"}],"collection":[{"href":"https:\/\/bisbalpenedes.com\/web\/wp-json\/wp\/v2\/posts"}],"about":[{"href":"https:\/\/bisbalpenedes.com\/web\/wp-json\/wp\/v2\/types\/post"}],"author":[{"embeddable":true,"href":"https:\/\/bisbalpenedes.com\/web\/wp-json\/wp\/v2\/users\/4"}],"replies":[{"embeddable":true,"href":"https:\/\/bisbalpenedes.com\/web\/wp-json\/wp\/v2\/comments?post=19417"}],"version-history":[{"count":1,"href":"https:\/\/bisbalpenedes.com\/web\/wp-json\/wp\/v2\/posts\/19417\/revisions"}],"predecessor-version":[{"id":19419,"href":"https:\/\/bisbalpenedes.com\/web\/wp-json\/wp\/v2\/posts\/19417\/revisions\/19419"}],"wp:featuredmedia":[{"embeddable":true,"href":"https:\/\/bisbalpenedes.com\/web\/wp-json\/wp\/v2\/media\/19418"}],"wp:attachment":[{"href":"https:\/\/bisbalpenedes.com\/web\/wp-json\/wp\/v2\/media?parent=19417"}],"wp:term":[{"taxonomy":"category","embeddable":true,"href":"https:\/\/bisbalpenedes.com\/web\/wp-json\/wp\/v2\/categories?post=19417"},{"taxonomy":"post_tag","embeddable":true,"href":"https:\/\/bisbalpenedes.com\/web\/wp-json\/wp\/v2\/tags?post=19417"}],"curies":[{"name":"wp","href":"https:\/\/api.w.org\/{rel}","templated":true}]}}