{"id":19414,"date":"2021-10-01T16:54:26","date_gmt":"2021-10-01T14:54:26","guid":{"rendered":"https:\/\/bisbalpenedes.com\/web\/?p=19414"},"modified":"2021-10-01T16:54:26","modified_gmt":"2021-10-01T14:54:26","slug":"lescola-ull-de-vent-tindra-un-nou-uixer-a-partir-del-proper-dilluns-4-doctubre","status":"publish","type":"post","link":"https:\/\/bisbalpenedes.com\/web\/2021\/10\/01\/lescola-ull-de-vent-tindra-un-nou-uixer-a-partir-del-proper-dilluns-4-doctubre\/","title":{"rendered":"L\u2019Escola Ull de Vent tindr\u00e0 un nou uixer a partir del proper dilluns 4 d\u2019octubre"},"content":{"rendered":"\n<p>L\u2019alcaldessa de la Bisbal del Pened\u00e8s, Agn\u00e8s Ferr\u00e9, ha signat \u2013aquest divendres- el Decret de contractaci\u00f3 d\u2019en Jordi G. com a uixer de l\u2019Escola Ull de Vent. Es tracta d\u2019una contractaci\u00f3 provisional, mentre es realitza el procediment selectiu per cobrir la pla\u00e7a de manera definitiva. Una vegada finalitzades les seves tasques laborals en el marc del conveni, el SOM Bisbal treballar\u00e0 -amb la persona que ha estat seleccionada com a uixer provisional- en un pla d\u2019acci\u00f3 de treball i recerca de feina, amb l\u2019objectiu d\u2019impulsar de nou la seva inserci\u00f3 laboral quan hagi finalitzat el conveni.<\/p>\n\n\n\n<p>L\u2019Ajuntament de la Bisbal del Pened\u00e8s ha tirat endavant aquesta contractaci\u00f3 fruit d\u2019un conveni de col\u00b7laboraci\u00f3 social amb el Servei d\u2019Ocupaci\u00f3 de Catalunya (SOC). Amb aquests programes de col\u00b7laboraci\u00f3, les administracions p\u00fabliques poden contractar, de forma temporal, persones que estan a l\u2019atur i que s\u00f3n preceptores de prestacions per desocupaci\u00f3 per dur a terme obres i serveis d\u2019inter\u00e8s general. El proc\u00e9s selectiu va iniciar-se el 2 de setembre amb la sol\u00b7licitud d\u2019aquest conveni amb el SOC. El proc\u00e9s selectiu s\u2019ha fet des del SOM Bisbal i hi han participat tres persones, totes elles proposades des del SOC, que complien els requisits i les condicions del conveni i que han hagut de realitzar una prova de catal\u00e0 i una entrevista.<\/p>\n\n\n\n<hr class=\"wp-block-separator\"\/>\n\n\n\n<p><strong>CASTELLANO |<\/strong>&nbsp;La alcaldesa de la Bisbal del Pened\u00e8s, Agn\u00e8s Ferr\u00e9, ha firmado \u2013este viernes- el Decreto de contrataci\u00f3n de Jordi G. como conserje de la Escuela Ull de Vent. Se trata de una contrataci\u00f3n provisional, mientras se realiza el procedimiento selectivo para cubrir la plaza de manera definitiva. Una vez finalizadas sus tareas laborales en el marco del convenio, el SOM Bisbal trabajar\u00e1 -con la persona que ha sido seleccionada como conserje provisional- en un plan de acci\u00f3n laboral y b\u00fasqueda de trabajo, con el objetivo de impulsar de nuevo su inserci\u00f3n laboral cuando haya finalizado el convenio.<\/p>\n\n\n\n<p>El Ayuntamiento de la Bisbal del Pened\u00e8s ha llevado a cabo esta contrataci\u00f3n fruto de un convenio de colaboraci\u00f3n social con el Servicio de Ocupaci\u00f3n de Catalunya (SOC). Con estos programas de colaboraci\u00f3n, las administraciones p\u00fablicas pueden contratar, de forma temporal, a personas que estan en situaci\u00f3n de desempleo y que son preceptoras de prestaciones por desocupaci\u00f3n para llevar a cabo obras y servicios de inter\u00e9s general. El proceso selectivo se inici\u00f3 el 2 de septiembre con la solicitud de este convenio con el SOC. El proceso selectivo se ha ralizado desde el SOM Bisbal y han participado en el mismo un total de tres personas, todas ellas propuestas desde el SOC, que cumpl\u00edan los requisitos y las condiciones del convenio y que han tenido que hacer una prueba de catal\u00e1n y una entrevista.<\/p>\n","protected":false},"excerpt":{"rendered":"<p>L\u2019alcaldessa de la Bisbal del Pened\u00e8s, Agn\u00e8s Ferr\u00e9, ha signat \u2013aquest divendres- el Decret de contractaci\u00f3 d\u2019en Jordi G. com a uixer de l\u2019Escola Ull de Vent. Es tracta d\u2019una &hellip; <a href=\"https:\/\/bisbalpenedes.com\/web\/2021\/10\/01\/lescola-ull-de-vent-tindra-un-nou-uixer-a-partir-del-proper-dilluns-4-doctubre\/\" class=\"more-link\">Read More<\/a><\/p>\n","protected":false},"author":4,"featured_media":17218,"comment_status":"closed","ping_status":"closed","sticky":false,"template":"","format":"standard","meta":[],"categories":[2057,8],"tags":[1252,3558,4817,337,393,4816],"_links":{"self":[{"href":"https:\/\/bisbalpenedes.com\/web\/wp-json\/wp\/v2\/posts\/19414"}],"collection":[{"href":"https:\/\/bisbalpenedes.com\/web\/wp-json\/wp\/v2\/posts"}],"about":[{"href":"https:\/\/bisbalpenedes.com\/web\/wp-json\/wp\/v2\/types\/post"}],"author":[{"embeddable":true,"href":"https:\/\/bisbalpenedes.com\/web\/wp-json\/wp\/v2\/users\/4"}],"replies":[{"embeddable":true,"href":"https:\/\/bisbalpenedes.com\/web\/wp-json\/wp\/v2\/comments?post=19414"}],"version-history":[{"count":1,"href":"https:\/\/bisbalpenedes.com\/web\/wp-json\/wp\/v2\/posts\/19414\/revisions"}],"predecessor-version":[{"id":19415,"href":"https:\/\/bisbalpenedes.com\/web\/wp-json\/wp\/v2\/posts\/19414\/revisions\/19415"}],"wp:featuredmedia":[{"embeddable":true,"href":"https:\/\/bisbalpenedes.com\/web\/wp-json\/wp\/v2\/media\/17218"}],"wp:attachment":[{"href":"https:\/\/bisbalpenedes.com\/web\/wp-json\/wp\/v2\/media?parent=19414"}],"wp:term":[{"taxonomy":"category","embeddable":true,"href":"https:\/\/bisbalpenedes.com\/web\/wp-json\/wp\/v2\/categories?post=19414"},{"taxonomy":"post_tag","embeddable":true,"href":"https:\/\/bisbalpenedes.com\/web\/wp-json\/wp\/v2\/tags?post=19414"}],"curies":[{"name":"wp","href":"https:\/\/api.w.org\/{rel}","templated":true}]}}