{"id":19404,"date":"2021-10-01T14:00:21","date_gmt":"2021-10-01T12:00:21","guid":{"rendered":"https:\/\/bisbalpenedes.com\/web\/?p=19404"},"modified":"2021-10-01T14:00:21","modified_gmt":"2021-10-01T12:00:21","slug":"avui-1-doctubre-es-el-dia-mundial-de-la-gent-gran","status":"publish","type":"post","link":"https:\/\/bisbalpenedes.com\/web\/2021\/10\/01\/avui-1-doctubre-es-el-dia-mundial-de-la-gent-gran\/","title":{"rendered":"Avui 1 d&#8217;octubre \u00e9s el Dia Mundial de la Gent Gran"},"content":{"rendered":"\n<p>Avui \u00e9s el Dia Mundial de la Gent Gran. Per aquest motiu, l&#8217;Associaci\u00f3 de la Gent Gran, amb la col\u00b7laboraci\u00f3 de la Regidoria de la Gent Gran, ha llegit el manifest titulat &#8220;Dia Internacional de la gent gran &#8211; Equitat digital&#8221; de la Federaci\u00f3 d&#8217;Associacions de Gent Gran de Catalunya.Avui tamb\u00e9 han comen\u00e7at les activitats saludables del Rac\u00f3 de la Gent Gran amb una caminada pel municipi.<\/p>\n\n\n\n<hr class=\"wp-block-separator\"\/>\n\n\n\n<p>Hoy es el D\u00eda Mundial de la Gente Mayor. Por este motivo, la Asociaci\u00f3n de la Gente Mayor, con la colaboraci\u00f3n de la Concejal\u00eda de la Gente Mayor, ha le\u00eddo el manifiesto titulado &#8220;D\u00eda internacional de la gente mayor &#8211; Equidad digital&#8221; de la Federaci\u00f3n de Asociaciones de la Gente Mayor de Catalunya.Hoy tambi\u00e9n han empezado las actividades saludables del Rac\u00f3 de la Gent Gran con una caminada por el municipio.<\/p>\n\n\n\n<figure class=\"wp-block-image size-large\"><img loading=\"lazy\" width=\"1024\" height=\"1024\" src=\"https:\/\/bisbalpenedes.com\/web\/wp-content\/uploads\/2021\/10\/Collage-dia-mndial-1024x1024.jpg\" alt=\"\" class=\"wp-image-19406\" srcset=\"https:\/\/bisbalpenedes.com\/web\/wp-content\/uploads\/2021\/10\/Collage-dia-mndial-1024x1024.jpg 1024w, https:\/\/bisbalpenedes.com\/web\/wp-content\/uploads\/2021\/10\/Collage-dia-mndial-300x300.jpg 300w, https:\/\/bisbalpenedes.com\/web\/wp-content\/uploads\/2021\/10\/Collage-dia-mndial-100x100.jpg 100w, https:\/\/bisbalpenedes.com\/web\/wp-content\/uploads\/2021\/10\/Collage-dia-mndial-600x600.jpg 600w, https:\/\/bisbalpenedes.com\/web\/wp-content\/uploads\/2021\/10\/Collage-dia-mndial-150x150.jpg 150w, https:\/\/bisbalpenedes.com\/web\/wp-content\/uploads\/2021\/10\/Collage-dia-mndial-768x768.jpg 768w, https:\/\/bisbalpenedes.com\/web\/wp-content\/uploads\/2021\/10\/Collage-dia-mndial-1536x1536.jpg 1536w, https:\/\/bisbalpenedes.com\/web\/wp-content\/uploads\/2021\/10\/Collage-dia-mndial-2048x2048.jpg 2048w\" sizes=\"(max-width: 1024px) 100vw, 1024px\" \/><\/figure>\n\n\n\n<figure class=\"wp-block-image size-large\"><img loading=\"lazy\" width=\"785\" height=\"1024\" src=\"https:\/\/bisbalpenedes.com\/web\/wp-content\/uploads\/2021\/10\/Manifest-1-octubre-2021_page-0001-785x1024.jpeg\" alt=\"\" class=\"wp-image-19407\" srcset=\"https:\/\/bisbalpenedes.com\/web\/wp-content\/uploads\/2021\/10\/Manifest-1-octubre-2021_page-0001-785x1024.jpeg 785w, https:\/\/bisbalpenedes.com\/web\/wp-content\/uploads\/2021\/10\/Manifest-1-octubre-2021_page-0001-600x783.jpeg 600w, https:\/\/bisbalpenedes.com\/web\/wp-content\/uploads\/2021\/10\/Manifest-1-octubre-2021_page-0001-230x300.jpeg 230w, https:\/\/bisbalpenedes.com\/web\/wp-content\/uploads\/2021\/10\/Manifest-1-octubre-2021_page-0001-768x1002.jpeg 768w, https:\/\/bisbalpenedes.com\/web\/wp-content\/uploads\/2021\/10\/Manifest-1-octubre-2021_page-0001-1177x1536.jpeg 1177w, https:\/\/bisbalpenedes.com\/web\/wp-content\/uploads\/2021\/10\/Manifest-1-octubre-2021_page-0001.jpeg 1237w\" sizes=\"(max-width: 785px) 100vw, 785px\" \/><\/figure>\n","protected":false},"excerpt":{"rendered":"<p>Avui \u00e9s el Dia Mundial de la Gent Gran. Per aquest motiu, l&#8217;Associaci\u00f3 de la Gent Gran, amb la col\u00b7laboraci\u00f3 de la Regidoria de la Gent Gran, ha llegit el &hellip; <a href=\"https:\/\/bisbalpenedes.com\/web\/2021\/10\/01\/avui-1-doctubre-es-el-dia-mundial-de-la-gent-gran\/\" class=\"more-link\">Read More<\/a><\/p>\n","protected":false},"author":4,"featured_media":19405,"comment_status":"closed","ping_status":"closed","sticky":false,"template":"","format":"standard","meta":[],"categories":[20,464,8],"tags":[950,1723,4815,305,393],"_links":{"self":[{"href":"https:\/\/bisbalpenedes.com\/web\/wp-json\/wp\/v2\/posts\/19404"}],"collection":[{"href":"https:\/\/bisbalpenedes.com\/web\/wp-json\/wp\/v2\/posts"}],"about":[{"href":"https:\/\/bisbalpenedes.com\/web\/wp-json\/wp\/v2\/types\/post"}],"author":[{"embeddable":true,"href":"https:\/\/bisbalpenedes.com\/web\/wp-json\/wp\/v2\/users\/4"}],"replies":[{"embeddable":true,"href":"https:\/\/bisbalpenedes.com\/web\/wp-json\/wp\/v2\/comments?post=19404"}],"version-history":[{"count":1,"href":"https:\/\/bisbalpenedes.com\/web\/wp-json\/wp\/v2\/posts\/19404\/revisions"}],"predecessor-version":[{"id":19408,"href":"https:\/\/bisbalpenedes.com\/web\/wp-json\/wp\/v2\/posts\/19404\/revisions\/19408"}],"wp:featuredmedia":[{"embeddable":true,"href":"https:\/\/bisbalpenedes.com\/web\/wp-json\/wp\/v2\/media\/19405"}],"wp:attachment":[{"href":"https:\/\/bisbalpenedes.com\/web\/wp-json\/wp\/v2\/media?parent=19404"}],"wp:term":[{"taxonomy":"category","embeddable":true,"href":"https:\/\/bisbalpenedes.com\/web\/wp-json\/wp\/v2\/categories?post=19404"},{"taxonomy":"post_tag","embeddable":true,"href":"https:\/\/bisbalpenedes.com\/web\/wp-json\/wp\/v2\/tags?post=19404"}],"curies":[{"name":"wp","href":"https:\/\/api.w.org\/{rel}","templated":true}]}}