{"id":1940,"date":"2017-02-07T01:00:30","date_gmt":"2017-02-06T19:00:30","guid":{"rendered":"http:\/\/bisbalpenedes.com\/web\/?p=1940"},"modified":"2017-02-07T01:00:30","modified_gmt":"2017-02-06T19:00:30","slug":"ple-de-lajuntament-dijous-9-de-febrer-de-2017","status":"publish","type":"post","link":"https:\/\/bisbalpenedes.com\/web\/2017\/02\/07\/ple-de-lajuntament-dijous-9-de-febrer-de-2017\/","title":{"rendered":"Ple de l&#8217;Ajuntament dijous 9 de febrer de 2017"},"content":{"rendered":"<p>Sessi\u00f3 extraordin\u00e0ria del Ple de l&#8217;Ajuntament pel proper dijous 9 de febrer de 2017 a les 18:00h, per tractar els seg\u00fcents assumptes a l&#8217;ordre del dia:<\/p>\n<p>1.- Donar compte de l&#8217;informe de secretaria intervenci\u00f3 del per\u00edode mig de pagament del quart trimestre del 2016 (Expedient 862\/2016)<\/p>\n<p>2.- Proposta d&#8217;aprovaci\u00f3 d&#8217;anul\u2022lar i deixar sense efecte l&#8217;acord adoptat pel Ple de l&#8217;Ajuntament en sessi\u00f3 19\/04\/2013, pel qual s&#8217;acorda &#8220;aprovar definitivament l&#8217;amortitzaci\u00f3 del lloc de treball de t\u00e8cnic administratiu general (A21) en l&#8217;execuci\u00f3 de la sent\u00e8ncia del Jutjat Contenci\u00f3s administratiu n\u00famero 2 de Tarragona, en procediment abreujat 512\/2014 de data 13\/11\/2015&#8221;. (Expedient 96\/2017)<\/p>\n<p>3.- Aprovaci\u00f3 de la declaraci\u00f3 per poder contractar personal laboral temporal i\/o funcionari inter\u00ed per tal de cobrir necessitats urgents i inajornables a sectors, funcions i categories professionals (Expedient 118\/2017)<\/p>\n<p>4.- Aprovaci\u00f3 de la modificaci\u00f3 de la plantilla per la pla\u00e7a d&#8217;operari electricista (Expedient 119\/2017)<\/p>\n","protected":false},"excerpt":{"rendered":"<p>Sessi\u00f3 extraordin\u00e0ria del Ple de l&#8217;Ajuntament pel proper dijous 9 de febrer de 2017 a les 18:00h, per tractar els seg\u00fcents assumptes a l&#8217;ordre del dia: 1.- Donar compte de &hellip; <a href=\"https:\/\/bisbalpenedes.com\/web\/2017\/02\/07\/ple-de-lajuntament-dijous-9-de-febrer-de-2017\/\" class=\"more-link\">Read More<\/a><\/p>\n","protected":false},"author":1,"featured_media":1846,"comment_status":"closed","ping_status":"closed","sticky":false,"template":"","format":"standard","meta":[],"categories":[4],"tags":[216,139],"_links":{"self":[{"href":"https:\/\/bisbalpenedes.com\/web\/wp-json\/wp\/v2\/posts\/1940"}],"collection":[{"href":"https:\/\/bisbalpenedes.com\/web\/wp-json\/wp\/v2\/posts"}],"about":[{"href":"https:\/\/bisbalpenedes.com\/web\/wp-json\/wp\/v2\/types\/post"}],"author":[{"embeddable":true,"href":"https:\/\/bisbalpenedes.com\/web\/wp-json\/wp\/v2\/users\/1"}],"replies":[{"embeddable":true,"href":"https:\/\/bisbalpenedes.com\/web\/wp-json\/wp\/v2\/comments?post=1940"}],"version-history":[{"count":1,"href":"https:\/\/bisbalpenedes.com\/web\/wp-json\/wp\/v2\/posts\/1940\/revisions"}],"predecessor-version":[{"id":1941,"href":"https:\/\/bisbalpenedes.com\/web\/wp-json\/wp\/v2\/posts\/1940\/revisions\/1941"}],"wp:featuredmedia":[{"embeddable":true,"href":"https:\/\/bisbalpenedes.com\/web\/wp-json\/wp\/v2\/media\/1846"}],"wp:attachment":[{"href":"https:\/\/bisbalpenedes.com\/web\/wp-json\/wp\/v2\/media?parent=1940"}],"wp:term":[{"taxonomy":"category","embeddable":true,"href":"https:\/\/bisbalpenedes.com\/web\/wp-json\/wp\/v2\/categories?post=1940"},{"taxonomy":"post_tag","embeddable":true,"href":"https:\/\/bisbalpenedes.com\/web\/wp-json\/wp\/v2\/tags?post=1940"}],"curies":[{"name":"wp","href":"https:\/\/api.w.org\/{rel}","templated":true}]}}