{"id":19383,"date":"2021-10-01T11:14:07","date_gmt":"2021-10-01T09:14:07","guid":{"rendered":"https:\/\/bisbalpenedes.com\/web\/?p=19383"},"modified":"2021-10-01T11:14:07","modified_gmt":"2021-10-01T09:14:07","slug":"dissabte-a-les-18h-tindra-lloc-un-concert-amb-lligabosc-organitzat-per-lassociacio-de-cors-antistiana","status":"publish","type":"post","link":"https:\/\/bisbalpenedes.com\/web\/2021\/10\/01\/dissabte-a-les-18h-tindra-lloc-un-concert-amb-lligabosc-organitzat-per-lassociacio-de-cors-antistiana\/","title":{"rendered":"Dissabte a les 18h tindr\u00e0 lloc un concert amb &#8216;Lligabosc&#8217; organitzat per l&#8217;Associaci\u00f3 de Cors Antistiana"},"content":{"rendered":"\n<p>L&#8217;Associaci\u00f3 de Cors Antistiana ha organitzat un concert amb &#8216;Lligabosc&#8217; amb motiu de la Fira. Tindr\u00e0 lloc dem\u00e0 dissabte, a les 18h, a l&#8217;Esgl\u00e9sia de Santa Maria. Per a m\u00e9s informaci\u00f3 podeu consultar el cartell adjunt.<\/p>\n\n\n\n<hr class=\"wp-block-separator\"\/>\n\n\n\n<p>La Associaci\u00f3 de Cors Antistiana ha organizado un concierto con &#8216;Lligabosc&#8217; con motivo de la Fira. Tendr\u00e1 lugar ma\u00f1ana s\u00e1bado, a las 18h, en la Iglesia de Santa Mar\u00eda. Para m\u00e1s informaci\u00f3n pod\u00e9is consultar el cartel adjunto.<\/p>\n","protected":false},"excerpt":{"rendered":"<p>L&#8217;Associaci\u00f3 de Cors Antistiana ha organitzat un concert amb &#8216;Lligabosc&#8217; amb motiu de la Fira. Tindr\u00e0 lloc dem\u00e0 dissabte, a les 18h, a l&#8217;Esgl\u00e9sia de Santa Maria. Per a m\u00e9s &hellip; <a href=\"https:\/\/bisbalpenedes.com\/web\/2021\/10\/01\/dissabte-a-les-18h-tindra-lloc-un-concert-amb-lligabosc-organitzat-per-lassociacio-de-cors-antistiana\/\" class=\"more-link\">Read More<\/a><\/p>\n","protected":false},"author":4,"featured_media":19384,"comment_status":"closed","ping_status":"closed","sticky":false,"template":"","format":"standard","meta":[],"categories":[2942,13,20,8],"tags":[459,4813,393,2362,4814],"_links":{"self":[{"href":"https:\/\/bisbalpenedes.com\/web\/wp-json\/wp\/v2\/posts\/19383"}],"collection":[{"href":"https:\/\/bisbalpenedes.com\/web\/wp-json\/wp\/v2\/posts"}],"about":[{"href":"https:\/\/bisbalpenedes.com\/web\/wp-json\/wp\/v2\/types\/post"}],"author":[{"embeddable":true,"href":"https:\/\/bisbalpenedes.com\/web\/wp-json\/wp\/v2\/users\/4"}],"replies":[{"embeddable":true,"href":"https:\/\/bisbalpenedes.com\/web\/wp-json\/wp\/v2\/comments?post=19383"}],"version-history":[{"count":1,"href":"https:\/\/bisbalpenedes.com\/web\/wp-json\/wp\/v2\/posts\/19383\/revisions"}],"predecessor-version":[{"id":19385,"href":"https:\/\/bisbalpenedes.com\/web\/wp-json\/wp\/v2\/posts\/19383\/revisions\/19385"}],"wp:featuredmedia":[{"embeddable":true,"href":"https:\/\/bisbalpenedes.com\/web\/wp-json\/wp\/v2\/media\/19384"}],"wp:attachment":[{"href":"https:\/\/bisbalpenedes.com\/web\/wp-json\/wp\/v2\/media?parent=19383"}],"wp:term":[{"taxonomy":"category","embeddable":true,"href":"https:\/\/bisbalpenedes.com\/web\/wp-json\/wp\/v2\/categories?post=19383"},{"taxonomy":"post_tag","embeddable":true,"href":"https:\/\/bisbalpenedes.com\/web\/wp-json\/wp\/v2\/tags?post=19383"}],"curies":[{"name":"wp","href":"https:\/\/api.w.org\/{rel}","templated":true}]}}