{"id":19378,"date":"2021-10-01T11:09:11","date_gmt":"2021-10-01T09:09:11","guid":{"rendered":"https:\/\/bisbalpenedes.com\/web\/?p=19378"},"modified":"2021-10-01T11:09:11","modified_gmt":"2021-10-01T09:09:11","slug":"el-raco-de-la-gent-gran-ha-acollit-aquest-dijous-una-xerrada-taller-sobre-laplicacio-la-meva-salut","status":"publish","type":"post","link":"https:\/\/bisbalpenedes.com\/web\/2021\/10\/01\/el-raco-de-la-gent-gran-ha-acollit-aquest-dijous-una-xerrada-taller-sobre-laplicacio-la-meva-salut\/","title":{"rendered":"El Rac\u00f3 de la Gent Gran ha acollit, aquest dijous, una xerrada\/taller sobre l&#8217;aplicaci\u00f3 &#8216;La meva salut&#8217;"},"content":{"rendered":"\n<p>El Rac\u00f3 de la Gent Gran ha acollit, aquest dijous, una xerrada\/taller sobre l&#8217;aplicaci\u00f3 &#8220;La meva salut&#8221;, perqu\u00e8 les persones grans del municipi aprenguin a utilitzar aquesta aplicaci\u00f3.<\/p>\n\n\n\n<hr class=\"wp-block-separator\"\/>\n\n\n\n<p>El Rac\u00f3 de la Gent Gran ha acogido, este jueves, una charla\/taller sobre la aplicaci\u00f3n &#8220;La meva salut&#8221;, par que las personas mayores del municipio aprendan a utilizar esta aplicaci\u00f3n.<\/p>\n\n\n\n<figure class=\"wp-block-image size-large\"><img loading=\"lazy\" width=\"1024\" height=\"768\" src=\"https:\/\/bisbalpenedes.com\/web\/wp-content\/uploads\/2021\/10\/La-meva-salut-gent-gran-2-1024x768.jpg\" alt=\"\" class=\"wp-image-19379\" srcset=\"https:\/\/bisbalpenedes.com\/web\/wp-content\/uploads\/2021\/10\/La-meva-salut-gent-gran-2-1024x768.jpg 1024w, https:\/\/bisbalpenedes.com\/web\/wp-content\/uploads\/2021\/10\/La-meva-salut-gent-gran-2-600x450.jpg 600w, https:\/\/bisbalpenedes.com\/web\/wp-content\/uploads\/2021\/10\/La-meva-salut-gent-gran-2-300x225.jpg 300w, https:\/\/bisbalpenedes.com\/web\/wp-content\/uploads\/2021\/10\/La-meva-salut-gent-gran-2-768x576.jpg 768w, https:\/\/bisbalpenedes.com\/web\/wp-content\/uploads\/2021\/10\/La-meva-salut-gent-gran-2-1536x1152.jpg 1536w, https:\/\/bisbalpenedes.com\/web\/wp-content\/uploads\/2021\/10\/La-meva-salut-gent-gran-2.jpg 1600w\" sizes=\"(max-width: 1024px) 100vw, 1024px\" \/><\/figure>\n","protected":false},"excerpt":{"rendered":"<p>El Rac\u00f3 de la Gent Gran ha acollit, aquest dijous, una xerrada\/taller sobre l&#8217;aplicaci\u00f3 &#8220;La meva salut&#8221;, perqu\u00e8 les persones grans del municipi aprenguin a utilitzar aquesta aplicaci\u00f3. El Rac\u00f3 &hellip; <a href=\"https:\/\/bisbalpenedes.com\/web\/2021\/10\/01\/el-raco-de-la-gent-gran-ha-acollit-aquest-dijous-una-xerrada-taller-sobre-laplicacio-la-meva-salut\/\" class=\"more-link\">Read More<\/a><\/p>\n","protected":false},"author":4,"featured_media":19380,"comment_status":"closed","ping_status":"closed","sticky":false,"template":"","format":"standard","meta":[],"categories":[464,8],"tags":[305,393,3732,2115],"_links":{"self":[{"href":"https:\/\/bisbalpenedes.com\/web\/wp-json\/wp\/v2\/posts\/19378"}],"collection":[{"href":"https:\/\/bisbalpenedes.com\/web\/wp-json\/wp\/v2\/posts"}],"about":[{"href":"https:\/\/bisbalpenedes.com\/web\/wp-json\/wp\/v2\/types\/post"}],"author":[{"embeddable":true,"href":"https:\/\/bisbalpenedes.com\/web\/wp-json\/wp\/v2\/users\/4"}],"replies":[{"embeddable":true,"href":"https:\/\/bisbalpenedes.com\/web\/wp-json\/wp\/v2\/comments?post=19378"}],"version-history":[{"count":1,"href":"https:\/\/bisbalpenedes.com\/web\/wp-json\/wp\/v2\/posts\/19378\/revisions"}],"predecessor-version":[{"id":19381,"href":"https:\/\/bisbalpenedes.com\/web\/wp-json\/wp\/v2\/posts\/19378\/revisions\/19381"}],"wp:featuredmedia":[{"embeddable":true,"href":"https:\/\/bisbalpenedes.com\/web\/wp-json\/wp\/v2\/media\/19380"}],"wp:attachment":[{"href":"https:\/\/bisbalpenedes.com\/web\/wp-json\/wp\/v2\/media?parent=19378"}],"wp:term":[{"taxonomy":"category","embeddable":true,"href":"https:\/\/bisbalpenedes.com\/web\/wp-json\/wp\/v2\/categories?post=19378"},{"taxonomy":"post_tag","embeddable":true,"href":"https:\/\/bisbalpenedes.com\/web\/wp-json\/wp\/v2\/tags?post=19378"}],"curies":[{"name":"wp","href":"https:\/\/api.w.org\/{rel}","templated":true}]}}