{"id":19372,"date":"2021-09-30T13:06:10","date_gmt":"2021-09-30T11:06:10","guid":{"rendered":"https:\/\/bisbalpenedes.com\/web\/?p=19372"},"modified":"2021-09-30T13:06:25","modified_gmt":"2021-09-30T11:06:25","slug":"aquest-diumenge-3-doctubre-podreu-collaborar-amb-la-parada-del-rebost-solidari-que-hi-haura-a-la-fira","status":"publish","type":"post","link":"https:\/\/bisbalpenedes.com\/web\/2021\/09\/30\/aquest-diumenge-3-doctubre-podreu-collaborar-amb-la-parada-del-rebost-solidari-que-hi-haura-a-la-fira\/","title":{"rendered":"Aquest diumenge 3 d&#8217;octubre podreu col\u00b7laborar amb la parada del Rebost Solidari que hi haur\u00e0 a la Fira"},"content":{"rendered":"\n<p>Aquest diumenge podreu col\u00b7laborar amb el Rebost Solidari portant llet, caldo, productes d&#8217;higiene personal i productes de neteja a la parada que muntarem a La Fira.<\/p>\n\n\n\n<p>Si voleu fer la vostra aportaci\u00f3, per\u00f2 no podeu venir el diumenge, podeu adre\u00e7ar-vos a l&#8217;Ajuntament o contactar amb la Regidora de Benestar Social, Paqui Cepas, enviant un correu electr\u00f2nic a <a href=\"mailto:paqui@bisbalpenedes.com\">paqui@bisbalpenedes.com<\/a><\/p>\n\n\n\n<hr class=\"wp-block-separator\"\/>\n\n\n\n<p>Este domingo podr\u00e9is colaborar con el Rebost Solidari trayendo leche, caldo, productos de higiene personal y productos de limpieza a la parada que montaremos en la Fira.<\/p>\n\n\n\n<p>Si quer\u00e9is hacer vuestra aportaci\u00f3n, pero no pod\u00e9is venir el domingo, pod\u00e9is dirigiros al Ayuntamiento o contactar con la Concejala de Bienestar Social, Paqui Cepas, mandando un correo electr\u00f3nico a <a href=\"mailto:paqui@bisbalpenedes.com\">paqui@bisbalpenedes.com<\/a><\/p>\n\n\n\n<figure class=\"wp-block-image size-large\"><img loading=\"lazy\" width=\"724\" height=\"1024\" src=\"https:\/\/bisbalpenedes.com\/web\/wp-content\/uploads\/2021\/09\/rebost_solidari_recollir21-724x1024.jpg\" alt=\"\" class=\"wp-image-19374\" srcset=\"https:\/\/bisbalpenedes.com\/web\/wp-content\/uploads\/2021\/09\/rebost_solidari_recollir21-724x1024.jpg 724w, https:\/\/bisbalpenedes.com\/web\/wp-content\/uploads\/2021\/09\/rebost_solidari_recollir21-scaled-600x849.jpg 600w, https:\/\/bisbalpenedes.com\/web\/wp-content\/uploads\/2021\/09\/rebost_solidari_recollir21-212x300.jpg 212w, https:\/\/bisbalpenedes.com\/web\/wp-content\/uploads\/2021\/09\/rebost_solidari_recollir21-768x1086.jpg 768w, https:\/\/bisbalpenedes.com\/web\/wp-content\/uploads\/2021\/09\/rebost_solidari_recollir21-1086x1536.jpg 1086w, https:\/\/bisbalpenedes.com\/web\/wp-content\/uploads\/2021\/09\/rebost_solidari_recollir21-1448x2048.jpg 1448w, https:\/\/bisbalpenedes.com\/web\/wp-content\/uploads\/2021\/09\/rebost_solidari_recollir21-scaled.jpg 1810w\" sizes=\"(max-width: 724px) 100vw, 724px\" \/><\/figure>\n","protected":false},"excerpt":{"rendered":"<p>Aquest diumenge podreu col\u00b7laborar amb el Rebost Solidari portant llet, caldo, productes d&#8217;higiene personal i productes de neteja a la parada que muntarem a La Fira. Si voleu fer la &hellip; <a href=\"https:\/\/bisbalpenedes.com\/web\/2021\/09\/30\/aquest-diumenge-3-doctubre-podreu-collaborar-amb-la-parada-del-rebost-solidari-que-hi-haura-a-la-fira\/\" class=\"more-link\">Read More<\/a><\/p>\n","protected":false},"author":4,"featured_media":19373,"comment_status":"closed","ping_status":"closed","sticky":false,"template":"","format":"standard","meta":[],"categories":[975,3851,8],"tags":[4812,2643,393,2362,2644],"_links":{"self":[{"href":"https:\/\/bisbalpenedes.com\/web\/wp-json\/wp\/v2\/posts\/19372"}],"collection":[{"href":"https:\/\/bisbalpenedes.com\/web\/wp-json\/wp\/v2\/posts"}],"about":[{"href":"https:\/\/bisbalpenedes.com\/web\/wp-json\/wp\/v2\/types\/post"}],"author":[{"embeddable":true,"href":"https:\/\/bisbalpenedes.com\/web\/wp-json\/wp\/v2\/users\/4"}],"replies":[{"embeddable":true,"href":"https:\/\/bisbalpenedes.com\/web\/wp-json\/wp\/v2\/comments?post=19372"}],"version-history":[{"count":2,"href":"https:\/\/bisbalpenedes.com\/web\/wp-json\/wp\/v2\/posts\/19372\/revisions"}],"predecessor-version":[{"id":19376,"href":"https:\/\/bisbalpenedes.com\/web\/wp-json\/wp\/v2\/posts\/19372\/revisions\/19376"}],"wp:featuredmedia":[{"embeddable":true,"href":"https:\/\/bisbalpenedes.com\/web\/wp-json\/wp\/v2\/media\/19373"}],"wp:attachment":[{"href":"https:\/\/bisbalpenedes.com\/web\/wp-json\/wp\/v2\/media?parent=19372"}],"wp:term":[{"taxonomy":"category","embeddable":true,"href":"https:\/\/bisbalpenedes.com\/web\/wp-json\/wp\/v2\/categories?post=19372"},{"taxonomy":"post_tag","embeddable":true,"href":"https:\/\/bisbalpenedes.com\/web\/wp-json\/wp\/v2\/tags?post=19372"}],"curies":[{"name":"wp","href":"https:\/\/api.w.org\/{rel}","templated":true}]}}