{"id":19365,"date":"2021-09-30T09:40:23","date_gmt":"2021-09-30T07:40:23","guid":{"rendered":"https:\/\/bisbalpenedes.com\/web\/?p=19365"},"modified":"2021-09-30T09:40:23","modified_gmt":"2021-09-30T07:40:23","slug":"el-dissabte-el-duet-alma-oferira-un-concert-a-la-societat-cultural-bisbalenca-es-imprescindible-reservar-les-entrades","status":"publish","type":"post","link":"https:\/\/bisbalpenedes.com\/web\/2021\/09\/30\/el-dissabte-el-duet-alma-oferira-un-concert-a-la-societat-cultural-bisbalenca-es-imprescindible-reservar-les-entrades\/","title":{"rendered":"El dissabte el Duet Alma oferir\u00e0 un concert a la Societat Cultural Bisbalenca &#8211; \u00c9s imprescindible reservar les entrades"},"content":{"rendered":"\n<p>Aquest dissabte el Duet Alma oferir\u00e0 un concert, amb motiu de la Fira, a la Societat Cultural i Recreativa Bisbalenca. Encara hi ha places lliures. Recordeu que \u00e9s imprescindible reservar les entrades. Per a m\u00e9s informaci\u00f3 consulteu el cartell adjunt.<\/p>\n\n\n\n<hr class=\"wp-block-separator\"\/>\n\n\n\n<p>Este s\u00e1bado el Duet Alma ofrecer\u00e1 un concierto, con motivo de la Fira, en la Societat Cultural i Recreativa Bisbalenca.Todav\u00eda hay plazas libres. Recordad que es imprescindible reservar las entradas. Para m\u00e1s informaci\u00f3n consultad el cartel adjunt.<\/p>\n","protected":false},"excerpt":{"rendered":"<p>Aquest dissabte el Duet Alma oferir\u00e0 un concert, amb motiu de la Fira, a la Societat Cultural i Recreativa Bisbalenca. Encara hi ha places lliures. Recordeu que \u00e9s imprescindible reservar &hellip; <a href=\"https:\/\/bisbalpenedes.com\/web\/2021\/09\/30\/el-dissabte-el-duet-alma-oferira-un-concert-a-la-societat-cultural-bisbalenca-es-imprescindible-reservar-les-entrades\/\" class=\"more-link\">Read More<\/a><\/p>\n","protected":false},"author":4,"featured_media":19366,"comment_status":"closed","ping_status":"closed","sticky":false,"template":"","format":"standard","meta":[],"categories":[2942,20,8],"tags":[73,4627,351,393,4134],"_links":{"self":[{"href":"https:\/\/bisbalpenedes.com\/web\/wp-json\/wp\/v2\/posts\/19365"}],"collection":[{"href":"https:\/\/bisbalpenedes.com\/web\/wp-json\/wp\/v2\/posts"}],"about":[{"href":"https:\/\/bisbalpenedes.com\/web\/wp-json\/wp\/v2\/types\/post"}],"author":[{"embeddable":true,"href":"https:\/\/bisbalpenedes.com\/web\/wp-json\/wp\/v2\/users\/4"}],"replies":[{"embeddable":true,"href":"https:\/\/bisbalpenedes.com\/web\/wp-json\/wp\/v2\/comments?post=19365"}],"version-history":[{"count":1,"href":"https:\/\/bisbalpenedes.com\/web\/wp-json\/wp\/v2\/posts\/19365\/revisions"}],"predecessor-version":[{"id":19367,"href":"https:\/\/bisbalpenedes.com\/web\/wp-json\/wp\/v2\/posts\/19365\/revisions\/19367"}],"wp:featuredmedia":[{"embeddable":true,"href":"https:\/\/bisbalpenedes.com\/web\/wp-json\/wp\/v2\/media\/19366"}],"wp:attachment":[{"href":"https:\/\/bisbalpenedes.com\/web\/wp-json\/wp\/v2\/media?parent=19365"}],"wp:term":[{"taxonomy":"category","embeddable":true,"href":"https:\/\/bisbalpenedes.com\/web\/wp-json\/wp\/v2\/categories?post=19365"},{"taxonomy":"post_tag","embeddable":true,"href":"https:\/\/bisbalpenedes.com\/web\/wp-json\/wp\/v2\/tags?post=19365"}],"curies":[{"name":"wp","href":"https:\/\/api.w.org\/{rel}","templated":true}]}}