{"id":19354,"date":"2021-09-30T08:00:00","date_gmt":"2021-09-30T06:00:00","guid":{"rendered":"https:\/\/bisbalpenedes.com\/web\/?p=19354"},"modified":"2021-09-29T10:29:34","modified_gmt":"2021-09-29T08:29:34","slug":"lajuntament-renova-el-conveni-amb-laeat-i-la-femp-en-materia-dintercanvi-dinformacio-tributaria-i-collaboracio-en-la-gestio-recaptatoria-de-les-entitats-locals","status":"publish","type":"post","link":"https:\/\/bisbalpenedes.com\/web\/2021\/09\/30\/lajuntament-renova-el-conveni-amb-laeat-i-la-femp-en-materia-dintercanvi-dinformacio-tributaria-i-collaboracio-en-la-gestio-recaptatoria-de-les-entitats-locals\/","title":{"rendered":"L\u2019Ajuntament renova el conveni amb l\u2019AEAT i la FEMP en mat\u00e8ria d\u2019intercanvi d\u2019informaci\u00f3 tribut\u00e0ria i col\u00b7laboraci\u00f3 en la gesti\u00f3 recaptat\u00f2ria de les entitats locals"},"content":{"rendered":"\n<p>L\u2019Ajuntament de la Bisbal del Pened\u00e8s ha renovat el conveni amb l\u2019Ag\u00e8ncia Estatal de l\u2019Administraci\u00f3 Tribut\u00e0ria (AEAT) i la Federaci\u00f3 Espanyola de Municipis i Prov\u00edncies (FEMP) en mat\u00e8ria d\u2019intercanvi d\u2019informaci\u00f3 tribut\u00e0ria i col\u00b7laboraci\u00f3 en la gesti\u00f3 recaptat\u00f2ria amb els ens locals.<\/p>\n\n\n\n<p>L\u2019Ajuntament est\u00e0 adherit, des de l\u2019octubre de 2018, a aquest conveni, mitjan\u00e7ant els connectors Via Oberta i els serveis web de l\u2019AEAT, que possibiliten l\u2019intercanvi d\u2019informaci\u00f3 a nivell administratiu. El passat mes d\u2019agost, la Depend\u00e8ncia Regional de Relacions Institucionals va comunicar a l\u2019Ajuntament de la Bisbal del Pened\u00e8s que s\u2019havien modificat els convenis amb l\u2019AEAT i la FEMP i, per tant, s\u2019havien de tornar a aprovar per tal de poder seguir utilitzant els serveis d\u2019intercanvi d\u2019informaci\u00f3 amb l\u2019AEAT implementats als entorns de gesti\u00f3 documental (Gestiona, Eacat, etc.).<\/p>\n\n\n\n<hr class=\"wp-block-separator\"\/>\n\n\n\n<p>El Ayuntamiento de la Bisbal del Pened\u00e8s ha renovado el convenio con la Agencia Estatal de la Administraci\u00f3n Tributaria (AEAT) y la Federaci\u00f3n Espa\u00f1ola de Municipios y Provincias (FEMP) en materia de intercambio de informaci\u00f3n tributaria y colaboraci\u00f3n en la gesti\u00f3n recaudatoria con los entes locales.<\/p>\n\n\n\n<p>El Ayuntamiento est\u00e1 adherido, desde octubre del 2018, a este convenio, mediante los conectores Via Oberta y los servicios web de la AEAT, que posibilitan el intercambio de informaci\u00f3n a nivel administrativo. El pasado mes de agosto, la Dependencia Regional de Relaciones Institucionales comunic\u00f3 al Ayuntamiento de la Bisbal del Pened\u00e8s que se hab\u00edan modificado los convenios cona la AEAT y la FEMP y, por consiguiente, se ten\u00edan que volver a aprobar con tal de poder seguir utilizando los servicios de intercambio de informaci\u00f3n con la AEAT implementados a los entornos de gesti\u00f3n documental (Gestiona, Eacat, etc.).<\/p>\n","protected":false},"excerpt":{"rendered":"<p>L\u2019Ajuntament de la Bisbal del Pened\u00e8s ha renovat el conveni amb l\u2019Ag\u00e8ncia Estatal de l\u2019Administraci\u00f3 Tribut\u00e0ria (AEAT) i la Federaci\u00f3 Espanyola de Municipis i Prov\u00edncies (FEMP) en mat\u00e8ria d\u2019intercanvi d\u2019informaci\u00f3 &hellip; <a href=\"https:\/\/bisbalpenedes.com\/web\/2021\/09\/30\/lajuntament-renova-el-conveni-amb-laeat-i-la-femp-en-materia-dintercanvi-dinformacio-tributaria-i-collaboracio-en-la-gestio-recaptatoria-de-les-entitats-locals\/\" class=\"more-link\">Read More<\/a><\/p>\n","protected":false},"author":4,"featured_media":13539,"comment_status":"closed","ping_status":"closed","sticky":false,"template":"","format":"standard","meta":[],"categories":[2402,3085,8],"tags":[4804,440,4805,393],"_links":{"self":[{"href":"https:\/\/bisbalpenedes.com\/web\/wp-json\/wp\/v2\/posts\/19354"}],"collection":[{"href":"https:\/\/bisbalpenedes.com\/web\/wp-json\/wp\/v2\/posts"}],"about":[{"href":"https:\/\/bisbalpenedes.com\/web\/wp-json\/wp\/v2\/types\/post"}],"author":[{"embeddable":true,"href":"https:\/\/bisbalpenedes.com\/web\/wp-json\/wp\/v2\/users\/4"}],"replies":[{"embeddable":true,"href":"https:\/\/bisbalpenedes.com\/web\/wp-json\/wp\/v2\/comments?post=19354"}],"version-history":[{"count":1,"href":"https:\/\/bisbalpenedes.com\/web\/wp-json\/wp\/v2\/posts\/19354\/revisions"}],"predecessor-version":[{"id":19355,"href":"https:\/\/bisbalpenedes.com\/web\/wp-json\/wp\/v2\/posts\/19354\/revisions\/19355"}],"wp:featuredmedia":[{"embeddable":true,"href":"https:\/\/bisbalpenedes.com\/web\/wp-json\/wp\/v2\/media\/13539"}],"wp:attachment":[{"href":"https:\/\/bisbalpenedes.com\/web\/wp-json\/wp\/v2\/media?parent=19354"}],"wp:term":[{"taxonomy":"category","embeddable":true,"href":"https:\/\/bisbalpenedes.com\/web\/wp-json\/wp\/v2\/categories?post=19354"},{"taxonomy":"post_tag","embeddable":true,"href":"https:\/\/bisbalpenedes.com\/web\/wp-json\/wp\/v2\/tags?post=19354"}],"curies":[{"name":"wp","href":"https:\/\/api.w.org\/{rel}","templated":true}]}}