{"id":19352,"date":"2021-09-29T10:14:55","date_gmt":"2021-09-29T08:14:55","guid":{"rendered":"https:\/\/bisbalpenedes.com\/web\/?p=19352"},"modified":"2021-09-29T10:14:55","modified_gmt":"2021-09-29T08:14:55","slug":"saprova-una-comanda-de-subministrament-de-paper-dimpressio-en-el-marc-de-ladhesio-a-la-central-de-compres-de-lacm","status":"publish","type":"post","link":"https:\/\/bisbalpenedes.com\/web\/2021\/09\/29\/saprova-una-comanda-de-subministrament-de-paper-dimpressio-en-el-marc-de-ladhesio-a-la-central-de-compres-de-lacm\/","title":{"rendered":"S\u2019aprova una comanda de subministrament de paper d\u2019impressi\u00f3 en el marc de l\u2019adhesi\u00f3 a la central de compres de l\u2019ACM"},"content":{"rendered":"\n<p>La Junta de Govern del 27 de setembre ha aprovat la contractaci\u00f3 del subministrament de 340 paquets de paper d\u2019impressi\u00f3 amb l\u2019empresa LYRECO ESPA\u00d1A, S.A. en el marc de l\u2019adhesi\u00f3 a la central de compres de l\u2019Associaci\u00f3 Catalana de Municipis (ACM). L\u2019import de la comanda ascendeix a 1.186,53\u20ac.<\/p>\n\n\n\n<p>L\u2019Ajuntament de la Bisbal del Pened\u00e8s est\u00e0 adherit al sistema d\u2019adquisici\u00f3 centralitzada i la contractaci\u00f3 de serveis a trav\u00e9s de la central de compres de l\u2019ACM des de l\u2019octubre de 2019, amb l\u2019objectiu de realitzar compres o adquirir serveis amb preus m\u00e9s econ\u00f2mics i optimitzar els terminis dels procediments administratius, ja que l\u2019Ajuntament no ha de dur a terme la licitaci\u00f3 per poder executar aquesta compra. L\u2019Ajuntament de la Bisbal del Pened\u00e8s va fer una primera comanda a trav\u00e9s d\u2019aquest acord marc amb l\u2019ACM el 2020 i ara n\u2019ha fet la segona.<\/p>\n\n\n\n<hr class=\"wp-block-separator\"\/>\n\n\n\n<p>La Junta de Gobierno del 27 de septiembre ha aprobado la contrataci\u00f3n del suministro de 340 paquetes de papel de impresi\u00f3n con la empresa LYRECO ESPA\u00d1A, S.A. en el marco de la adhesi\u00f3n a la central de compras de la Associaci\u00f3 Catalana de Municipis (ACM). El importe de la comanda asciende a 1.186,53\u20ac.<\/p>\n\n\n\n<p>El Ayuntamiento de la Bisbal del Pened\u00e8s est\u00e1 adherido al sistema de adquisici\u00f3n centralizada y la contrataci\u00f3n de servicios a trav\u00e9s de la central de compras de la ACM desde el mes octubre de 2019, con el objetivo de realizar compras o adquirir servicios con precios m\u00e1s econ\u00f3micos y optimizar los plazos de los procedimientos administrativos, ya que el Ayuntamiento no tiene que llevar a cabo la licitaci\u00f3n para poder ejecutar esta compra. El Ayuntamiento de la Bisbal del Pened\u00e8s hizo una primera comanda a trav\u00e9s de este acuerdo marco con la ACM en 2020 y ahora ha realizado una segunda.<\/p>\n","protected":false},"excerpt":{"rendered":"<p>La Junta de Govern del 27 de setembre ha aprovat la contractaci\u00f3 del subministrament de 340 paquets de paper d\u2019impressi\u00f3 amb l\u2019empresa LYRECO ESPA\u00d1A, S.A. en el marc de l\u2019adhesi\u00f3 &hellip; <a href=\"https:\/\/bisbalpenedes.com\/web\/2021\/09\/29\/saprova-una-comanda-de-subministrament-de-paper-dimpressio-en-el-marc-de-ladhesio-a-la-central-de-compres-de-lacm\/\" class=\"more-link\">Read More<\/a><\/p>\n","protected":false},"author":4,"featured_media":14717,"comment_status":"closed","ping_status":"closed","sticky":false,"template":"","format":"standard","meta":[],"categories":[2402,3085,8],"tags":[4803,393],"_links":{"self":[{"href":"https:\/\/bisbalpenedes.com\/web\/wp-json\/wp\/v2\/posts\/19352"}],"collection":[{"href":"https:\/\/bisbalpenedes.com\/web\/wp-json\/wp\/v2\/posts"}],"about":[{"href":"https:\/\/bisbalpenedes.com\/web\/wp-json\/wp\/v2\/types\/post"}],"author":[{"embeddable":true,"href":"https:\/\/bisbalpenedes.com\/web\/wp-json\/wp\/v2\/users\/4"}],"replies":[{"embeddable":true,"href":"https:\/\/bisbalpenedes.com\/web\/wp-json\/wp\/v2\/comments?post=19352"}],"version-history":[{"count":1,"href":"https:\/\/bisbalpenedes.com\/web\/wp-json\/wp\/v2\/posts\/19352\/revisions"}],"predecessor-version":[{"id":19353,"href":"https:\/\/bisbalpenedes.com\/web\/wp-json\/wp\/v2\/posts\/19352\/revisions\/19353"}],"wp:featuredmedia":[{"embeddable":true,"href":"https:\/\/bisbalpenedes.com\/web\/wp-json\/wp\/v2\/media\/14717"}],"wp:attachment":[{"href":"https:\/\/bisbalpenedes.com\/web\/wp-json\/wp\/v2\/media?parent=19352"}],"wp:term":[{"taxonomy":"category","embeddable":true,"href":"https:\/\/bisbalpenedes.com\/web\/wp-json\/wp\/v2\/categories?post=19352"},{"taxonomy":"post_tag","embeddable":true,"href":"https:\/\/bisbalpenedes.com\/web\/wp-json\/wp\/v2\/tags?post=19352"}],"curies":[{"name":"wp","href":"https:\/\/api.w.org\/{rel}","templated":true}]}}