{"id":19347,"date":"2021-09-29T09:21:21","date_gmt":"2021-09-29T07:21:21","guid":{"rendered":"https:\/\/bisbalpenedes.com\/web\/?p=19347"},"modified":"2021-09-29T09:21:21","modified_gmt":"2021-09-29T07:21:21","slug":"la-junta-de-govern-aprova-presentar-allegacions-al-tramit-dinformacio-publica-de-la-mat-cluster-begues","status":"publish","type":"post","link":"https:\/\/bisbalpenedes.com\/web\/2021\/09\/29\/la-junta-de-govern-aprova-presentar-allegacions-al-tramit-dinformacio-publica-de-la-mat-cluster-begues\/","title":{"rendered":"La Junta de Govern aprova presentar al\u00b7legacions al tr\u00e0mit d\u2019informaci\u00f3 p\u00fablica de la MAT Cl\u00faster Begues"},"content":{"rendered":"\n<p>La Junta de Govern de l\u2019Ajuntament de la Bisbal del Pened\u00e8s, celebrada el dilluns 27 de setembre, ha aprovat presentar al\u00b7legacions informant desfavorablement al projecte de la MAT Cl\u00faster Begues que promou l\u2019empresa Forestalia pels seg\u00fcents motius:<\/p>\n\n\n\n<ul><li>Per considerar-se contrari a all\u00f2 que disposa la Llei 24\/2013, del 26 de desembre, del sector el\u00e8ctric i altra normativa d\u2019aplicaci\u00f3<\/li><li>Per considerar-lo contrari a les determinacions contingudes a la Llei 21\/2013, del 9 de desembre, d\u2019avaluaci\u00f3 ambiental i la resta de normativa d\u2019aplicaci\u00f3<\/li><\/ul>\n\n\n\n<p>Les al\u00b7legacions es presenten sobre la base d\u2019informes t\u00e8cnics, jur\u00eddics i mediambientals, preparats per t\u00e8cnics contractats per tots els ajuntaments i consells comarcals afectats per la MAT, i tenint en compte tamb\u00e9 l\u2019informe de l\u2019enginyer municipal.<\/p>\n\n\n\n<p>Les al\u00b7legacions presentades fan refer\u00e8ncia a les seg\u00fcents q\u00fcestions:<\/p>\n\n\n\n<p>\u201c-El projecte parla que, la l\u00ednia MAT que travessa el territori \u00e9s una l\u00ednia d\u2019evacuaci\u00f3. L\u2019informe determina que \u00e9s una l\u00ednia de transport d\u2019energia i, per tant, segons la normativa actual de la Red El\u00e9ctrica de Espa\u00f1a, que \u00e9s una societat estatal, \u00e9s l\u2019\u00fanica que pot fer d\u2019operadora del sistema i de gestora de qualsevol xarxa de transport d\u2019energia.<\/p>\n\n\n\n<p>-Tampoc justifiquen t\u00e8cnicament la capacitat de producci\u00f3 el\u00e8ctrica amb la capacitat de transport de la l\u00ednia i se\u2019n despr\u00e8n que el projecte est\u00e0 sobredimensionat.<\/p>\n\n\n\n<p>-Aquest projecte suposa fer una franja de seguretat al llarg de tot el projecte de la l\u00ednia, d\u2019uns 100 metres d\u2019amplitud (50 per costat).<\/p>\n\n\n\n<p>-No han tingut en compte ni les \u00e0ligues cuabarrades que nien a la Bisbal, ni la xarxa Natura 2000, ni la proximitat a les zones habitades, ni les superf\u00edcies de conreu. Per no parlar de l\u2019impacte paisatg\u00edstic i de les activitats de turisme rural.<\/p>\n\n\n\n<p>-Aquest projecte no t\u00e9 en compte el territori, perqu\u00e8 afecta les DO, de vi, cava i oli. I tampoc els plans territorials del Camp de Tarragona i el Pened\u00e8s\u201d.<\/p>\n\n\n\n<p>L\u2019Ajuntament de La Bisbal del Pened\u00e8s s\u2019ha adherit a les al\u00b7legacions que presenten tots els municipis i consells comarcals afectats pel pas de la l\u00ednia MAT. L\u2019alcaldessa de la Bisbal del Pened\u00e8s, Agn\u00e8s Ferr\u00e9, ha explicat que \u201cen el moment que es presentin les al\u00b7legacions per part de tots els municipis i consells comarcals, caldr\u00e0 esperar resposta. A mesura que anem comptant amb m\u00e9s informaci\u00f3, la traslladarem a la ciutadania\u201d.<\/p>\n\n\n\n<p>Ferr\u00e9 ha recordat que \u201cla l\u00ednia MAT que planteja Forestalia creua la Bisbal del Pened\u00e8s en 7,8km i contempla la instal\u00b7laci\u00f3 de 27 torres de Molt Alta Tensi\u00f3 al nostre municipi. A m\u00e9s, afecta 145 parcel\u00b7les i 65 propietaris. El total de quil\u00f2metres de territori catal\u00e0 que pret\u00e9n travessar la MAT ascendeix a 121km\u201d.<\/p>\n\n\n\n<p>Paral\u00b7lelament, les oficines municipals han recollit m\u00e9s de 450 al\u00b7legacions del conjunt de la ciutadania. L\u2019Ajuntament de la Bisbal del Pened\u00e8s les far\u00e0 arribar, properament, a la Subdelegaci\u00f3 del govern espanyol de Tarragona.<\/p>\n\n\n\n<hr class=\"wp-block-separator\"\/>\n\n\n\n<p><strong>CASTELLANO<\/strong> | La Junta de Gobierno del Ayuntamiento de la Bisbal del Pened\u00e8s, celebrada el lunes 27 de septiembre, ha aprobado presentar alegaciones informando desfavorablemente en el proyecto de la MAT Cl\u00faster Begues que promueve la empresa Forestalia por los siguientes motivos:<\/p>\n\n\n\n<ul><li>Por considerarse contrario a aquello que dispone la Ley 24\/2013, del 26 de diciembre, del sector el\u00e9ctrico y otra normativa de aplicaci\u00f3n<\/li><li>Por considerarlo contrario a las determinaciones contenidas a la Ley 21\/2013, del 9 de diciembre, de evaluaci\u00f3n ambiental y el resto de normativa de aplicaci\u00f3n<\/li><\/ul>\n\n\n\n<p>Las alegaciones se presentan en base a informes t\u00e9cnicos, jur\u00eddicos y medioambientales, preparados por t\u00e9cnicos contratados por todos los ayuntamientos y <em>consells comarcals<\/em> afectados por la MAT, y teniendo en cuenta tambi\u00e9n el informe del ingeniero municipal.<\/p>\n\n\n\n<p>Las alegaciones presentadas hacen referencia a las siguientes cuestiones:<\/p>\n\n\n\n<p>\u201c-El proyecto dice que, la l\u00ednea MAT que atraviesa el territorio es una l\u00ednea de evacuaci\u00f3n. El informe determina que es una l\u00ednea de transporte de energ\u00eda y, por lo tanto, seg\u00fan la normativa actual de la Red El\u00e9ctrica de Espa\u00f1a, que es una sociedad estatal, es la \u00fanica que puede hacer de operadora del sistema y de gestora de cualquier red de transporte de energ\u00eda.<\/p>\n\n\n\n<p>-Tampoco justifican t\u00e9cnicamente la capacidad de producci\u00f3n el\u00e9ctrica con la capacidad de transporte de la l\u00ednea y se desprende que el proyecto est\u00e1 sobredimensionado.<\/p>\n\n\n\n<p>-Este proyecto supone hacer una franja de seguridad a lo largo de todo el proyecto de la l\u00ednea, de unos 100 metros de amplitud (50 por lado).<\/p>\n\n\n\n<p>-No han tenido en cuenta ni las \u00e1guilas perdiceras que anidan en la Bisbal, ni la red Natura 2000, ni la proximidad de las zonas habitadas, ni las superficies de cultivo. Por no hablar del impacto paisaj\u00edstico y de las actividades de turismo rural.<\/p>\n\n\n\n<p>-Este proyecto no tiene en cuenta el territorio, porque afecta las DO, de vino, cava y aceite. Y tampoco los planes territoriales del Camp de Tarragona y el Pened\u00e8s\u201d.<\/p>\n\n\n\n<p>El Ayuntamiento de La Bisbal del Pened\u00e8s se ha adherido a las alegaciones que presentan todos los municipios y <em>consells comarcals<\/em> afectados por el paso de la l\u00ednea MAT. La alcaldesa de la Bisbal del Pened\u00e8s, Agn\u00e8s Ferr\u00e9, ha explicado que \u201cen el momento que se presenten las alegaciones por parte de todos los municipios y consells <em>comarcals, habr\u00e1<\/em> que esperar respuesta. A medida que vayamos contando con m\u00e1s informaci\u00f3n, la trasladaremos a la ciudadan\u00eda\u201d.<\/p>\n\n\n\n<p>Ferr\u00e9 ha recordado que \u201cla l\u00ednea MAT que plantea Forestalia cruza la Bisbal del Pened\u00e8s en 7,8km y contempla la instalaci\u00f3n de 27 torres de Muy Alta Tensi\u00f3n en nuestro municipio. Adem\u00e1s, afecta a 145 parcelas y 65 propietarios. El total de kil\u00f3metros de territorio catal\u00e1n que pretende atravesar la MAT asciende a 121km\u201d.<\/p>\n\n\n\n<p>Paralelamente, las oficinas municipales han recogido m\u00e1s de 450 alegaciones del conjunto de la ciudadan\u00eda. El Ayuntamiento de la Bisbal del Pened\u00e8s las har\u00e1 llegar, pr\u00f3ximamente, a la Subdelegaci\u00f3n del gobierno espa\u00f1ol de Tarragona.<\/p>\n","protected":false},"excerpt":{"rendered":"<p>La Junta de Govern de l\u2019Ajuntament de la Bisbal del Pened\u00e8s, celebrada el dilluns 27 de setembre, ha aprovat presentar al\u00b7legacions informant desfavorablement al projecte de la MAT Cl\u00faster Begues &hellip; <a href=\"https:\/\/bisbalpenedes.com\/web\/2021\/09\/29\/la-junta-de-govern-aprova-presentar-allegacions-al-tramit-dinformacio-publica-de-la-mat-cluster-begues\/\" class=\"more-link\">Read More<\/a><\/p>\n","protected":false},"author":4,"featured_media":19090,"comment_status":"closed","ping_status":"closed","sticky":false,"template":"","format":"standard","meta":[],"categories":[2402,3085,8],"tags":[],"_links":{"self":[{"href":"https:\/\/bisbalpenedes.com\/web\/wp-json\/wp\/v2\/posts\/19347"}],"collection":[{"href":"https:\/\/bisbalpenedes.com\/web\/wp-json\/wp\/v2\/posts"}],"about":[{"href":"https:\/\/bisbalpenedes.com\/web\/wp-json\/wp\/v2\/types\/post"}],"author":[{"embeddable":true,"href":"https:\/\/bisbalpenedes.com\/web\/wp-json\/wp\/v2\/users\/4"}],"replies":[{"embeddable":true,"href":"https:\/\/bisbalpenedes.com\/web\/wp-json\/wp\/v2\/comments?post=19347"}],"version-history":[{"count":1,"href":"https:\/\/bisbalpenedes.com\/web\/wp-json\/wp\/v2\/posts\/19347\/revisions"}],"predecessor-version":[{"id":19348,"href":"https:\/\/bisbalpenedes.com\/web\/wp-json\/wp\/v2\/posts\/19347\/revisions\/19348"}],"wp:featuredmedia":[{"embeddable":true,"href":"https:\/\/bisbalpenedes.com\/web\/wp-json\/wp\/v2\/media\/19090"}],"wp:attachment":[{"href":"https:\/\/bisbalpenedes.com\/web\/wp-json\/wp\/v2\/media?parent=19347"}],"wp:term":[{"taxonomy":"category","embeddable":true,"href":"https:\/\/bisbalpenedes.com\/web\/wp-json\/wp\/v2\/categories?post=19347"},{"taxonomy":"post_tag","embeddable":true,"href":"https:\/\/bisbalpenedes.com\/web\/wp-json\/wp\/v2\/tags?post=19347"}],"curies":[{"name":"wp","href":"https:\/\/api.w.org\/{rel}","templated":true}]}}