{"id":19339,"date":"2021-09-28T20:19:44","date_gmt":"2021-09-28T18:19:44","guid":{"rendered":"https:\/\/bisbalpenedes.com\/web\/?p=19339"},"modified":"2021-09-28T20:19:44","modified_gmt":"2021-09-28T18:19:44","slug":"xerrada-sobre-el-funcionament-de-laplicacio-la-meva-salut-adrecada-a-la-gent-gran-dijous-30-de-setembre-a-les-18h-al-raco-de-la-gent-gran","status":"publish","type":"post","link":"https:\/\/bisbalpenedes.com\/web\/2021\/09\/28\/xerrada-sobre-el-funcionament-de-laplicacio-la-meva-salut-adrecada-a-la-gent-gran-dijous-30-de-setembre-a-les-18h-al-raco-de-la-gent-gran\/","title":{"rendered":"Xerrada sobre el funcionament de l&#8217;aplicaci\u00f3 &#8216;La meva Salut&#8217; adre\u00e7ada a la Gent Gran &#8211; Dijous 30 de setembre a les 18h al Rac\u00f3 de la Gent Gran"},"content":{"rendered":"\n<p>L&#8217;Associaci\u00f3 de la Gent Gran ha organitzat una xerrada sobre el funcionament de l&#8217;aplicaci\u00f3 &#8216;La meva salut&#8217; amb l&#8217;objectiu que les persones grans del municipi la coneguin i la s\u00e0piguen utilitzar per consultar les seves dades m\u00e8diques, els resultats de les proves m\u00e8diques o anal\u00edtiques; les properes visites previstes amb infermeria, doctors de cap\u00e7alera o metges especialistes; els seus plans de medicaci\u00f3, etc.<\/p>\n\n\n\n<p>L&#8217;activitat es dur\u00e0 a terme en grups de 10 a 15 persones al Rac\u00f3 de la Gent Gran el proper dijous <strong>30 de setembre a les 18h.<\/strong> Cal que porteu el tel\u00e8fon m\u00f2bil.<\/p>\n\n\n\n<p><strong>Inscripcions al 601 984 491.<\/strong><\/p>\n\n\n\n<hr class=\"wp-block-separator\"\/>\n\n\n\n<p>La Associaci\u00f3 de la Gent Gran ha organizado una charla sobre el funcionamiento de la aplicaci\u00f3n &#8216;La meva salut&#8217; con el objetivo de que las personas mayores del municipio la conozcan y la sepan utilizar para consultar sus datos m\u00e9dicos, los resultados de las pruebas m\u00e9dicas o anal\u00edticas; las pr\u00f3ximas visitas previstas con enfermer\u00eda, doctores de cabecera o m\u00e9dicos especialistas; sus planes de medicaci\u00f3n, etc.<\/p>\n\n\n\n<p>La actividad se llevar\u00e1 a cabo en grupos de 10 a 15 personas en el Rac\u00f3 de la Gent Gran el pr\u00f3ximo jueves <strong>30 de septiembre a las 18h.<\/strong> Es necesario llevar el tel\u00e9fono m\u00f3vil.<\/p>\n\n\n\n<p><strong>Inscripciones en el 601 984 491.<\/strong><\/p>\n","protected":false},"excerpt":{"rendered":"<p>L&#8217;Associaci\u00f3 de la Gent Gran ha organitzat una xerrada sobre el funcionament de l&#8217;aplicaci\u00f3 &#8216;La meva salut&#8217; amb l&#8217;objectiu que les persones grans del municipi la coneguin i la s\u00e0piguen &hellip; <a href=\"https:\/\/bisbalpenedes.com\/web\/2021\/09\/28\/xerrada-sobre-el-funcionament-de-laplicacio-la-meva-salut-adrecada-a-la-gent-gran-dijous-30-de-setembre-a-les-18h-al-raco-de-la-gent-gran\/\" class=\"more-link\">Read More<\/a><\/p>\n","protected":false},"author":4,"featured_media":19340,"comment_status":"closed","ping_status":"closed","sticky":false,"template":"","format":"standard","meta":[],"categories":[2942,20,464,8],"tags":[950,305,3732,2115,45],"_links":{"self":[{"href":"https:\/\/bisbalpenedes.com\/web\/wp-json\/wp\/v2\/posts\/19339"}],"collection":[{"href":"https:\/\/bisbalpenedes.com\/web\/wp-json\/wp\/v2\/posts"}],"about":[{"href":"https:\/\/bisbalpenedes.com\/web\/wp-json\/wp\/v2\/types\/post"}],"author":[{"embeddable":true,"href":"https:\/\/bisbalpenedes.com\/web\/wp-json\/wp\/v2\/users\/4"}],"replies":[{"embeddable":true,"href":"https:\/\/bisbalpenedes.com\/web\/wp-json\/wp\/v2\/comments?post=19339"}],"version-history":[{"count":1,"href":"https:\/\/bisbalpenedes.com\/web\/wp-json\/wp\/v2\/posts\/19339\/revisions"}],"predecessor-version":[{"id":19341,"href":"https:\/\/bisbalpenedes.com\/web\/wp-json\/wp\/v2\/posts\/19339\/revisions\/19341"}],"wp:featuredmedia":[{"embeddable":true,"href":"https:\/\/bisbalpenedes.com\/web\/wp-json\/wp\/v2\/media\/19340"}],"wp:attachment":[{"href":"https:\/\/bisbalpenedes.com\/web\/wp-json\/wp\/v2\/media?parent=19339"}],"wp:term":[{"taxonomy":"category","embeddable":true,"href":"https:\/\/bisbalpenedes.com\/web\/wp-json\/wp\/v2\/categories?post=19339"},{"taxonomy":"post_tag","embeddable":true,"href":"https:\/\/bisbalpenedes.com\/web\/wp-json\/wp\/v2\/tags?post=19339"}],"curies":[{"name":"wp","href":"https:\/\/api.w.org\/{rel}","templated":true}]}}