{"id":19287,"date":"2021-09-23T09:23:16","date_gmt":"2021-09-23T07:23:16","guid":{"rendered":"https:\/\/bisbalpenedes.com\/web\/?p=19287"},"modified":"2021-09-23T09:23:50","modified_gmt":"2021-09-23T07:23:50","slug":"els-mesos-de-setembre-i-octubre-gaudeix-del-projecte-arter-a-la-biblioteca-enguany-se-centra-en-la-figura-dantoni-gaudi","status":"publish","type":"post","link":"https:\/\/bisbalpenedes.com\/web\/2021\/09\/23\/els-mesos-de-setembre-i-octubre-gaudeix-del-projecte-arter-a-la-biblioteca-enguany-se-centra-en-la-figura-dantoni-gaudi\/","title":{"rendered":"Els mesos de setembre i octubre gaudeix del projecte ArTer a la Biblioteca &#8211; Enguany se centra en la figura d&#8217;Antoni Gaud\u00ed"},"content":{"rendered":"\n<p>La biblioteca dedicar\u00e0 els mesos de setembre i octubre al projecte ArTer (Art i Artistes del Territori), una iniciativa que pret\u00e9n donar a con\u00e8ixer l&#8217;obra i el treball dels nostres artistes en tots els seus vessants. A m\u00e9s d&#8217;un expositor amb novetats bibliogr\u00e0fiques facilitades pel Servei de Biblioteques, aquest any el cicle se centra en la figura d&#8217;Antoni Gaud\u00ed, per ser descoberta des de tots els \u00e0mbits i edats.<\/p>\n\n\n\n<hr class=\"wp-block-separator\"\/>\n\n\n\n<p>La biblioteca dedicar\u00e1 los meses de septiembre y octubre al proyecto ArTer (Arte y Artistas del Territorio), una iniciativa que pretende dar a conocer la obra y el trabajo de nuestros artistas en todas sus vertientes. Adem\u00e1s de un expositor con novedades bibliogr\u00e1ficas facilitadas por el Servicio de Bibliotecas, este a\u00f1o el ciclo se centra en la figura de Antoni Gaud\u00ed, para ser descubierta desde todos los \u00e1mbitos y edades.<\/p>\n","protected":false},"excerpt":{"rendered":"<p>La biblioteca dedicar\u00e0 els mesos de setembre i octubre al projecte ArTer (Art i Artistes del Territori), una iniciativa que pret\u00e9n donar a con\u00e8ixer l&#8217;obra i el treball dels nostres &hellip; <a href=\"https:\/\/bisbalpenedes.com\/web\/2021\/09\/23\/els-mesos-de-setembre-i-octubre-gaudeix-del-projecte-arter-a-la-biblioteca-enguany-se-centra-en-la-figura-dantoni-gaudi\/\" class=\"more-link\">Read More<\/a><\/p>\n","protected":false},"author":4,"featured_media":19288,"comment_status":"closed","ping_status":"closed","sticky":false,"template":"","format":"standard","meta":[],"categories":[2942,13,8],"tags":[],"_links":{"self":[{"href":"https:\/\/bisbalpenedes.com\/web\/wp-json\/wp\/v2\/posts\/19287"}],"collection":[{"href":"https:\/\/bisbalpenedes.com\/web\/wp-json\/wp\/v2\/posts"}],"about":[{"href":"https:\/\/bisbalpenedes.com\/web\/wp-json\/wp\/v2\/types\/post"}],"author":[{"embeddable":true,"href":"https:\/\/bisbalpenedes.com\/web\/wp-json\/wp\/v2\/users\/4"}],"replies":[{"embeddable":true,"href":"https:\/\/bisbalpenedes.com\/web\/wp-json\/wp\/v2\/comments?post=19287"}],"version-history":[{"count":2,"href":"https:\/\/bisbalpenedes.com\/web\/wp-json\/wp\/v2\/posts\/19287\/revisions"}],"predecessor-version":[{"id":19290,"href":"https:\/\/bisbalpenedes.com\/web\/wp-json\/wp\/v2\/posts\/19287\/revisions\/19290"}],"wp:featuredmedia":[{"embeddable":true,"href":"https:\/\/bisbalpenedes.com\/web\/wp-json\/wp\/v2\/media\/19288"}],"wp:attachment":[{"href":"https:\/\/bisbalpenedes.com\/web\/wp-json\/wp\/v2\/media?parent=19287"}],"wp:term":[{"taxonomy":"category","embeddable":true,"href":"https:\/\/bisbalpenedes.com\/web\/wp-json\/wp\/v2\/categories?post=19287"},{"taxonomy":"post_tag","embeddable":true,"href":"https:\/\/bisbalpenedes.com\/web\/wp-json\/wp\/v2\/tags?post=19287"}],"curies":[{"name":"wp","href":"https:\/\/api.w.org\/{rel}","templated":true}]}}