{"id":1927,"date":"2017-01-19T19:49:44","date_gmt":"2017-01-19T13:49:44","guid":{"rendered":"http:\/\/bisbalpenedes.com\/web\/?p=1927"},"modified":"2017-01-19T19:51:13","modified_gmt":"2017-01-19T13:51:13","slug":"puntuacio-final-del-programa-treball-i-formacio-2016","status":"publish","type":"post","link":"https:\/\/bisbalpenedes.com\/web\/2017\/01\/19\/puntuacio-final-del-programa-treball-i-formacio-2016\/","title":{"rendered":"Puntuaci\u00f3 final del Programa Treball i Formaci\u00f3 2016"},"content":{"rendered":"<p>Publicaci\u00f3 de la puntuaci\u00f3 definitiva dels candidats\/es que han participat en el proc\u00e9s de selecci\u00f3 del Programa Treball i Formaci\u00f3 2016.<\/p>\n<p><a href=\"http:\/\/bisbalpenedes.com\/web\/wp-content\/uploads\/2017\/01\/TREFO_2016.jpg\"><img loading=\"lazy\" src=\"http:\/\/bisbalpenedes.com\/web\/wp-content\/uploads\/2017\/01\/TREFO_2016-300x188.jpg\" alt=\"\" title=\"TREFO_2016\" width=\"300\" height=\"188\" class=\"alignleft size-medium wp-image-1928\" srcset=\"https:\/\/bisbalpenedes.com\/web\/wp-content\/uploads\/2017\/01\/TREFO_2016-300x188.jpg 300w, https:\/\/bisbalpenedes.com\/web\/wp-content\/uploads\/2017\/01\/TREFO_2016-600x377.jpg 600w, https:\/\/bisbalpenedes.com\/web\/wp-content\/uploads\/2017\/01\/TREFO_2016-1024x644.jpg 1024w, https:\/\/bisbalpenedes.com\/web\/wp-content\/uploads\/2017\/01\/TREFO_2016.jpg 1259w\" sizes=\"(max-width: 300px) 100vw, 300px\" \/><\/a><\/p>\n<p><a href=\"http:\/\/bisbalpenedes.com\/web\/wp-content\/uploads\/2016\/12\/bak_trefo.jpg\"><img loading=\"lazy\" src=\"http:\/\/bisbalpenedes.com\/web\/wp-content\/uploads\/2016\/12\/bak_trefo-1024x542.jpg\" alt=\"\" title=\"bak_trefo\" width=\"630\" height=\"333\" class=\"alignleft size-large wp-image-1913\" srcset=\"https:\/\/bisbalpenedes.com\/web\/wp-content\/uploads\/2016\/12\/bak_trefo-1024x542.jpg 1024w, https:\/\/bisbalpenedes.com\/web\/wp-content\/uploads\/2016\/12\/bak_trefo-600x318.jpg 600w, https:\/\/bisbalpenedes.com\/web\/wp-content\/uploads\/2016\/12\/bak_trefo-300x159.jpg 300w, https:\/\/bisbalpenedes.com\/web\/wp-content\/uploads\/2016\/12\/bak_trefo.jpg 2041w\" sizes=\"(max-width: 630px) 100vw, 630px\" \/><\/a><\/p>\n","protected":false},"excerpt":{"rendered":"<p>Publicaci\u00f3 de la puntuaci\u00f3 definitiva dels candidats\/es que han participat en el proc\u00e9s de selecci\u00f3 del Programa Treball i Formaci\u00f3 2016.<\/p>\n","protected":false},"author":1,"featured_media":1913,"comment_status":"closed","ping_status":"closed","sticky":false,"template":"","format":"standard","meta":[],"categories":[9],"tags":[213],"_links":{"self":[{"href":"https:\/\/bisbalpenedes.com\/web\/wp-json\/wp\/v2\/posts\/1927"}],"collection":[{"href":"https:\/\/bisbalpenedes.com\/web\/wp-json\/wp\/v2\/posts"}],"about":[{"href":"https:\/\/bisbalpenedes.com\/web\/wp-json\/wp\/v2\/types\/post"}],"author":[{"embeddable":true,"href":"https:\/\/bisbalpenedes.com\/web\/wp-json\/wp\/v2\/users\/1"}],"replies":[{"embeddable":true,"href":"https:\/\/bisbalpenedes.com\/web\/wp-json\/wp\/v2\/comments?post=1927"}],"version-history":[{"count":3,"href":"https:\/\/bisbalpenedes.com\/web\/wp-json\/wp\/v2\/posts\/1927\/revisions"}],"predecessor-version":[{"id":1931,"href":"https:\/\/bisbalpenedes.com\/web\/wp-json\/wp\/v2\/posts\/1927\/revisions\/1931"}],"wp:featuredmedia":[{"embeddable":true,"href":"https:\/\/bisbalpenedes.com\/web\/wp-json\/wp\/v2\/media\/1913"}],"wp:attachment":[{"href":"https:\/\/bisbalpenedes.com\/web\/wp-json\/wp\/v2\/media?parent=1927"}],"wp:term":[{"taxonomy":"category","embeddable":true,"href":"https:\/\/bisbalpenedes.com\/web\/wp-json\/wp\/v2\/categories?post=1927"},{"taxonomy":"post_tag","embeddable":true,"href":"https:\/\/bisbalpenedes.com\/web\/wp-json\/wp\/v2\/tags?post=1927"}],"curies":[{"name":"wp","href":"https:\/\/api.w.org\/{rel}","templated":true}]}}