{"id":19246,"date":"2021-09-22T19:44:24","date_gmt":"2021-09-22T17:44:24","guid":{"rendered":"https:\/\/bisbalpenedes.com\/web\/?p=19246"},"modified":"2021-09-22T19:54:52","modified_gmt":"2021-09-22T17:54:52","slug":"el-meteocat-ha-emes-un-avis-per-intensitat-de-pluja-que-ens-pot-afectar-des-daquesta-tarda-i-fins-a-dema-al-migdia-sha-activat-el-pla-inuncat-en-fase-dalerta-extremeu-les-precaucions-es-pod","status":"publish","type":"post","link":"https:\/\/bisbalpenedes.com\/web\/2021\/09\/22\/el-meteocat-ha-emes-un-avis-per-intensitat-de-pluja-que-ens-pot-afectar-des-daquesta-tarda-i-fins-a-dema-al-migdia-sha-activat-el-pla-inuncat-en-fase-dalerta-extremeu-les-precaucions-es-pod\/","title":{"rendered":"El Meteocat ha em\u00e8s un av\u00eds per intensitat de pluja que ens pot afectar des d&#8217;aquesta tarda i fins a dem\u00e0 al migdia &#8211; S&#8217;ha activat el Pla INUNCAT en fase d&#8217;alerta &#8211; Extremeu les precaucions: es podrien donar episodis de temps violent"},"content":{"rendered":"\n<p>El Servei Meteorol\u00f2gic de Catalunya ha publicat un av\u00eds per intensitat de pluja per aquesta tarda i nit i la propera matinada y mat\u00ed (jueves). Tamb\u00e9 ha em\u00e8s un comunicat per acumulaci\u00f3 de pluja i un altre per vent.S&#8217;ha activat el Pla especial d&#8217;emerg\u00e8ncies per inundacions a Catalunya (INUNCAT) en fase d&#8217;alerta.Els x\u00e0fecs sovint aniran acompanyats de tempesta i no es descarten fen\u00f2mens de temps violent. Extremeu les precaucions.<\/p>\n\n\n\n<hr class=\"wp-block-separator\"\/>\n\n\n\n<p>El Servicio Meteorol\u00f3gico de Catalunya ha publicado un aviso por intensidad de lluvia para esta tarde y noche y la pr\u00f3xima madrugada y ma\u00f1ana (jueves). Tambi\u00e9n ha emitido un comunicado por acumulaci\u00f3n de lluvia y otro por viento. Se ha activado el Plan especial de emergencias por inundaciones en Catalunya (INUNCAT) en fase de alerta.Los chubascos a menudo ir\u00e1n acompa\u00f1ados de tormenta y no se descartan fen\u00f3menos de tiempo violento. Extremad las precauciones.<\/p>\n\n\n\n<figure class=\"wp-block-image size-large\"><img loading=\"lazy\" width=\"768\" height=\"1024\" src=\"https:\/\/bisbalpenedes.com\/web\/wp-content\/uploads\/2021\/09\/IMG_2787-768x1024.jpg\" alt=\"\" class=\"wp-image-19248\" srcset=\"https:\/\/bisbalpenedes.com\/web\/wp-content\/uploads\/2021\/09\/IMG_2787-768x1024.jpg 768w, https:\/\/bisbalpenedes.com\/web\/wp-content\/uploads\/2021\/09\/IMG_2787-scaled-600x800.jpg 600w, https:\/\/bisbalpenedes.com\/web\/wp-content\/uploads\/2021\/09\/IMG_2787-225x300.jpg 225w, https:\/\/bisbalpenedes.com\/web\/wp-content\/uploads\/2021\/09\/IMG_2787-1152x1536.jpg 1152w, https:\/\/bisbalpenedes.com\/web\/wp-content\/uploads\/2021\/09\/IMG_2787-1536x2048.jpg 1536w, https:\/\/bisbalpenedes.com\/web\/wp-content\/uploads\/2021\/09\/IMG_2787-scaled.jpg 1920w\" sizes=\"(max-width: 768px) 100vw, 768px\" \/><\/figure>\n\n\n\n<figure class=\"wp-block-image size-large\"><img loading=\"lazy\" width=\"768\" height=\"1024\" src=\"https:\/\/bisbalpenedes.com\/web\/wp-content\/uploads\/2021\/09\/IMG_2788-768x1024.jpg\" alt=\"\" class=\"wp-image-19249\" srcset=\"https:\/\/bisbalpenedes.com\/web\/wp-content\/uploads\/2021\/09\/IMG_2788-768x1024.jpg 768w, https:\/\/bisbalpenedes.com\/web\/wp-content\/uploads\/2021\/09\/IMG_2788-scaled-600x800.jpg 600w, https:\/\/bisbalpenedes.com\/web\/wp-content\/uploads\/2021\/09\/IMG_2788-225x300.jpg 225w, https:\/\/bisbalpenedes.com\/web\/wp-content\/uploads\/2021\/09\/IMG_2788-1152x1536.jpg 1152w, https:\/\/bisbalpenedes.com\/web\/wp-content\/uploads\/2021\/09\/IMG_2788-1536x2048.jpg 1536w, https:\/\/bisbalpenedes.com\/web\/wp-content\/uploads\/2021\/09\/IMG_2788-scaled.jpg 1920w\" sizes=\"(max-width: 768px) 100vw, 768px\" \/><\/figure>\n\n\n\n<figure class=\"wp-block-image size-large\"><img loading=\"lazy\" width=\"768\" height=\"1024\" src=\"https:\/\/bisbalpenedes.com\/web\/wp-content\/uploads\/2021\/09\/IMG_2789-768x1024.jpg\" alt=\"\" class=\"wp-image-19250\" srcset=\"https:\/\/bisbalpenedes.com\/web\/wp-content\/uploads\/2021\/09\/IMG_2789-768x1024.jpg 768w, https:\/\/bisbalpenedes.com\/web\/wp-content\/uploads\/2021\/09\/IMG_2789-scaled-600x800.jpg 600w, https:\/\/bisbalpenedes.com\/web\/wp-content\/uploads\/2021\/09\/IMG_2789-225x300.jpg 225w, https:\/\/bisbalpenedes.com\/web\/wp-content\/uploads\/2021\/09\/IMG_2789-1152x1536.jpg 1152w, https:\/\/bisbalpenedes.com\/web\/wp-content\/uploads\/2021\/09\/IMG_2789-1536x2048.jpg 1536w, https:\/\/bisbalpenedes.com\/web\/wp-content\/uploads\/2021\/09\/IMG_2789-scaled.jpg 1920w\" sizes=\"(max-width: 768px) 100vw, 768px\" \/><\/figure>\n\n\n\n<figure class=\"wp-block-image size-large\"><img loading=\"lazy\" width=\"768\" height=\"1024\" src=\"https:\/\/bisbalpenedes.com\/web\/wp-content\/uploads\/2021\/09\/IMG_2790-768x1024.jpg\" alt=\"\" class=\"wp-image-19251\" srcset=\"https:\/\/bisbalpenedes.com\/web\/wp-content\/uploads\/2021\/09\/IMG_2790-768x1024.jpg 768w, https:\/\/bisbalpenedes.com\/web\/wp-content\/uploads\/2021\/09\/IMG_2790-scaled-600x800.jpg 600w, https:\/\/bisbalpenedes.com\/web\/wp-content\/uploads\/2021\/09\/IMG_2790-225x300.jpg 225w, https:\/\/bisbalpenedes.com\/web\/wp-content\/uploads\/2021\/09\/IMG_2790-1152x1536.jpg 1152w, https:\/\/bisbalpenedes.com\/web\/wp-content\/uploads\/2021\/09\/IMG_2790-1536x2048.jpg 1536w, https:\/\/bisbalpenedes.com\/web\/wp-content\/uploads\/2021\/09\/IMG_2790-scaled.jpg 1920w\" sizes=\"(max-width: 768px) 100vw, 768px\" \/><\/figure>\n\n\n\n<figure class=\"wp-block-image size-large\"><img loading=\"lazy\" width=\"724\" height=\"1024\" src=\"https:\/\/bisbalpenedes.com\/web\/wp-content\/uploads\/2021\/09\/INUNDACIONS-1-724x1024.jpeg\" alt=\"\" class=\"wp-image-19252\" srcset=\"https:\/\/bisbalpenedes.com\/web\/wp-content\/uploads\/2021\/09\/INUNDACIONS-1-724x1024.jpeg 724w, https:\/\/bisbalpenedes.com\/web\/wp-content\/uploads\/2021\/09\/INUNDACIONS-1-600x848.jpeg 600w, https:\/\/bisbalpenedes.com\/web\/wp-content\/uploads\/2021\/09\/INUNDACIONS-1-212x300.jpeg 212w, https:\/\/bisbalpenedes.com\/web\/wp-content\/uploads\/2021\/09\/INUNDACIONS-1-768x1086.jpeg 768w, https:\/\/bisbalpenedes.com\/web\/wp-content\/uploads\/2021\/09\/INUNDACIONS-1-1087x1536.jpeg 1087w, https:\/\/bisbalpenedes.com\/web\/wp-content\/uploads\/2021\/09\/INUNDACIONS-1.jpeg 1170w\" sizes=\"(max-width: 724px) 100vw, 724px\" \/><\/figure>\n\n\n\n<figure class=\"wp-block-image size-large\"><img loading=\"lazy\" width=\"1024\" height=\"537\" src=\"https:\/\/bisbalpenedes.com\/web\/wp-content\/uploads\/2021\/09\/PERILL-RIERES-TORRENTS-1024x537.jpeg\" alt=\"\" class=\"wp-image-19253\" srcset=\"https:\/\/bisbalpenedes.com\/web\/wp-content\/uploads\/2021\/09\/PERILL-RIERES-TORRENTS-1024x537.jpeg 1024w, https:\/\/bisbalpenedes.com\/web\/wp-content\/uploads\/2021\/09\/PERILL-RIERES-TORRENTS-600x314.jpeg 600w, https:\/\/bisbalpenedes.com\/web\/wp-content\/uploads\/2021\/09\/PERILL-RIERES-TORRENTS-300x157.jpeg 300w, https:\/\/bisbalpenedes.com\/web\/wp-content\/uploads\/2021\/09\/PERILL-RIERES-TORRENTS-768x402.jpeg 768w, https:\/\/bisbalpenedes.com\/web\/wp-content\/uploads\/2021\/09\/PERILL-RIERES-TORRENTS.jpeg 1080w\" sizes=\"(max-width: 1024px) 100vw, 1024px\" \/><\/figure>\n","protected":false},"excerpt":{"rendered":"<p>El Servei Meteorol\u00f2gic de Catalunya ha publicat un av\u00eds per intensitat de pluja per aquesta tarda i nit i la propera matinada y mat\u00ed (jueves). Tamb\u00e9 ha em\u00e8s un comunicat &hellip; <a href=\"https:\/\/bisbalpenedes.com\/web\/2021\/09\/22\/el-meteocat-ha-emes-un-avis-per-intensitat-de-pluja-que-ens-pot-afectar-des-daquesta-tarda-i-fins-a-dema-al-migdia-sha-activat-el-pla-inuncat-en-fase-dalerta-extremeu-les-precaucions-es-pod\/\" class=\"more-link\">Read More<\/a><\/p>\n","protected":false},"author":4,"featured_media":19247,"comment_status":"closed","ping_status":"closed","sticky":false,"template":"","format":"standard","meta":[],"categories":[1628,2543,8],"tags":[3995,3815,3996,393,2050,1188,2474,2920],"_links":{"self":[{"href":"https:\/\/bisbalpenedes.com\/web\/wp-json\/wp\/v2\/posts\/19246"}],"collection":[{"href":"https:\/\/bisbalpenedes.com\/web\/wp-json\/wp\/v2\/posts"}],"about":[{"href":"https:\/\/bisbalpenedes.com\/web\/wp-json\/wp\/v2\/types\/post"}],"author":[{"embeddable":true,"href":"https:\/\/bisbalpenedes.com\/web\/wp-json\/wp\/v2\/users\/4"}],"replies":[{"embeddable":true,"href":"https:\/\/bisbalpenedes.com\/web\/wp-json\/wp\/v2\/comments?post=19246"}],"version-history":[{"count":2,"href":"https:\/\/bisbalpenedes.com\/web\/wp-json\/wp\/v2\/posts\/19246\/revisions"}],"predecessor-version":[{"id":19255,"href":"https:\/\/bisbalpenedes.com\/web\/wp-json\/wp\/v2\/posts\/19246\/revisions\/19255"}],"wp:featuredmedia":[{"embeddable":true,"href":"https:\/\/bisbalpenedes.com\/web\/wp-json\/wp\/v2\/media\/19247"}],"wp:attachment":[{"href":"https:\/\/bisbalpenedes.com\/web\/wp-json\/wp\/v2\/media?parent=19246"}],"wp:term":[{"taxonomy":"category","embeddable":true,"href":"https:\/\/bisbalpenedes.com\/web\/wp-json\/wp\/v2\/categories?post=19246"},{"taxonomy":"post_tag","embeddable":true,"href":"https:\/\/bisbalpenedes.com\/web\/wp-json\/wp\/v2\/tags?post=19246"}],"curies":[{"name":"wp","href":"https:\/\/api.w.org\/{rel}","templated":true}]}}