{"id":19233,"date":"2021-09-21T11:20:42","date_gmt":"2021-09-21T09:20:42","guid":{"rendered":"https:\/\/bisbalpenedes.com\/web\/?p=19233"},"modified":"2021-09-24T08:36:26","modified_gmt":"2021-09-24T06:36:26","slug":"la-fira-2021","status":"publish","type":"post","link":"https:\/\/bisbalpenedes.com\/web\/2021\/09\/21\/la-fira-2021\/","title":{"rendered":"Tota la informaci\u00f3 sobre La Fira 2021"},"content":{"rendered":"\n<p>Any rere any, la Bisbal del Pened\u00e8s celebra La Fira el primer diumenge d\u2019octubre. Es tracta d\u2019un esdeveniment que habitualment compta amb la pres\u00e8ncia de botiguers i empreses locals, parades d\u2019artesania i alimentaci\u00f3 -locals i foranes- i estands on les entitats fan difusi\u00f3 de les seves activitats.&nbsp;<\/p>\n\n\n\n<div class=\"wp-container-1 wp-block-buttons\">\n<div class=\"wp-block-button\"><a class=\"wp-block-button__link\" href=\"https:\/\/bisbalpenedes.com\/web\/wp-content\/uploads\/2021\/09\/fira_2021_inscripcio_def.docx\" target=\"_blank\" rel=\"noreferrer noopener\">Descarregar el model de sol\u00b7licitud per muntar una parada a La Fira del diumenge 3 d&#8217;octubre de 2021<\/a><\/div>\n\n\n\n<div class=\"wp-block-button\"><a class=\"wp-block-button__link\" href=\"https:\/\/bisbalpenedes.com\/web\/wp-content\/uploads\/2021\/09\/Bases-concurs-Instagram-150-FIRA-de-la-Bisbal.pdf\" target=\"_blank\" rel=\"noreferrer noopener\">Descarregar les bases del concurs de fotografies i v\u00eddeos d&#8217;Instagram (del 24 de setembre al 3 d&#8217;octubre de 2021)<\/a><\/div>\n\n\n\n<div class=\"wp-block-button\"><a class=\"wp-block-button__link\" href=\"https:\/\/bisbalpenedes.com\/web\/wp-content\/uploads\/2021\/09\/FAQS-clients-RASCA-I-GUANYA-A-LA-BISBAL.pdf\" target=\"_blank\" rel=\"noreferrer noopener\">Descarregar el document de preguntes freq\u00fcents FAQS sobre la promoci\u00f3 &#8216;Rasca i Guanya&#8217; del teixit comercial de la Bisbal del Pened\u00e8s (del 24 de setembre al 2 d&#8217;octubre de 2021)<\/a><\/div>\n\n\n\n<div class=\"wp-block-button\"><a class=\"wp-block-button__link\" href=\"https:\/\/bisbalpenedes.com\/web\/2021\/09\/23\/la-bisbal-del-penedes-celebra-el-150e-aniversari-de-la-fira-aquest-octubre-del-24-de-setembre-al-2-doctubre-podeu-participar-en-la-campanya-rasca-i-guanya\/\" target=\"_blank\" rel=\"noreferrer noopener\">Llegir tota la informaci\u00f3 sobre el 150\u00e8 aniversari de La Fira<\/a><\/div>\n\n\n\n<div class=\"wp-block-button\"><a class=\"wp-block-button__link\" href=\"https:\/\/bisbalpenedes.com\/web\/wp-content\/uploads\/2021\/09\/LlistaDePremisRascaiGuanya2021.pdf\" target=\"_blank\" rel=\"noreferrer noopener\">Llistat de premis<\/a><\/div>\n<\/div>\n\n\n\n<div class=\"wp-block-image\"><figure class=\"aligncenter size-large\"><img loading=\"lazy\" width=\"1024\" height=\"1024\" src=\"https:\/\/bisbalpenedes.com\/web\/wp-content\/uploads\/2021\/09\/la_fira_2021_B-1024x1024.jpg\" alt=\"\" class=\"wp-image-19235\" srcset=\"https:\/\/bisbalpenedes.com\/web\/wp-content\/uploads\/2021\/09\/la_fira_2021_B-1024x1024.jpg 1024w, https:\/\/bisbalpenedes.com\/web\/wp-content\/uploads\/2021\/09\/la_fira_2021_B-300x300.jpg 300w, https:\/\/bisbalpenedes.com\/web\/wp-content\/uploads\/2021\/09\/la_fira_2021_B-100x100.jpg 100w, https:\/\/bisbalpenedes.com\/web\/wp-content\/uploads\/2021\/09\/la_fira_2021_B-600x600.jpg 600w, https:\/\/bisbalpenedes.com\/web\/wp-content\/uploads\/2021\/09\/la_fira_2021_B-150x150.jpg 150w, https:\/\/bisbalpenedes.com\/web\/wp-content\/uploads\/2021\/09\/la_fira_2021_B-768x768.jpg 768w, https:\/\/bisbalpenedes.com\/web\/wp-content\/uploads\/2021\/09\/la_fira_2021_B-1536x1536.jpg 1536w, https:\/\/bisbalpenedes.com\/web\/wp-content\/uploads\/2021\/09\/la_fira_2021_B-2048x2048.jpg 2048w\" sizes=\"(max-width: 1024px) 100vw, 1024px\" \/><\/figure><\/div>\n","protected":false},"excerpt":{"rendered":"<p>Any rere any, la Bisbal del Pened\u00e8s celebra La Fira el primer diumenge d\u2019octubre. Es tracta d\u2019un esdeveniment que habitualment compta amb la pres\u00e8ncia de botiguers i empreses locals, parades &hellip; <a href=\"https:\/\/bisbalpenedes.com\/web\/2021\/09\/21\/la-fira-2021\/\" class=\"more-link\">Read More<\/a><\/p>\n","protected":false},"author":1,"featured_media":19234,"comment_status":"closed","ping_status":"closed","sticky":false,"template":"","format":"standard","meta":[],"categories":[13],"tags":[4795],"_links":{"self":[{"href":"https:\/\/bisbalpenedes.com\/web\/wp-json\/wp\/v2\/posts\/19233"}],"collection":[{"href":"https:\/\/bisbalpenedes.com\/web\/wp-json\/wp\/v2\/posts"}],"about":[{"href":"https:\/\/bisbalpenedes.com\/web\/wp-json\/wp\/v2\/types\/post"}],"author":[{"embeddable":true,"href":"https:\/\/bisbalpenedes.com\/web\/wp-json\/wp\/v2\/users\/1"}],"replies":[{"embeddable":true,"href":"https:\/\/bisbalpenedes.com\/web\/wp-json\/wp\/v2\/comments?post=19233"}],"version-history":[{"count":15,"href":"https:\/\/bisbalpenedes.com\/web\/wp-json\/wp\/v2\/posts\/19233\/revisions"}],"predecessor-version":[{"id":19306,"href":"https:\/\/bisbalpenedes.com\/web\/wp-json\/wp\/v2\/posts\/19233\/revisions\/19306"}],"wp:featuredmedia":[{"embeddable":true,"href":"https:\/\/bisbalpenedes.com\/web\/wp-json\/wp\/v2\/media\/19234"}],"wp:attachment":[{"href":"https:\/\/bisbalpenedes.com\/web\/wp-json\/wp\/v2\/media?parent=19233"}],"wp:term":[{"taxonomy":"category","embeddable":true,"href":"https:\/\/bisbalpenedes.com\/web\/wp-json\/wp\/v2\/categories?post=19233"},{"taxonomy":"post_tag","embeddable":true,"href":"https:\/\/bisbalpenedes.com\/web\/wp-json\/wp\/v2\/tags?post=19233"}],"curies":[{"name":"wp","href":"https:\/\/api.w.org\/{rel}","templated":true}]}}