{"id":19227,"date":"2021-09-21T10:43:46","date_gmt":"2021-09-21T08:43:46","guid":{"rendered":"https:\/\/bisbalpenedes.com\/web\/?p=19227"},"modified":"2021-09-21T11:40:02","modified_gmt":"2021-09-21T09:40:02","slug":"aquest-dilluns-20-de-setembre-ha-tingut-lloc-un-ple-ordinari-a-lajuntament-de-la-bisbal-del-penedes","status":"publish","type":"post","link":"https:\/\/bisbalpenedes.com\/web\/2021\/09\/21\/aquest-dilluns-20-de-setembre-ha-tingut-lloc-un-ple-ordinari-a-lajuntament-de-la-bisbal-del-penedes\/","title":{"rendered":"Aquest dilluns 20 de setembre ha tingut lloc un Ple Ordinari a l\u2019Ajuntament de la Bisbal del Pened\u00e8s"},"content":{"rendered":"\n<p>Aquest dilluns 20 de setembre, a les 19h, ha tingut lloc el Ple ordinari de l\u2019Ajuntament de la Bisbal del Pened\u00e8s corresponent a aquest trimestre. El Ple s\u2019ha celebrat de forma presencial i a porta tancada per poder garantir totes les mesures de prevenci\u00f3 de contagis per la COVID-19 i l\u2019enregistrament en v\u00eddeo el podeu veure aqu\u00ed: <\/p>\n\n\n\n<figure class=\"wp-block-embed is-type-video is-provider-youtube wp-block-embed-youtube wp-embed-aspect-16-9 wp-has-aspect-ratio\"><div class=\"wp-block-embed__wrapper\">\n<iframe loading=\"lazy\" title=\"Ajuntament de la Bisbal del Pened\u00e8s. Ple ordinari de 20 de setembre de 2021\" width=\"1170\" height=\"658\" src=\"https:\/\/www.youtube.com\/embed\/_ZVYNL1FGEQ?start=1&#038;feature=oembed\" frameborder=\"0\" allow=\"accelerometer; autoplay; clipboard-write; encrypted-media; gyroscope; picture-in-picture\" allowfullscreen><\/iframe>\n<\/div><\/figure>\n\n\n\n<p>Hi han assistit tots els membres del Consistori: 6 regidors de Comprom\u00eds amb la Bisbal, 2 regidors del PSC, 1 regidor d\u2019Units per la Bisbal-FIC, 1 regidora d\u2019Ara la Bisbal i 1 regidora d\u2019ERC-AM.<\/p>\n\n\n\n<p>El Ple ha comen\u00e7at, a petici\u00f3 de la regidora S\u00edlvia Monfort (ERC-AM), amb un minut de silenci en record de Pilar Verd\u00fan, exregidora del consistori bisbalenc, que va traspassar la setmana passada.<\/p>\n\n\n\n<figure class=\"wp-block-image size-large\"><img loading=\"lazy\" width=\"1024\" height=\"682\" src=\"https:\/\/bisbalpenedes.com\/web\/wp-content\/uploads\/2021\/09\/210920-MINUT-SILENCI-PLE-ORDINARI-1024x682.jpg\" alt=\"\" class=\"wp-image-19229\" srcset=\"https:\/\/bisbalpenedes.com\/web\/wp-content\/uploads\/2021\/09\/210920-MINUT-SILENCI-PLE-ORDINARI-1024x682.jpg 1024w, https:\/\/bisbalpenedes.com\/web\/wp-content\/uploads\/2021\/09\/210920-MINUT-SILENCI-PLE-ORDINARI-600x400.jpg 600w, https:\/\/bisbalpenedes.com\/web\/wp-content\/uploads\/2021\/09\/210920-MINUT-SILENCI-PLE-ORDINARI-300x200.jpg 300w, https:\/\/bisbalpenedes.com\/web\/wp-content\/uploads\/2021\/09\/210920-MINUT-SILENCI-PLE-ORDINARI-768x512.jpg 768w, https:\/\/bisbalpenedes.com\/web\/wp-content\/uploads\/2021\/09\/210920-MINUT-SILENCI-PLE-ORDINARI-1536x1023.jpg 1536w, https:\/\/bisbalpenedes.com\/web\/wp-content\/uploads\/2021\/09\/210920-MINUT-SILENCI-PLE-ORDINARI.jpg 2048w\" sizes=\"(max-width: 1024px) 100vw, 1024px\" \/><\/figure>\n\n\n\n<p>A l\u2019inici del Ple tamb\u00e9 s\u2019ha votat la urg\u00e8ncia d\u2019un punt no incl\u00f2s en l\u2019ordre del dia: \u201cModificaci\u00f3 de l\u2019Ordenan\u00e7a de creaci\u00f3 i funcionament del Registre electr\u00f2nic municipal\u201d i s\u2019ha aprovat la urg\u00e8ncia per unanimitat.<\/p>\n\n\n\n<p><strong>Punt 1. Aprovaci\u00f3 de l\u2019acta del Ple extraordinari del 12 d\u2019agost.<\/strong><\/p>\n\n\n\n<p>S\u2019ha aprovat per unanimitat.<\/p>\n\n\n\n<p><strong>Punt 2. Aprovaci\u00f3 de l\u2019acta del Ple extraordinari del 30 d\u2019agost<\/strong><\/p>\n\n\n\n<p>S\u2019ha aprovat per unanimitat.<\/p>\n\n\n\n<p><strong>Punt 3. Aprovaci\u00f3 del compte general de l\u2019exercici 2020<\/strong><\/p>\n\n\n\n<p>S\u2019ha aprovat amb els vots a favor de Comprom\u00eds amb la Bisbal (6), el vot en contra d\u2019Ara la Bisbal (1) i l\u2019abstenci\u00f3 del PSC (2), Units per la Bisbal-FIC (1) i ERC-AM (1).<\/p>\n\n\n\n<p>Despr\u00e9s que el maig de 2021 s\u2019inici\u00e9s la tramitaci\u00f3 administrativa per a l\u2019aprovaci\u00f3 del compte general de l\u2019exercici 2020 i que el passat 2 d\u2019agost es reun\u00eds la Comissi\u00f3 especial de comptes -emetent un dictamen favorable- el compte general de 2020 i el dictamen de la Comissi\u00f3 especial de Comptes van estar exposats al p\u00fablic del 17 d\u2019agost al 7 de setembre, sense que s\u2019hi present\u00e9s cap al\u00b7legaci\u00f3. Per aquest motiu, s\u2019ha elevat l\u2019aprovaci\u00f3 del Compte General de 2020 al Ple ordinari.<\/p>\n\n\n\n<p>El pressupost de l\u2019any 2020 va ascendir a 4.467.862,53\u20ac. A la finalitzaci\u00f3 de l\u2019exercici:<\/p>\n\n\n\n<p>-Hi va haver un super\u00e0vit pressupostari de 2.081.366,69\u20ac dels quals queden disponibles 417.980,73\u20ac perqu\u00e8 1.256.563,61\u20ac estan reservats per a la primera fase de les obres del poliesportiu municipal I 406.822,35\u20ac estan reservats per a despeses de serveis o contractacions del 2020, les factures de les quals no s\u2019havien aprovat en data de 31 de desembre de 2020 o per a obres o serveis que es van contractar o van comen\u00e7ar el 2020 i que acabaran el 2021 (com ara el servei de bus urb\u00e0, l\u2019enderroc de la masia de la Miralba i la fassina o les c\u00e0meres lectores de matr\u00edcules).<\/p>\n\n\n\n<p>-El coeficient de deute viu va ser del 18,65%. L\u2019Ajuntament compleix amb aquest objectiu perqu\u00e8 l\u2019import del deute viu total a 31 de desembre de 2020 era de 809.237,70\u20ac (el 2019 era de 1.172.708,82\u20ac), que suposa un percentatge de deute viu del 18,65% (el l\u00edmit de deute est\u00e0 situat en el 110%).<\/p>\n\n\n\n<p>-Es complia amb la regla de la despesa, tot i que a causa de la situaci\u00f3 de pand\u00e8mia per la COVID-19 i seguint les recomanacions de la Comissi\u00f3 Europea, el Consell de Ministres va aprovar la suspensi\u00f3 de la regla de la despesa durant els anys 2020 i 2021.<\/p>\n\n\n\n<p>-Es complia amb l\u2019objectiu d\u2019estabilitat pressupost\u00e0ria: l\u2019Ajuntament t\u00e9 super\u00e0vit i una capacitat&nbsp; de finan\u00e7ament de 879.668,05\u20ac.<\/p>\n\n\n\n<p><strong>Punt 4. Adhesi\u00f3 a l\u2019acord marc per a l\u2019elaboraci\u00f3 i presentaci\u00f3 conjunta de projectes i actuacions en el context de l\u2019ajuda financera del mecanisme de recuperaci\u00f3 i resili\u00e8ncia de la Uni\u00f3 Europa promogut per l\u2019Ajuntament de Calafell per la creaci\u00f3 de comunitats energ\u00e8tiques<\/strong><\/p>\n\n\n\n<p>S\u2019ha aprovat per unanimitat.<\/p>\n\n\n\n<p>S\u2019ha aprovat el document marc per a l\u2019adhesi\u00f3 i presentaci\u00f3 conjunta de projectes i actuacions en el context de l\u2019ajuda financera del mecanisme de recuperaci\u00f3 i resili\u00e8ncia de la Uni\u00f3 Europea. L\u2019Ajuntament de Calafell n\u2019\u00e9s el promotor i far\u00e0 les funcions de coordinaci\u00f3 en la tramitaci\u00f3 dels expedients I la interlocuci\u00f3 amb tercers, administracions superiors i Uni\u00f3 Europea.<\/p>\n\n\n\n<p>El Reglament 2021\/241 del Parlament Europeu estableix el mecanisme de recuperaci\u00f3 i resili\u00e8ncia, en el context de la crisi de la COVID-19, per contribuir entre altres a la consecuci\u00f3 dels objectius clim\u00e0tics de la Uni\u00f3 Europea, els Next Generation. L\u2019acord marc permetr\u00e0 articular f\u00f3rmules de col\u00b7laboraci\u00f3 I cooperaci\u00f3 entra diferents municipis de la comarca del Baix Pened\u00e8s per a l\u2019elaboraci\u00f3, redacci\u00f3, tramitaci\u00f3, aprovaci\u00f3, gesti\u00f3, execuci\u00f3 I justificaci\u00f3 de diferents projectes I actuacions que siguin susceptibles de recepci\u00f3 d\u2019ajuda financera per part dels diferents fons de la Uni\u00f3 Europea que s\u2019agrupen en el \u201cMecanisme de Recuperaci\u00f3 i Resili\u00e8ncia\u201d.<\/p>\n\n\n\n<p>Amb aquest acord, l\u2019Ajuntament de la Bisbal del Pened\u00e8s es compromet a:<\/p>\n\n\n\n<p>-Assumir les condicions de l\u2019objecte i finalitats tal com estan definides en el Document marc.<\/p>\n\n\n\n<p>-Assumir les recomanacions i directrius establertes pel Grup de Treball, les quals seran incorporades en els documents que s\u2019elaborin.<\/p>\n\n\n\n<p>-Acceptar la realitzaci\u00f3 unificada de la tramitaci\u00f3 del procediment fins que es completi la sol\u00b7licitud, recepci\u00f3 dels fons, execuci\u00f3 i justificaci\u00f3.<\/p>\n\n\n\n<p>-Vetllar pel compliment i bon port dels termes del Document.<\/p>\n\n\n\n<p>El projecte per al qual se sol\u00b7licitar\u00e0 ajuda \u00e9s el de les \u201ccomunitats energ\u00e8tiques\u201d.<\/p>\n\n\n\n<p>Una comunitat energ\u00e8tica local \u00e9s una nova figura en la cadena de valor socioecon\u00f2mic del sector energ\u00e8tic i un nou actor en el gran ventall d\u2019escenaris de la transici\u00f3 energ\u00e8tica. \u00c9s una associaci\u00f3, cooperativa o qualsevol altra entitat jur\u00eddica que estigui controlada per membres locals (ciutadania, teixit productiu, ens locals) sense \u00e0nim de lucre i dedicada a activitats en el sector energ\u00e8tic (producci\u00f3, distribuci\u00f3, agregaci\u00f3, etc.) amb l\u2019objectiu principal del benefici local.<\/p>\n\n\n\n<p>Per tant, aquest projecte \u00e9s per a que els diferents ajuntaments cre\u00efn comunitats energ\u00e8tiques locals per tal que els actors locals (ciutadania, comer\u00e7os, empreses\u2026) participin de forma activa i conjunta en la transici\u00f3 energ\u00e8tica.<\/p>\n\n\n\n<p>L\u2019alcaldessa de la Bisbal, Agn\u00e8s Ferr\u00e9, ha detallat que \u201cdel que s\u2019ha parlat inicialment \u00e9s del fet que es volen col\u00b7locar plaques solars fotovoltaiques en sostres d\u2019edificis municipals i en espais municipals per produir energia i despr\u00e9s crear comunitats perqu\u00e8 els consumidors propers a la instal\u00b7laci\u00f3 puguin utilitzar tamb\u00e9 aquesta energia, establint mecanismes de gesti\u00f3 i estalvi energ\u00e8tic\u201d. Ferr\u00e9 ha afegit que \u201caquestes pr\u00e0ctiques s\u00f3n un mecanisme clau per avan\u00e7ar cap a una transici\u00f3 energ\u00e8tica m\u00e9s equitativa, sense deixar ning\u00fa enrere i que dona oportunitats perqu\u00e8 tothom hi pugui participar\u201d.<\/p>\n\n\n\n<p>Els t\u00e8cnics dels ajuntaments participants formaran part del Grup de Treball i les propostes que sorgeixin seran transmeses als \u00f2rgans de govern de cada municipi a trav\u00e9s dels seus responsables.<\/p>\n\n\n\n<p><strong>Punt incl\u00f2s al Ple ordinari per urg\u00e8ncia. \u201cModificaci\u00f3 de l\u2019Ordenan\u00e7a de creaci\u00f3 i funcionament del Registre electr\u00f2nic municipal\u201d<\/strong><\/p>\n\n\n\n<p>S\u2019ha aprovat per unanimitat.<\/p>\n\n\n\n<p>La seu electr\u00f2nica es regula amb l\u2019Ordenan\u00e7a de creaci\u00f3 i funcionament del Registre electr\u00f2nic municipal, que es va aprovar per Ple el mar\u00e7 de 2010. Aquesta ordenan\u00e7a estableix que l\u2019adre\u00e7a d\u2019internet on est\u00e0 allotjada la seu electr\u00f2nica de l\u2019Ajuntament \u00e9s el web <a href=\"http:\/\/www.bisbalpenedes.com\">www.bisbalpenedes.com<\/a>, per\u00f2 per poder actualitzar el certificat de seu electr\u00f2nica es fa necessari que a l\u2019ordenan\u00e7a hi figuri l\u2019adre\u00e7a actual: bisbalpenedes.eadministracio.cat.<\/p>\n\n\n\n<p>La seu electr\u00f2nica ha disposat des de l\u2019any 2010 fins al moment actual d\u2019un certificat de seu electr\u00f2nica de nivell mitj\u00e0, em\u00e8s pel Consorci AOC (Administraci\u00f3 Oberta de Catalunya) que autentifica el lloc web i certifica la seva seguretat i la connexi\u00f3 segura del ciutad\u00e0 amb la seu per poder realitzar tr\u00e0mits en l\u00ednia. No obstant aix\u00f2, el passat mes d\u2019agost de 2021 el Consorci AOC va comunicar que aquest certificat de seu electr\u00f2nica caduca el 2 d\u2019octubre, amb l\u2019advertiment que el Consorci AOC ja no emet aquest tipus de certificats i que, per tant, no es podr\u00e0 renovar amb ell. Per aquest motiu, l\u2019Ajuntament de la Bisbal del Pened\u00e8s \u2013aix\u00ed com al resta de municipis que es troben amb aquesta situaci\u00f3- ha estat buscando opcions amb el suport del Consell Comarcal del Baix Pened\u00e8s i t\u00e9 const\u00e0ncia que hi ha dues opcions certificadores que podrien substituir l\u2019AOC: la Fabrica Nacional de la Moneda y Timbre (CERES_FNMT) i Firma Profesional. Ambd\u00f3s prove\u00efdors sol\u00b7liciten, entre la documentaci\u00f3 necess\u00e0ria per a l\u2019expedici\u00f3 del certificat, la refer\u00e8ncia a la disposici\u00f3 al BOPT o Diari Oficial del nom de la seu electr\u00f2nica actual. Com que a l\u2019ordenan\u00e7a aprovada el 2010 hi figura el nom del web anterior i no l\u2019adre\u00e7a bisbalpenedes.eadministracio.cat, s\u2019ha elevat al Ple la proposta d\u2019aprovar inicialment la modificaci\u00f3 del Reglament de funcionament del registre electr\u00f2nic municipal per tal d\u2019actualitzar el nom de la seu electr\u00f2nica de l\u2019Ajuntament de la Bisbal del Pened\u00e8s i aix\u00ed poder renovar el certificat de la seu.<\/p>\n\n\n\n<p><strong>Punt 5. Donar compte dels Decrets d\u2019Alcaldia<\/strong><\/p>\n\n\n\n<p>Es dona compte al Ple dels Decrets signats per l\u2019alcaldessa Agn\u00e8s Ferr\u00e9.<\/p>\n\n\n\n<p><strong>Punt 6. Donar compte dels acords de la Junta de Govern Local<\/strong><\/p>\n\n\n\n<p>Es dona compte al Ple dels acords de la Junta de Govern Local.<\/p>\n\n\n\n<p><strong>Punt 7. Donar compte del per\u00edode mitj\u00e0 de pagament del 2n trimestre 2021<\/strong><\/p>\n\n\n\n<p>Es dona compte al Ple del per\u00edode mitj\u00e0 de pagament del 2n trimestre de 2021, que ha estat de 20,02 dies. Es compleix amb el per\u00edode mitj\u00e0 de pagament a prove\u00efdors legalment previst, ja que el m\u00e0xim perm\u00e8s \u00e9s de 30 dies.<\/p>\n\n\n\n<p><strong>Punt 8. Donar compte de l\u2019execuci\u00f3 del pressupost 2n trimestre 2021<\/strong><\/p>\n\n\n\n<p>Es dona compte de l\u2019execuci\u00f3 del pressupost en el 2n trimestre.<\/p>\n\n\n\n<p>S\u2019ha complert amb l\u2019obligaci\u00f3 de remissi\u00f3 telem\u00e0tica de la informaci\u00f3 requerida dins dels terminis establerts, ja que es va enviar al Ministeri d\u2019Hisenda el 29 de juliol.<\/p>\n\n\n\n<p><strong>Punt 9. Donar compte de les l\u00ednies fonamentals del pressupost de l\u2019exercici 2022<\/strong><\/p>\n\n\n\n<p>Es dona compte al Ple del Decret d\u2019alcaldia de l\u20191 de setembre de 2021, en qu\u00e8 es van aprovar les l\u00ednies fonamentals del pressupost per a l\u2019exercici 2022.<\/p>\n\n\n\n<p>Es remet al Ple de la Corporaci\u00f3 l\u2019informe d\u2019Intervenci\u00f3 relatiu a les l\u00ednies fonamentals del pressupost per a l\u2019exercici 2022, en compliment de la Llei org\u00e0nica 2\/2012, del 27 d\u2019abril, d\u2019estabilitat pressupost\u00e0ria i sostenibilitat financera, que diu que abans del 15 de setembre de cada any, les entitats locals hauran de presentar les l\u00ednies fonamentals del pressupost per a l\u2019exercici seg\u00fcent amb tota la informaci\u00f3 necess\u00e0ria d\u2019acord amb la normativa europea.<\/p>\n\n\n\n<p>Segons disposa el Ministeri d\u2019Hisenda a la guia \u201cL\u00edneas fundamentales de los presupuestos de las entitades locales\u201d, les dades econ\u00f2miques que s\u2019han de consignar s\u00f3n les seg\u00fcents:<\/p>\n\n\n\n<p>-Ingressos i despeses per a l\u2019exercici 2022, partint de les dades de previsi\u00f3 de liquidaci\u00f3 per a l\u2019exercici 2021<\/p>\n\n\n\n<p>-Saldos i altres magnituds<\/p>\n\n\n\n<p>-Capacitat o necessitat de finan\u00e7ament (estabilitat pressupost\u00e0ria i deute viu)<\/p>\n\n\n\n<p>-Passius contingents<\/p>\n\n\n\n<p>Es preveu un import total de 4.806.307,62\u20ac per al pressupost 2022, que suposa un increment de 338.508,09\u20ac (un 7,5%) respecte al 2021.<\/p>\n\n\n\n<p>La partida d\u2019inversions prevista per al 2022 \u00e9s de 881.803,70\u20ac, que inclou: franges forestals, millora de la xarxa d\u2019aigua, parcs infantils, millora de l\u2019enllumenat p\u00fablic, pressupostos participatius, c\u00e0meres lectores de matr\u00edcules, la construcci\u00f3 d\u2019un magatzem de brigada a la fassina i rehabilitaci\u00f3 de la torre de la fassina.<\/p>\n\n\n\n<p><strong>Punt 10. Moci\u00f3 per la \u201cCreaci\u00f3 d\u2019un cos de vigil\u00e0ncia municipal\u201d, presentada pel grup municipal del PSC<\/strong><\/p>\n\n\n\n<p>S\u2019aprova per unanimitat.<\/p>\n\n\n\n<p>El portaveu del grup municipal del PSC proposa iniciar l\u2019elaboraci\u00f3 d\u2019un reglament del cos de vigil\u00e0ncia que en reguli l\u2019objecte, funcions, r\u00e8gim i col\u00b7laboracions \u201cvistes les necessitats que presenta el municipi en relaci\u00f3 a la seguretat ciutadana i de circulaci\u00f3 de tr\u00e0nsit\u201d i \u201cvist l\u2019increment d\u2019empadronaments al municipi del darrer any i que a dia d\u2019avui es mant\u00e9 aquest creixement de la poblaci\u00f3\u201d.<\/p>\n\n\n\n<p>La moci\u00f3 aprova el seg\u00fcent acord \u201cVista la necessitat de disposar d\u2019un cos de vigil\u00e0ncia municipal, proposem l\u2019inici del procediment de creaci\u00f3 del cos de vigil\u00e0ncia municipal amb les funcions atribu\u00efdes a la legislaci\u00f3 vigent en mat\u00e8ria de policies locals. Aprovaci\u00f3 de la corporaci\u00f3 municipal per l\u2019inici de l\u2019elaboraci\u00f3 d\u2019un reglament del cos de vigil\u00e0ncia que en reguli l\u2019objecte, funcions, r\u00e8gim i col\u00b7laboracions\u201d.<\/p>\n\n\n\n<p><strong>Punt 11. \u201cMoci\u00f3 sol\u00b7licitant la modificaci\u00f3 dels seg\u00fcents articles del ROM\u201d, presentada pel grup municipal d\u2019ERC-AM<\/strong><\/p>\n\n\n\n<p>No s\u2019aprova. Vots a favor: PSC (2), Units per la Bisbal-FIC (1), Ara la Bisbal (1) i ERC-AM (1). Vots en contra: Comprom\u00eds amb la Bisbal (6).<\/p>\n\n\n\n<p>El grup municipal d\u2019ERC planteja la modificaci\u00f3 del ROM amb la seg\u00fcent proposta d\u2019acord en refer\u00e8ncia als pressupostos participatius:<\/p>\n\n\n\n<p>\u201cS\u2019afegeixi un article referent als pressupostos participatius de La Bisbal del Pened\u00e8s, on s\u2019aclareixi i es nomeni que l\u2019escrutini de cada urbanitzaci\u00f3 ha de realitzar-se immediatament posterior al tancament de l\u2019urna. Amb possibilitat que tots els ve\u00efns, que aix\u00ed ho desitgin, puguin veure l\u2019escrutini\u201d.<\/p>\n\n\n\n<p><strong>Punt 12. \u201cMoci\u00f3 pel principi d\u2019integritat i confidencialitat (art.5.1.f) RGPD\u201d, presentada pel grup municipal d\u2019ERC-AM<\/strong><\/p>\n\n\n\n<p>No s\u2019aprova. Vots a favor: PSC (2), Units per la Bisbal-FIC (1), Ara la Bisbal (1) i ERC-AM (1). Vots en contra: Comprom\u00eds amb la Bisbal (6).<\/p>\n\n\n\n<p>El grup municipal d\u2019ERC proposava aprovar una moci\u00f3 pel principi d\u2019integritat i confidencialitat (art.5.1.f) RGPD\u201d amb els seg\u00fcents acords:<\/p>\n\n\n\n<p>\u201c<strong>PRIMER.-<\/strong> Que l\u2019Ajuntament de La Bisbal del Pened\u00e8s realitzi un informe de riscos adient a les condicions que hi ha en el centre de reciclatge del Punt Verd.<\/p>\n\n\n\n<p><strong>SEGON.-<\/strong> Que en l\u2019informe de riscos apareguin TOTS els principis i caracter\u00edstiques tant de les c\u00e0meres de vigil\u00e0ncia, \u00e9s a dir si s\u00f3n fixes o m\u00f2bils, si tenen ranura per una targeta SD de mem\u00f2ria, etc. aix\u00ed com hi consti tamb\u00e9 la persona responsable del tractament de les imatges. Tamb\u00e9 si es disposa de la possibilitat d\u2019obtenir primers plans en el moment de la captaci\u00f3 o un cop enregistrades les imatges, etc. \u00e9s a dir, ha de ser un informe complet.<\/p>\n\n\n\n<p><strong>TERCER.-<\/strong> Que tamb\u00e9 hi constin les previsions relatives als mecanismes d\u2019identificaci\u00f3 i d\u2019anonimitzaci\u00f3 per atendre l\u2019exercici dels drets d\u2019acc\u00e9s, rectificaci\u00f3, supressi\u00f3, limitaci\u00f3 del tractament i oposici\u00f3, aix\u00ed com tamb\u00e9 en el cas que es gravi la veu, la dist\u00e0ncia a qu\u00e8 es pot enregistrar.<\/p>\n\n\n\n<p><strong>QUART.-<\/strong> En vista d\u2019aquestes circumst\u00e0ncies, que s\u2019apliquin les mesures de seguretat derivades de l\u2019an\u00e0lisi de riscos, tenint en compte especialment les previsions de l\u2019articles 21 de la instrucci\u00f3 1\/2009.<\/p>\n\n\n\n<p><strong>CINQU\u00c8.-<\/strong> S\u2019apaguin aquestes c\u00e0meres de video vigil\u00e0ncia en tant no es faci l\u2019an\u00e0lisi pertinent d\u2019aquestes i s\u2019asseguri el seu tractament tant per persones competents per tal exercici\u201d.<\/p>\n\n\n\n<p><strong>Punt 13. \u201cMoci\u00f3 per la prevenci\u00f3 del su\u00efcidi\u201d, presentada pel grup municipal d\u2019ERC-AM<\/strong><\/p>\n\n\n\n<p>No s\u2019aprova. Vots a favor: PSC (2), Units per la Bisbal-FIC (1), Ara la Bisbal (1) i ERC-AM (1). Vots en contra: Comprom\u00eds amb la Bisbal (6).<\/p>\n\n\n\n<p>El grup municipal d\u2019ERC proposava aprovar la \u201cmoci\u00f3 per la prevenci\u00f3 del su\u00efcidi\u201d amb l\u2019adopci\u00f3 dels seg\u00fcents acords:<\/p>\n\n\n\n<p>\u201c<strong>Primer. <\/strong>Que La Bisbal del Pened\u00e8s es declari poble comprom\u00e8s amb el Benestar emocional i la salut mental actuant per prevenir els su\u00efcidis. Aix\u00ed com visualitzar a trav\u00e9s de xarxes socials, actes, etc. el dia 10 de setembre com a Dia Internacional de la Prevenci\u00f3 del Su\u00efcidi.<\/p>\n\n\n\n<p><strong>Segon.<\/strong> Que l\u2019Ajuntament de La Bisbal del Pened\u00e8s destini una partida pressupost\u00e0ria a partir del 2022, per fer campanyes de prevenci\u00f3 del risc de su\u00efcidi a tota la poblaci\u00f3.<\/p>\n\n\n\n<p><strong>Tercer.<\/strong> Creaci\u00f3 d\u2019una campanya de conscienciaci\u00f3, sensibilitzaci\u00f3, informaci\u00f3, formaci\u00f3 i promoci\u00f3 de la salut mental i erradicaci\u00f3 dels estigmes socials amb relaci\u00f3 a la salut mental.<\/p>\n\n\n\n<p><strong>Quart<\/strong>. Elaboraci\u00f3 d\u2019una campanya espec\u00edfica de prevenci\u00f3 del su\u00efcidi que inclogui l\u2019estudi i implementaci\u00f3 d\u2019un programa espec\u00edfic per sensibilitzar sobre la prevenci\u00f3 del su\u00efcidi, el seu entorn i desenvolupar activitats i continguts encaminats a la seva prevenci\u00f3.<\/p>\n\n\n\n<p><strong>Cinqu\u00e8.<\/strong> Creaci\u00f3 d\u2019un programa espec\u00edfic juntament amb el consultori m\u00e8dic del CAP del nostre municipi, els centres educatius del municipi i l\u2019Ajuntament de La Bisbal del Pened\u00e8s per fer campanyes de sensibilitzaci\u00f3 entre els m\u00e9s joves.<\/p>\n\n\n\n<p><strong>Sis\u00e8.<\/strong> Que l\u2019Ajuntament de La Bisbal del Pened\u00e8s editi i elabori un protocol de su\u00efcidis per incorporar les actuacions necess\u00e0ries en l\u2019\u00e0mbit de la prevenci\u00f3.<\/p>\n\n\n\n<p><strong>Set\u00e8.<\/strong> Que l\u2019Ajuntament de La Bisbal del Pened\u00e8s sol\u00b7liciti a la Generalitat de Catalunya el desenvolupament de les pol\u00edtiques de salut mental i la prevenci\u00f3 del su\u00efcidi, aix\u00ed com la formaci\u00f3 de personal especialitzat i l\u2019aplicaci\u00f3 dels mitjans necessaris a la seva prevenci\u00f3, seguiment i conscienciaci\u00f3 de la societat.<\/p>\n\n\n\n<p><strong>Vuit\u00e8.<\/strong> Que l\u2019Ajuntament de La Bisbal del Pened\u00e8s juntament amb la coordinaci\u00f3 del Departament de Salut de la Generalitat de Catalunya habiliti de forma \u00e0gil un tel\u00e8fon o correu electr\u00f2nic per atendre situacions d\u2019emerg\u00e8ncia vinculades als intents de su\u00efcidi, connectat amb tots els serveis d\u2019emerg\u00e8ncia per tal d\u2019atendre amb la m\u00e0xima agilitat els casos.<\/p>\n\n\n\n<p><strong>Nov\u00e8.<\/strong> Traslladar aquests acords a les entitats municipals, al Departament de Salut de la Generalitat de Catalunya, al Departament d\u2019Educaci\u00f3 de la Generalitat de Catalunya i al Govern de la Generalitat de Catalunya.<\/p>\n\n\n\n<p><strong>Punt 14. \u201cMoci\u00f3 pel reconeixement p\u00fablic del dol perinatal, gestacional i neonatal\u201d, presentada pel grup municipal d\u2019ERC-AM<\/strong><\/p>\n\n\n\n<p>No s\u2019aprova. Vots a favor: PSC (2), Units per la Bisbal-FIC (1), Ara la Bisbal (1) i ERC-AM (1). Vots en contra: Comprom\u00eds amb la Bisbal (6).<\/p>\n\n\n\n<p>El grup municipal d\u2019ERC proposa aprovar la \u201cMoci\u00f3 pel reconeixement p\u00fablic del dol perinatal, gestacional i neonatal\u201d amb els seg\u00fcents acords:<\/p>\n\n\n\n<p>\u201c<strong>PRIMER.-<\/strong> L\u2019Ajuntament de la Bisbal del Pened\u00e8s es posa al costat de les fam\u00edlies que han tingut la p\u00e8rdua d\u2019un \u00e9sser estimat en mort perinatal, gestacional o neonatal i les vol acompanyar en el seu dol.<\/p>\n\n\n\n<p><strong>SEGON.-<\/strong> Per fer efectiu aquest reconeixement, l\u2019Ajuntament dotar\u00e0 el municipi d\u2019un espai de suport i confort per a aquelles persones que han patit una p\u00e8rdua perinatal, gestacional o neonatal en forma d\u2019espai f\u00edsic al cementiri municipal i d\u2019altres estrat\u00e8gies d\u2019acompanyament.<\/p>\n\n\n\n<p><strong>TERCER.-<\/strong> Que l\u2019Ajuntament es compromet a donar a con\u00e8ixer l\u2019exist\u00e8ncia del mateix, i fer difusi\u00f3, a trav\u00e9s dels seus mitjans de comunicaci\u00f3, de la creaci\u00f3 d\u2019aquest espai de dol.<\/p>\n\n\n\n<p><strong>QUART.-<\/strong> Donar suport a les associacions destinades a acompanyar en el dol perinatal, gestacional o neonatal que puguin sorgir al municipi, i tamb\u00e9 donar suport i acompanyament als progenitors que es trobin en aquestes situacions.<\/p>\n\n\n\n<p><strong>CINQU\u00c8.-<\/strong> Expressar el comprom\u00eds de l\u2019Ajuntament en realitzar una cerim\u00f2nia anual en record d\u2019aquests infants, en el marc del Dia Mundial de la mort gestacional i neonatal, el 15 d\u2019octubre, i realitzar campanyes de sensibilitzaci\u00f3 al voltant d\u2019aquest tema per visibilitzar i donar suport p\u00fablic a les fam\u00edlies de les v\u00edctimes\u201d.<\/p>\n\n\n\n<p><strong>Punt 15. \u201cMoci\u00f3 del grup municipal socialista al Ple de l\u2019Ajuntament de La Bisbal del Pened\u00e8s per la creaci\u00f3 del museu de la Joventut Bisbalenca al Centre Municipal de Cultura permanent\u201d, presentada pel grup municipal del PSC<\/strong><\/p>\n\n\n\n<p>No s\u2019aprova. Vots a favor: PSC (2), Units per la Bisbal-FIC (1), Ara la Bisbal (1) i ERC-AM (1). Vots en contra: Comprom\u00eds amb la Bisbal (6).<\/p>\n\n\n\n<p>El PSC proposa aprovar una moci\u00f3 \u201cper a la creaci\u00f3 del museu de la Joventut Bisbalenca al Centre Municipal de Cultura permanent\u201d, tenint en compte que \u201cl\u2019entitat Joventut Bisbalenca disposa d\u2019uns fons de b\u00e9ns formats per trofeus de l\u2019entitat, banderins de clubs i fons fotogr\u00e0fics, que conformen la col\u00b7lecci\u00f3 popularment coneguda com el Museu de la Joventut Bisbalenca, i que des de l\u2019any 2014 van ser dipositats a les depend\u00e8ncies del Centre Municipal de Cultura. L\u2019any 2017, aquesta col\u00b7lecci\u00f3 es trasllada a l\u2019arxiu municipal\u201d. Acords plantejats:<\/p>\n\n\n\n<p><strong>Primer.-<\/strong> Que s\u2019accepti formalment per part de l\u2019Ajuntament de La Bisbal del Pened\u00e8s la cessi\u00f3 de la col\u00b7lecci\u00f3 <em>Museu de la Joventut Bisbalenca<\/em> feta per l\u2019entitat Joventut Bisbalenca, CF.<\/p>\n\n\n\n<p><strong>Segon.-<\/strong> Que es cre\u00ef i s\u2019obri al p\u00fablic el <em>Museu de la Joventut Bisbalenca<\/em> al Centre Municipal de Cultura permanent de La Bisbal del Pened\u00e8s\u201d<\/p>\n\n\n\n<p><strong>Torn de precs i preguntes<\/strong><\/p>\n\n\n\n<p><strong><u>Nota:<\/u><\/strong> Les mocions situades entre els punts 10 i 15 de l\u2019Ordre del Dia es van presentar amb forma de \u201cProposta d\u2019acord\u201d a trav\u00e9s del Registre General de l\u2019Ajuntament. No obstant aix\u00f2, s\u2019han incl\u00f2s com a Moci\u00f3 a l\u2019Ordre del dia perqu\u00e8 nom\u00e9s estaven signades per un regidor i, tal com estableix l\u2019article 102 del ROM: \u201cproposta d\u2019acord \u00e9s una proposici\u00f3 formulada per escrit, a trav\u00e9s del Registre General, per un nombre m\u00ednim de tres membres que t\u00e9 per objecte proposar al Ple l\u2019adopci\u00f3 d\u2019un acord en relaci\u00f3 a un assumpte determinat de la compet\u00e8ncia municipal\u201d i \u201cmoci\u00f3 \u00e9s una proposta formulada per un o m\u00e9s grups pol\u00edtics municipals, mitjan\u00e7ant escrit al Registre General, per incloure\u2019l en la part de control de l\u2019ordre del dia dels Plens ordinaris\u201d.<\/p>\n\n\n\n<figure class=\"wp-block-image size-large\"><img loading=\"lazy\" width=\"1024\" height=\"682\" src=\"https:\/\/bisbalpenedes.com\/web\/wp-content\/uploads\/2021\/09\/210920-PLE-ORDINARI-1-1024x682.jpg\" alt=\"\" class=\"wp-image-19231\" srcset=\"https:\/\/bisbalpenedes.com\/web\/wp-content\/uploads\/2021\/09\/210920-PLE-ORDINARI-1-1024x682.jpg 1024w, https:\/\/bisbalpenedes.com\/web\/wp-content\/uploads\/2021\/09\/210920-PLE-ORDINARI-1-600x400.jpg 600w, https:\/\/bisbalpenedes.com\/web\/wp-content\/uploads\/2021\/09\/210920-PLE-ORDINARI-1-300x200.jpg 300w, https:\/\/bisbalpenedes.com\/web\/wp-content\/uploads\/2021\/09\/210920-PLE-ORDINARI-1-768x512.jpg 768w, https:\/\/bisbalpenedes.com\/web\/wp-content\/uploads\/2021\/09\/210920-PLE-ORDINARI-1-1536x1023.jpg 1536w, https:\/\/bisbalpenedes.com\/web\/wp-content\/uploads\/2021\/09\/210920-PLE-ORDINARI-1.jpg 2048w\" sizes=\"(max-width: 1024px) 100vw, 1024px\" \/><\/figure>\n\n\n\n<hr class=\"wp-block-separator\"\/>\n\n\n\n<p><strong>CASTELLANO<\/strong> |\u00a0Este lunes 20 de septiembre, a las 19h, ha tenido lugar el Pleno ordinario del Ayuntamiento de la Bisbal del Pened\u00e8s que corresponde a este trimestre. El Pleno se ha celebrado de forma presencial y a puerta cerrada para poder garantizar todas las medidas de prevenci\u00f3n de contagios por la COVID-19 y la grabaci\u00f3n en video lo pod\u00e9is ver aqu\u00ed: <\/p>\n\n\n\n<figure class=\"wp-block-embed is-type-video is-provider-youtube wp-block-embed-youtube wp-embed-aspect-16-9 wp-has-aspect-ratio\"><div class=\"wp-block-embed__wrapper\">\n<iframe loading=\"lazy\" title=\"Ajuntament de la Bisbal del Pened\u00e8s. Ple ordinari de 20 de setembre de 2021\" width=\"1170\" height=\"658\" src=\"https:\/\/www.youtube.com\/embed\/_ZVYNL1FGEQ?start=1&#038;feature=oembed\" frameborder=\"0\" allow=\"accelerometer; autoplay; clipboard-write; encrypted-media; gyroscope; picture-in-picture\" allowfullscreen><\/iframe>\n<\/div><\/figure>\n\n\n\n<p>Han asistido al Pleno todos los miembros del Consistorio: 6 concejales de Comprom\u00eds amb la Bisbal, 2 concejales del PSC, 1 concejal de Units per la Bisbal-FIC, 1 concejala de Ara la Bisbal y 1 cocnejala de ERC-AM.<\/p>\n\n\n\n<p>El Pleno ha empezado, a petici\u00f3n de la concejala S\u00edlvia Monfort (ERC-AM), con un minuto de silencio en recuerdo de Pilar Verd\u00fan, exregidora del consistorio bisbalense, que falleci\u00f3 la semana pasada.<\/p>\n\n\n\n<p>Al inicio del Pleno tambi\u00e9n se ha votado la urgencia de un punto no incluido en el orden del d\u00eda: \u201cModificaci\u00f3n de la Ordenanza de creaci\u00f3n y funcionamiento del Registro electr\u00f3nico municipal\u201d y se ha aprobado la urgencia por unanimidad.<\/p>\n\n\n\n<p><strong>Punto 1. Aprobaci\u00f3n del acta del Pleno extraordinario del 12 de agosto.<\/strong><\/p>\n\n\n\n<p>Se ha aprobado por unanimidad.<\/p>\n\n\n\n<p><strong>Punto 2. Aprobaci\u00f3n del acta del Pleno extraordinario del 30 de agosto<\/strong><\/p>\n\n\n\n<p>Se ha aprobado por unanimidad.<\/p>\n\n\n\n<p><strong>Punto 3. Aprobaci\u00f3n de la cuenta general del ejercicio 2020<\/strong><\/p>\n\n\n\n<p>Se ha aprobado con los votos a favor de Comprom\u00eds amb la Bisbal (6), el voto en contra de Ara la Bisbal (1) y la abstenci\u00f3n del PSC (2), Units por la Bisbal-FIC (1) y ERC-AM (1).<\/p>\n\n\n\n<p>Despu\u00e9s de que en mayo de 2021 se iniciara la tramitaci\u00f3n administrativa para la aprobaci\u00f3n de la cuenta general del ejercicio 2020 y que el pasado 2 de agosto se reuniera la Comisi\u00f3n especial de cuentas -emitiendo un dictamen favorable- la cuenta general de 2020 y el dictamen de la Comisi\u00f3n especial de Cuentas estuvieron expuestos al p\u00fablico del 17 de agosto al 7 de septiembre, sin que se presentara ninguna alegaci\u00f3n. Por este motivo, se ha elevado la aprobaci\u00f3n de la Cuenta General de 2020 al Pleno ordinario.<\/p>\n\n\n\n<p>El presupuesto del a\u00f1o 2020 ascendi\u00f3 a 4.467.862,53\u20ac. Al finalizar el&nbsp; ejercicio:<\/p>\n\n\n\n<p>-Hubo un super\u00e1vit presupuestario de 2.081.366,69\u20ac de los cuales quedan disponibles 417.980,73\u20ac porque 1.256.563,61\u20ac est\u00e1n reservados para la primera fase de las obras del polideportivo municipal Y 406.822,35\u20ac est\u00e1n reservados para gastos de servicios o contrataciones del 2020, las facturas de las cuales no se hab\u00edan aprobado a fecha de 31 de diciembre de 2020 o para obras o servicios que se contrataron o empezaron en el 2020 y que finalizar\u00e1n en el 2021 (como por ejemplo el servicio de bus urbano, el derribo de la mas\u00eda de la Miralba y la <em>fassina<\/em> o las c\u00e1maras lectoras de matr\u00edculas).<\/p>\n\n\n\n<p>-El coeficiente de deuda viva fue del 18,65%. El Ayuntamiento cumple con este objetivo porque el importe de la deuda viva total en 31 de diciembre de 2020 era de 809.237,70\u20ac (el 2019 era de 1.172.708,82\u20ac), que supone un porcentaje de deuda viva del 18,65% (el l\u00edmite de deuda est\u00e1 situado en el 110%).<\/p>\n\n\n\n<p>-Se cumpl\u00eda con la regla del gasto, a pesar de que a causa de la situaci\u00f3n de pandemia por la COVID-19 y siguiendo las recomendaciones de la Comisi\u00f3n Europea, el Consejo de Ministros aprob\u00f3 la suspensi\u00f3n de la regla del gasto durante los a\u00f1os 2020 y 2021.<\/p>\n\n\n\n<p>-Se cumpl\u00eda con el objetivo de estabilidad presupuestaria: el Ayuntamiento tiene super\u00e1vit y una capacidad de financiaci\u00f3n de 879.668,05\u20ac.<\/p>\n\n\n\n<p><strong>Punto 4. Adhesi\u00f3n al acuerdo marco para la elaboraci\u00f3n y presentaci\u00f3n conjunta de proyectos y actuaciones en el contexto de la ayuda financiera del mecanismo de recuperaci\u00f3n y resiliencia de la Uni\u00f3n Europa promovido por el Ayuntamiento de Calafell por la creaci\u00f3n de comunidades energ\u00e9ticas<\/strong><\/p>\n\n\n\n<p>Se ha aprobado por unanimidad.<\/p>\n\n\n\n<p>Se ha aprobado el documento marco para la adhesi\u00f3n y presentaci\u00f3n conjunta de proyectos y actuaciones en el contexto de la ayuda financiera del mecanismo de recuperaci\u00f3n y resiliencia de la Uni\u00f3n Europea. El Ayuntamiento de Calafell es el promotor y har\u00e1 las funciones de coordinaci\u00f3n en la tramitaci\u00f3n de los expedientes y la interlocuci\u00f3n con terceros, administraciones superiores y Uni\u00f3n Europea.<\/p>\n\n\n\n<p>El Reglamento 2021\/241 del Parlamento Europeo establece el mecanismo de recuperaci\u00f3n y resiliencia, en el contexto de la crisis de la COVID-19, para contribuir entre otras cosas a la consecuci\u00f3n de los objetivos clim\u00e1ticos de la Uni\u00f3n Europea, los Next Generation. El acuerdo marco permitir\u00e1 articular f\u00f3rmulas de colaboraci\u00f3n y cooperaci\u00f3n entra diferentes municipios de la comarca del Baix Pened\u00e8s para la elaboraci\u00f3n, redacci\u00f3n, tramitaci\u00f3n, aprobaci\u00f3n, gesti\u00f3n, ejecuci\u00f3n y justificaci\u00f3n de distintos proyectos y actuaciones que sean susceptibles de recepci\u00f3n de ayuda financiera por parte de los distintos fondos de la Uni\u00f3n Europea que se agrupan en el \u201cMecanismo de Recuperaci\u00f3n y Resiliencia\u201d.<\/p>\n\n\n\n<p>Con este acuerdo, el Ayuntamiento de la Bisbal del Pened\u00e8s se compromete a:<\/p>\n\n\n\n<p>-Asumir las condiciones del objeto y finalidades tal como est\u00e1n definidas en el Documento marco.<\/p>\n\n\n\n<p>-Asumir las recomendaciones y directrices establecidas por el Grupo de Trabajo, las cuales ser\u00e1n incorporadas en los documentos que se elaboren.<\/p>\n\n\n\n<p>-Aceptar la realizaci\u00f3n unificada de la tramitaci\u00f3n del procedimiento hasta que se complete la solicitud, recepci\u00f3n de los fondos, ejecuci\u00f3n y justificaci\u00f3n.<\/p>\n\n\n\n<p>-Velar por el cumplimiento y buen puerto de los t\u00e9rminos del Documento.<\/p>\n\n\n\n<p>El proyecto para el cual se solicitar\u00e1 ayuda es el de las \u201ccomunidades energ\u00e9ticas\u201d.<\/p>\n\n\n\n<p>Una comunidad energ\u00e9tica local es una nueva figura en la cadena de valor socioecon\u00f3mico del sector energ\u00e9tico y un nuevo actor en el gran abanico de escenarios de la transici\u00f3n energ\u00e9tica. Es una asociaci\u00f3n, cooperativa o cualquier otra entidad jur\u00eddica que est\u00e9 controlada por miembros locales (ciudadan\u00eda, tejido productivo, entes locales) sin \u00e1nimo de lucro y dedicada a actividades en el sector energ\u00e9tico (producci\u00f3n, distribuci\u00f3n, agregaci\u00f3n, etc.) con el objetivo principal del beneficio local.<\/p>\n\n\n\n<p>Por lo tanto, este proyecto es para que los diferentes ayuntamientos creen comunidades energ\u00e9ticas locales para que los actores locales (ciudadan\u00eda, comercios, empresas\u2026) participen de forma activa y conjunta en la transici\u00f3n energ\u00e9tica.<\/p>\n\n\n\n<p>La alcaldesa de la Bisbal, Agn\u00e8s Ferr\u00e9, ha detallado que \u201cde lo que se ha hablado inicialmente es del hecho que se quieren colocar placas solares fotovoltaicas en techos de edificios municipales y en espacios municipales para producir energ\u00eda y despu\u00e9s crear comunidades para que los consumidores pr\u00f3ximos a la instalaci\u00f3n puedan utilizar tambi\u00e9n esta energ\u00eda, estableciendo mecanismos de gesti\u00f3n y ahorro energ\u00e9tico\u201d. Ferr\u00e9 ha a\u00f1adido que \u201cestas pr\u00e1cticas son un mecanismo clave para avanzar hacia una transici\u00f3n energ\u00e9tica m\u00e1s equitativa, sin dejar a nadie atr\u00e1s y que da oportunidades para que todo el mundo pueda participar\u201d.<\/p>\n\n\n\n<p>Los t\u00e9cnicos de los ayuntamientos participantes formar\u00e1n parte del Grupo de Trabajo y las propuestas que surjan ser\u00e1n transmitidas a los \u00f3rganos de gobierno de cada municipio a trav\u00e9s de sus responsables.<\/p>\n\n\n\n<p><strong>Punto incluido en el Pleno ordinario por urgencia. \u201cModificaci\u00f3n de la Ordenanza de creaci\u00f3n y funcionamiento del Registro electr\u00f3nico municipal\u201d<\/strong><\/p>\n\n\n\n<p>Se ha aprobado por unanimidad.<\/p>\n\n\n\n<p>La sede electr\u00f3nica se regula con la Ordenanza de creaci\u00f3n y funcionamiento del Registro electr\u00f3nico municipal, que se aprob\u00f3 por Pleno en marzo de 2010. Esta ordenanza establece que la direcci\u00f3n de internet donde est\u00e1 alojada la sede electr\u00f3nica del Ayuntamiento es la web www.bisbalpenedes.com, pero para poder actualizar el certificado de sede electr\u00f3nica se hace necesario que en la ordenanza figure la direcci\u00f3n actual: bisbalpenedes.eadministracio.cat.<\/p>\n\n\n\n<p>La sede electr\u00f3nica ha dispuesto desde el a\u00f1o 2010 hasta el momento actual de un certificado de sede electr\u00f3nica de nivel mediano, emitido por el Consorcio AOC (Administraci\u00f3n Abierta de Catalu\u00f1a) que autentifica el sitio web y certifica su seguridad y la conexi\u00f3n segura del ciudadano con la sede para poder realizar tr\u00e1mites en l\u00ednea. Sin embargo, el pasado mes de agosto de 2021 el Consorcio AOC comunic\u00f3 que este certificado de sede electr\u00f3nica caduca el 2 de octubre, con la advertencia que el Consorcio AOC ya no emite este tipo de certificados y que, por lo tanto, no se podr\u00e1 renovar con \u00e9l. Por este motivo, el Ayuntamiento de la Bisbal del Pened\u00e8s \u2013as\u00ed como al resto de municipios que se encuentran con esta situaci\u00f3n- ha estado buscando opciones con el apoyo del Consell Comarcal del Baix Pened\u00e8s y tiene constancia de que hay dos opciones certificadoras que podr\u00edan sustituir la AOC: la F\u00e1brica Nacional de la Moneda y Timbre (CERAS_FNMT) y Firma Profesional. Ambos proveedores solicitan, entre la documentaci\u00f3n necesaria para la expedici\u00f3n del certificado, la referencia a la disposici\u00f3n al BOPT o Diario Oficial del nombre de la sede electr\u00f3nica actual. Como que en la ordenanza aprobada el 2010 figura el nombre del web anterior y no la direcci\u00f3n bisbalpenedes.eadministracio.cat, se ha elevado al Pleno la propuesta de aprobar inicialmente la modificaci\u00f3n del Reglamento de funcionamiento del registro electr\u00f3nico municipal para actualizar el nombre de la sede electr\u00f3nica del Ayuntamiento de la Bisbal del Pened\u00e8s y as\u00ed poder renovar el certificado de la sede.<\/p>\n\n\n\n<p><strong>Punto 5. Dar cuenta de los Decretos de Alcald\u00eda<\/strong><\/p>\n\n\n\n<p>Se da cuenta al Pleno de los Decretos firmados por la alcaldesa Agn\u00e8s Ferr\u00e9.<\/p>\n\n\n\n<p><strong>Punto 6. Dar cuenta de los acuerdos de la Junta de Gobierno Local<\/strong><\/p>\n\n\n\n<p>Se da cuenta al Pleno de los acuerdos de la Junta de Gobierno Local.<\/p>\n\n\n\n<p><strong>Punto 7. Dar cuenta del periodo medio de pago del 2.\u00ba trimestre 2021<\/strong><\/p>\n\n\n\n<p>Se da cuenta al Pleno del periodo medio de pago del 2.\u00ba trimestre de 2021, que ha sido de 20,02 d\u00edas. Se cumple con el periodo medio de pago a proveedores legalmente previsto, ya que el m\u00e1ximo permitido es de 30 d\u00edas.<\/p>\n\n\n\n<p><strong>Punto 8. Dar cuenta de la ejecuci\u00f3n del presupuesto 2\u00ba trimestre 2021<\/strong><\/p>\n\n\n\n<p>Se da cuenta de la ejecuci\u00f3n del presupuesto en el 2\u00ba trimestre.<\/p>\n\n\n\n<p>Se ha cumplido con la obligaci\u00f3n de remisi\u00f3n telem\u00e1tica de la informaci\u00f3n requerida dentro de los plazos establecidos, puesto que se envi\u00f3 al Ministerio de Hacienda el 29 de julio.<\/p>\n\n\n\n<p><strong>Punto 9. Dar cuenta de las l\u00edneas fundamentales del presupuesto del ejercicio 2022<\/strong><\/p>\n\n\n\n<p>Se da cuenta al Pleno del Decreto de alcald\u00eda del 1 de septiembre de 2021, en que se aprobaron las l\u00edneas fundamentales del presupuesto para el ejercicio 2022.<\/p>\n\n\n\n<p>Se remite al Pleno de la Corporaci\u00f3n el informe de Intervenci\u00f3n relativo a las l\u00edneas fundamentales del presupuesto para el ejercicio 2022, en cumplimiento de la Ley Org\u00e1nica 2\/2012, del 27 de abril, de estabilidad presupuestaria y sostenibilidad financiera, que dice que antes del 15 de septiembre de cada a\u00f1o, las entidades locales deber\u00e1n presentar las l\u00edneas fundamentales del presupuesto para el ejercicio siguiente con toda la informaci\u00f3n necesaria de acuerdo con la normativa europea.<\/p>\n\n\n\n<p>Seg\u00fan dispone el Ministerio de Hacienda a la gu\u00eda \u201cL\u00edneas fundamentales de los presupuestos de las entidades locales\u201d, los datos econ\u00f3micos que se tienen que consignar son las siguientes:<\/p>\n\n\n\n<p>-Ingresos y gastos para el ejercicio 2022, partiendo de los datos de previsi\u00f3n de liquidaci\u00f3n para el ejercicio 2021<\/p>\n\n\n\n<p>-Saldos y otras magnitudes<\/p>\n\n\n\n<p>-Capacidad o necesidad de financiaci\u00f3n (estabilidad presupuestaria y deuda viva)<\/p>\n\n\n\n<p>-Pasivos contingentes<\/p>\n\n\n\n<p>Se prev\u00e9 un importe total de 4.806.307,62\u20ac para el presupuesto 2022, que supone un incremento de 338.508,09\u20ac (un 7,5%) respecto al 2021.<\/p>\n\n\n\n<p>La partida de inversiones prevista para el 2022 es de 881.803,70\u20ac, que incluye: franjas forestales, mejora de la red de agua, parques infantiles, mejora del alumbrado p\u00fablico, presupuestos participativos, c\u00e1maras lectoras de matr\u00edculas, la construcci\u00f3n de un almac\u00e9n de brigada a la <em>fassina<\/em> y rehabilitaci\u00f3n de la torre de la <em>fassina<\/em>.<\/p>\n\n\n\n<p><strong>Punto 10. Moci\u00f3n por la \u201cCreaci\u00f3n de un cuerpo de vigilancia municipal\u201d, presentada por el grupo municipal del PSC<\/strong><\/p>\n\n\n\n<p>Se aprueba por unanimidad.<\/p>\n\n\n\n<p>El portavoz del grupo municipal del PSC propone iniciar la elaboraci\u00f3n de un reglamento del cuerpo de vigilancia que regule el objeto, funciones, r\u00e9gimen y colaboraciones \u201cvistas las necesidades que presenta el municipio en relaci\u00f3n a la seguridad ciudadana y de circulaci\u00f3n de tr\u00e1fico\u201d y \u201cvisto el incremento de empadronamientos en el municipio del \u00faltimo a\u00f1o y que a d\u00eda de hoy se mantiene este crecimiento de la poblaci\u00f3n\u201d.<\/p>\n\n\n\n<p>La moci\u00f3n aprueba el siguiente acuerdo \u201cVista la necesidad de disponer de un cuerpo de vigilancia municipal, proponemos el inicio del procedimiento de creaci\u00f3n del cuerpo de vigilancia municipal con las funciones atribuidas a la legislaci\u00f3n vigente en materia de polic\u00edas locales. Aprobaci\u00f3n de la corporaci\u00f3n municipal por el inicio de la elaboraci\u00f3n de un reglamento del cuerpo de vigilancia que regule el objeto, funciones, r\u00e9gimen y colaboraciones\u201d.<\/p>\n\n\n\n<p><strong>Punto 11. \u201cMoci\u00f3n solicitando la modificaci\u00f3n de los siguientes art\u00edculos del ROM\u201d, presentada por el grupo municipal de ERC-AM<\/strong><\/p>\n\n\n\n<p>No se aprueba. Votos a favor: PSC (2), Units por la Bisbal-FIC (1), Ara la Bisbal (1) y ERC-AM (1). Votos en contra: Comprom\u00eds amb la Bisbal (6).<\/p>\n\n\n\n<p>El grupo municipal de ERC-AM plantea la modificaci\u00f3n del ROM con la siguiente propuesta de acuerdo en referencia a los presupuestos participativos:<\/p>\n\n\n\n<p>\u201cSe a\u00f1ada un art\u00edculo en lo referente a los presupuestos participativos de La Bisbal del Pened\u00e8s, donde se aclare y se nombre que el escrutinio de cada urbanizaci\u00f3n tiene que realizarse de forma inmediatamente posterior al cierre de la urna. Con posibilidad que todos los vecinos, que as\u00ed lo deseen, puedan ver el escrutinio\u201d.<\/p>\n\n\n\n<p><strong>Punto 12. \u201cMoci\u00f3n por el principio de integridad y confidencialidad (arte.5.1.f) RGPD\u201d, presentada por el grupo municipal de ERC-AM<\/strong><\/p>\n\n\n\n<p>No se aprueba. Votos a favor: PSC (2), Units por la Bisbal-FIC (1), Ara la Bisbal (1) y ERC-AM (1). Votos en contra: Comprom\u00eds amb la Bisbal (6).<\/p>\n\n\n\n<p>El grupo municipal de ERC propon\u00eda aprobar una moci\u00f3n por el principio de integridad y confidencialidad (arte.5.1.f) RGPD\u201d con los siguientes acuerdos:<\/p>\n\n\n\n<p><strong>\u201cPRIMERO.-<\/strong> Que el Ayuntamiento de La Bisbal del Pened\u00e8s realice un informe de riesgos adecuado a las condiciones que hay en el centro de reciclaje del Punto Verd.<\/p>\n\n\n\n<p><strong>SEGUNDO.-<\/strong> Que en el informe de riesgos aparezcan TODOS los principios y caracter\u00edsticas tanto de las c\u00e1maras de vigilancia, es decir si son fijas o m\u00f3viles, si tienen ranura para una tarjeta SD de memoria, etc. as\u00ed como conste tambi\u00e9n la persona responsable del tratamiento de las im\u00e1genes. Tambi\u00e9n si se dispone de la posibilidad de obtener primeros planos en el momento de la captaci\u00f3n o una vez grabadas las im\u00e1genes, etc. es decir, tiene que ser un informe completo.<\/p>\n\n\n\n<p><strong>TERCERO.-<\/strong> Que tambi\u00e9n consten las previsiones relativas a los mecanismos de identificaci\u00f3n y de anonimizaci\u00f3n para atender el ejercicio de los derechos de acceso, rectificaci\u00f3n, supresi\u00f3n, limitaci\u00f3n del tratamiento y oposici\u00f3n, as\u00ed como tambi\u00e9n en el supuesto de que se grabe la voz, la distancia a que se puede grabar.<\/p>\n\n\n\n<p><strong>QUART.-<\/strong> En vista de estas circunstancias, que se apliquen las medidas de seguridad derivadas del an\u00e1lisis de riesgos, teniendo en cuenta especialmente las previsiones del art\u00edculo 21 de la instrucci\u00f3n 1\/2009.<\/p>\n\n\n\n<p><strong>QUINTO.-<\/strong> Se apaguen estas c\u00e1maras de videovigilancia en tanto no se haga el an\u00e1lisis pertinente de estas y se asegure su tratamiento tanto por personas competentes por tal ejercicio\u201d.<\/p>\n\n\n\n<p><strong>Punto 13. \u201cMoci\u00f3n por la prevenci\u00f3n del suicidio\u201d, presentada por el grupo municipal de ERC-AM<\/strong><\/p>\n\n\n\n<p>No se aprueba. Votos a favor: PSC (2), Units por la Bisbal-FIC (1), Ara la Bisbal (1) y ERC-AM (1). Votos en contra: Comprom\u00eds amb la Bisbal (6).<\/p>\n\n\n\n<p>El grupo municipal de ERC propon\u00eda aprobar la \u201cmoci\u00f3n por la prevenci\u00f3n del suicidio\u201d con la adopci\u00f3n de los siguientes acuerdos:<\/p>\n\n\n\n<p><strong>\u201cPrimero. <\/strong>Que La Bisbal del Pened\u00e8s se declare pueblo comprometido con el Bienestar emocional y la salud mental actuando para prevenir los suicidios. As\u00ed como visualizar a trav\u00e9s de redes sociales, actos, etc. el d\u00eda 10 de septiembre como D\u00eda Internacional de la Prevenci\u00f3n del Suicidio.<\/p>\n\n\n\n<p><strong>Segundo<\/strong>. Que el Ayuntamiento de La Bisbal del Pened\u00e8s destine una partida presupuestaria a partir del 2022, para hacer campa\u00f1as de prevenci\u00f3n del riesgo de suicidio en toda la poblaci\u00f3n.<\/p>\n\n\n\n<p><strong>Tercero.<\/strong> Creaci\u00f3n de una campa\u00f1a de concienciaci\u00f3n, sensibilizaci\u00f3n, informaci\u00f3n, formaci\u00f3n y promoci\u00f3n de la salud mental y erradicaci\u00f3n de los estigmas sociales con relaci\u00f3n a la salud mental.<\/p>\n\n\n\n<p><strong>Cuarto.<\/strong> Elaboraci\u00f3n de una campa\u00f1a espec\u00edfica de prevenci\u00f3n del suicidio que incluya el estudio e implementaci\u00f3n de un programa espec\u00edfico para sensibilizar sobre la prevenci\u00f3n del suicidio, su entorno y desarrollar actividades y contenidos encaminados a su prevenci\u00f3n.<\/p>\n\n\n\n<p><strong>Quinto.<\/strong> Creaci\u00f3n de un programa espec\u00edfico junto con el consultorio m\u00e9dico del CAP de nuestro municipio, los centros educativos del municipio y el Ayuntamiento de La Bisbal del Pened\u00e8s para hacer campa\u00f1as de sensibilizaci\u00f3n entre los m\u00e1s j\u00f3venes.<\/p>\n\n\n\n<p><strong>Sexto.<\/strong> Que el Ayuntamiento de La Bisbal del Pened\u00e8s edite y elabore un protocolo de suicidios para incorporar las actuaciones necesarias en el \u00e1mbito de la prevenci\u00f3n.<\/p>\n\n\n\n<p><strong>S\u00e9ptimo<\/strong>. Que el Ayuntamiento de La Bisbal del Pened\u00e8s solicite a la Generalitat de Catalu\u00f1a el desarrollo de las pol\u00edticas de salud mental y la prevenci\u00f3n del suicidio, as\u00ed como la formaci\u00f3n de personal especializado y la aplicaci\u00f3n de los medios necesarios a su prevenci\u00f3n, seguimiento y concienciaci\u00f3n de la sociedad.<\/p>\n\n\n\n<p><strong>Octavo.<\/strong> Que el Ayuntamiento de La Bisbal del Pened\u00e8s junto con la coordinaci\u00f3n del Departamento de Salud de la Generalitat de Catalunya habilite de forma \u00e1gil un tel\u00e9fono o correo electr\u00f3nico para atender situaciones de emergencia vinculadas a los intentos de suicidio, conectado con todos los servicios de emergencia para atender con la m\u00e1xima agilidad los casos.<\/p>\n\n\n\n<p><strong>Noveno.<\/strong> Trasladar estos acuerdos a las entidades municipales, al Departamento de Salud de la Generalitat de Catalunya, al Departamento de Educaci\u00f3n de la Generalitat de Catalunya y en el Gobierno de la Generalitat de Catalunya.<\/p>\n\n\n\n<p><strong>Punto 14. \u201cMoci\u00f3n por el reconocimiento p\u00fablico del luto perinatal, gestacional y neonatal\u201d, presentada por el grupo municipal de ERC-AM<\/strong><\/p>\n\n\n\n<p>No se aprueba. Votos a favor: PSC (2), Units por la Bisbal-FIC (1), Ara la Bisbal (1) y ERC-AM (1). Votos en contra: Comprom\u00eds amb la Bisbal (6).<\/p>\n\n\n\n<p>El grupo municipal de ERC propone aprobar la \u201cMoci\u00f3n por el reconocimiento p\u00fablico del luto perinatal, gestacional y neonatal\u201d con los siguientes acuerdos:<\/p>\n\n\n\n<p><strong>\u201cPRIMERO.-<\/strong> El Ayuntamiento de la Bisbal del Pened\u00e8s se sit\u00faa junto a las familias que han tenido la p\u00e9rdida de un ser querido en muerte perinatal, gestacional o neonatal y las quiere acompa\u00f1ar en su luto.<\/p>\n\n\n\n<p><strong>SEGUNDO.-<\/strong> Para hacer efectivo este reconocimiento, el Ayuntamiento dotar\u00e1 el municipio de un espacio de apoyo y confort para aquellas personas que han sufrido una p\u00e9rdida perinatal, gestacional o neonatal en forma de espacio f\u00edsico en el cementerio municipal y otras estrategias de acompa\u00f1amiento.<\/p>\n\n\n\n<p><strong>TERCERO.-<\/strong> Que el Ayuntamiento se compromete a dar a conocer la existencia del mismo, y a hacer difusi\u00f3n, a trav\u00e9s de sus medios de comunicaci\u00f3n, de la creaci\u00f3n de este espacio de luto.<\/p>\n\n\n\n<p><strong>QUART.-<\/strong> Apoyar a las asociaciones destinadas a acompa\u00f1ar en el luto perinatal, gestacional o neonatal que puedan surgir en el municipio, y tambi\u00e9n apoyar y acompa\u00f1amiento a los progenitores que se encuentren en estas situaciones.<\/p>\n\n\n\n<p><strong>QUINTO.-<\/strong> Expresar el compromiso del Ayuntamiento al realizar una ceremonia anual en recuerdo de estos ni\u00f1os, en el marco del D\u00eda Mundial de la muerte gestacional y neonatal, el 15 de octubre, y realizar campa\u00f1as de sensibilizaci\u00f3n alrededor de este tema para visibilizar y apoyar p\u00fablico a las familias de las v\u00edctimas\u201d.<\/p>\n\n\n\n<p><strong>Punto 15. \u201cMoci\u00f3n del grupo municipal socialista al Pleno del Ayuntamiento de La Bisbal del Pened\u00e8s para la creaci\u00f3n del museo de la Joventut Bisbalenca en el Centro Municipal de Cultura permanente\u201d, presentada por el grupo municipal del PSC<\/strong><\/p>\n\n\n\n<p>No se aprueba. Votos a favor: PSC (2), Units por la Bisbal-FIC (1), Ara la Bisbal (1) y ERC-AM (1). Votos en contra: Comprom\u00eds amb la Bisbal (6).<\/p>\n\n\n\n<p>El PSC propone aprobar una moci\u00f3n \u201cpara la creaci\u00f3n del museo de la Joventut Bisbalenca en el Centro Municipal de Cultura permanente\u201d, teniendo en cuenta que \u201cla entidad Joventut Bisbalenca dispone de unos fondos de bienes formados por trofeos de la entidad, banderines de clubes y fondos fotogr\u00e1ficos, que conforman la colecci\u00f3n popularmente conocida como el Museo de la Joventut Bisbalenca, y que desde el a\u00f1o 2014 fueron depositados en las dependencias del Centro Municipal de Cultura. El a\u00f1o 2017, esta colecci\u00f3n se traslada al archivo municipal\u201d. Acuerdos planteados:<\/p>\n\n\n\n<p><strong>Primero.-<\/strong> Que se acepte formalmente por parte del Ayuntamiento de La Bisbal del Pened\u00e8s la cesi\u00f3n de la colecci\u00f3n Museo de la Joventut Bisbalenca hecha por la entidad Joventut Bisbalenca, CF.<\/p>\n\n\n\n<p><strong>Segundo.-<\/strong> Que se cree y se abra al p\u00fablico el Museo de la Joventut Bisbalenca en el Centro Municipal de Cultura permanente de La Bisbal del Pened\u00e8s\u201d<\/p>\n\n\n\n<p><strong>Turno de ruegos y preguntas<\/strong><\/p>\n\n\n\n<p>Nota: Las mociones situadas entre los puntos 10 y 15 del Orden del D\u00eda se presentaron con forma de \u201cPropuesta de acuerdo\u201d a trav\u00e9s del Registro General del Ayuntamiento. No obstante, se han incluido como Moci\u00f3n en el Orden del d\u00eda porque solamente estaban firmadas por un concejal y, tal como establece el art\u00edculo 102 del ROM: \u201cpropuesta de acuerdo es una proposici\u00f3n formulada por escrito, a trav\u00e9s del Registro General, por un n\u00famero m\u00ednimo de tres miembros que tiene por objeto proponer al Pleno la adopci\u00f3n de un acuerdo en relaci\u00f3n con un asunto determinado de la competencia municipal\u201d y \u201cmoci\u00f3n es una propuesta formulada por uno o m\u00e1s grupos pol\u00edticos municipales, mediante escrito al Registro General, para incluirlo en la parte de control del d\u00eda de los Plenos ordinarios\u201d.<\/p>\n","protected":false},"excerpt":{"rendered":"<p>Aquest dilluns 20 de setembre, a les 19h, ha tingut lloc el Ple ordinari de l\u2019Ajuntament de la Bisbal del Pened\u00e8s corresponent a aquest trimestre. El Ple s\u2019ha celebrat de &hellip; <a href=\"https:\/\/bisbalpenedes.com\/web\/2021\/09\/21\/aquest-dilluns-20-de-setembre-ha-tingut-lloc-un-ple-ordinari-a-lajuntament-de-la-bisbal-del-penedes\/\" class=\"more-link\">Read More<\/a><\/p>\n","protected":false},"author":4,"featured_media":19228,"comment_status":"closed","ping_status":"closed","sticky":false,"template":"","format":"standard","meta":[],"categories":[8,2250],"tags":[2866,3230,4786,4793,345,393,4788,4794,1049,2321,139,249,4789,4791,4792,4787,4790,479,1611],"_links":{"self":[{"href":"https:\/\/bisbalpenedes.com\/web\/wp-json\/wp\/v2\/posts\/19227"}],"collection":[{"href":"https:\/\/bisbalpenedes.com\/web\/wp-json\/wp\/v2\/posts"}],"about":[{"href":"https:\/\/bisbalpenedes.com\/web\/wp-json\/wp\/v2\/types\/post"}],"author":[{"embeddable":true,"href":"https:\/\/bisbalpenedes.com\/web\/wp-json\/wp\/v2\/users\/4"}],"replies":[{"embeddable":true,"href":"https:\/\/bisbalpenedes.com\/web\/wp-json\/wp\/v2\/comments?post=19227"}],"version-history":[{"count":3,"href":"https:\/\/bisbalpenedes.com\/web\/wp-json\/wp\/v2\/posts\/19227\/revisions"}],"predecessor-version":[{"id":19243,"href":"https:\/\/bisbalpenedes.com\/web\/wp-json\/wp\/v2\/posts\/19227\/revisions\/19243"}],"wp:featuredmedia":[{"embeddable":true,"href":"https:\/\/bisbalpenedes.com\/web\/wp-json\/wp\/v2\/media\/19228"}],"wp:attachment":[{"href":"https:\/\/bisbalpenedes.com\/web\/wp-json\/wp\/v2\/media?parent=19227"}],"wp:term":[{"taxonomy":"category","embeddable":true,"href":"https:\/\/bisbalpenedes.com\/web\/wp-json\/wp\/v2\/categories?post=19227"},{"taxonomy":"post_tag","embeddable":true,"href":"https:\/\/bisbalpenedes.com\/web\/wp-json\/wp\/v2\/tags?post=19227"}],"curies":[{"name":"wp","href":"https:\/\/api.w.org\/{rel}","templated":true}]}}