{"id":19224,"date":"2021-09-21T09:19:38","date_gmt":"2021-09-21T07:19:38","guid":{"rendered":"https:\/\/bisbalpenedes.com\/web\/?p=19224"},"modified":"2021-09-21T09:19:38","modified_gmt":"2021-09-21T07:19:38","slug":"aquest-dimarts-lajuntament-silluminara-amb-llum-blanca-amb-motiu-del-dia-internacional-de-la-pau","status":"publish","type":"post","link":"https:\/\/bisbalpenedes.com\/web\/2021\/09\/21\/aquest-dimarts-lajuntament-silluminara-amb-llum-blanca-amb-motiu-del-dia-internacional-de-la-pau\/","title":{"rendered":"Aquest dimarts l&#8217;Ajuntament s&#8217;il\u00b7luminar\u00e0 amb llum blanca amb motiu del Dia Internacional de la Pau"},"content":{"rendered":"\n<p>L&#8217;Ajuntament de la Bisbal del Pened\u00e8s s&#8217;il\u00b7luminar\u00e0, aquest dimarts 21 de setembre, amb llum blanca amb motiu del Dia Internacional de la Pau.L&#8217;Assemblea General de les Nacions Unides va declarar l&#8217;any 1981 que el dia d&#8217;obertura de sessions cada setembre seria proclamat i observat oficialment com a Dia Internacional de la Pau, dedicat a commemorar i enfortir els ideals de pau dins de cada naci\u00f3 i entre tots els pobles.<br>Podeu ampliar la informaci\u00f3 a l&#8217;enlla\u00e7: <a rel=\"noreferrer noopener\" href=\"http:\/\/cooperaciocatalana.gencat.cat\/ca\/que-fem\/campanyes\/campanyes-danys-anteriors\/21-de-setembre-dia-internacional-per-la-pau\/\" target=\"_blank\">http:\/\/cooperaciocatalana.gencat.cat\/ca\/que-fem\/campanyes\/campanyes-danys-anteriors\/21-de-setembre-dia-internacional-per-la-pau\/<\/a><br><\/p>\n\n\n\n<hr class=\"wp-block-separator\"\/>\n\n\n\n<p>El Ayuntamiento de la Bisbal del Pened\u00e8s se iluminar\u00e1, este martes 21 de septiembre, con luz blanca con motivo del D\u00eda Internacional de la Paz.La Asamblea General de las Naciones Unidas declar\u00f3 el a\u00f1o 1981 que el d\u00eda de apertura de sesiones cada septiembre ser\u00eda proclamado y observado oficialmente como D\u00eda Internacional de la Paz, dedicado a conmemorar y fortalecer los ideales de paz dentro de cada naci\u00f3n y entre todos los pueblos.<br>Pod\u00e9is ampliar la informaci\u00f3n en el enlace: <a href=\"http:\/\/cooperaciocatalana.gencat.cat\/ca\/que-fem\/campanyes\/campanyes-danys-anteriors\/21-de-setembre-dia-internacional-per-la-pau\/\" target=\"_blank\" rel=\"noreferrer noopener\">http:\/\/cooperaciocatalana.gencat.cat\/ca\/que-fem\/campanyes\/campanyes-danys-anteriors\/21-de-setembre-dia-internacional-per-la-pau\/<\/a><\/p>\n","protected":false},"excerpt":{"rendered":"<p>L&#8217;Ajuntament de la Bisbal del Pened\u00e8s s&#8217;il\u00b7luminar\u00e0, aquest dimarts 21 de setembre, amb llum blanca amb motiu del Dia Internacional de la Pau.L&#8217;Assemblea General de les Nacions Unides va declarar &hellip; <a href=\"https:\/\/bisbalpenedes.com\/web\/2021\/09\/21\/aquest-dimarts-lajuntament-silluminara-amb-llum-blanca-amb-motiu-del-dia-internacional-de-la-pau\/\" class=\"more-link\">Read More<\/a><\/p>\n","protected":false},"author":4,"featured_media":19225,"comment_status":"closed","ping_status":"closed","sticky":false,"template":"","format":"standard","meta":[],"categories":[8],"tags":[216,4783,4785,4782,393],"_links":{"self":[{"href":"https:\/\/bisbalpenedes.com\/web\/wp-json\/wp\/v2\/posts\/19224"}],"collection":[{"href":"https:\/\/bisbalpenedes.com\/web\/wp-json\/wp\/v2\/posts"}],"about":[{"href":"https:\/\/bisbalpenedes.com\/web\/wp-json\/wp\/v2\/types\/post"}],"author":[{"embeddable":true,"href":"https:\/\/bisbalpenedes.com\/web\/wp-json\/wp\/v2\/users\/4"}],"replies":[{"embeddable":true,"href":"https:\/\/bisbalpenedes.com\/web\/wp-json\/wp\/v2\/comments?post=19224"}],"version-history":[{"count":1,"href":"https:\/\/bisbalpenedes.com\/web\/wp-json\/wp\/v2\/posts\/19224\/revisions"}],"predecessor-version":[{"id":19226,"href":"https:\/\/bisbalpenedes.com\/web\/wp-json\/wp\/v2\/posts\/19224\/revisions\/19226"}],"wp:featuredmedia":[{"embeddable":true,"href":"https:\/\/bisbalpenedes.com\/web\/wp-json\/wp\/v2\/media\/19225"}],"wp:attachment":[{"href":"https:\/\/bisbalpenedes.com\/web\/wp-json\/wp\/v2\/media?parent=19224"}],"wp:term":[{"taxonomy":"category","embeddable":true,"href":"https:\/\/bisbalpenedes.com\/web\/wp-json\/wp\/v2\/categories?post=19224"},{"taxonomy":"post_tag","embeddable":true,"href":"https:\/\/bisbalpenedes.com\/web\/wp-json\/wp\/v2\/tags?post=19224"}],"curies":[{"name":"wp","href":"https:\/\/api.w.org\/{rel}","templated":true}]}}