{"id":19217,"date":"2021-09-17T08:08:00","date_gmt":"2021-09-17T06:08:00","guid":{"rendered":"https:\/\/bisbalpenedes.com\/web\/?p=19217"},"modified":"2021-09-21T09:18:21","modified_gmt":"2021-09-21T07:18:21","slug":"noves-mesures-contra-la-covid-19-a-catalunya","status":"publish","type":"post","link":"https:\/\/bisbalpenedes.com\/web\/2021\/09\/17\/noves-mesures-contra-la-covid-19-a-catalunya\/","title":{"rendered":"Noves mesures contra la COVID-19 a Catalunya"},"content":{"rendered":"\n<p>Aquest divendres 17 de setembre entren en vigor noves mesures contra la COVID-19 a Catalunya. Estaran vigents fins al 23 de setembre. A l\u2019enlla\u00e7 trobareu m\u00e9s informaci\u00f3:\u00a0<a rel=\"noreferrer noopener\" href=\"https:\/\/canalsalut.gencat.cat\/ca\/salut-a-z\/c\/coronavirus-2019-ncov\/ciutadania\/mesures\/17-setembre\/\" target=\"_blank\">https:\/\/canalsalut.gencat.cat\/ca\/salut-a-z\/c\/coronavirus-2019-ncov\/ciutadania\/mesures\/17-setembre\/<\/a><\/p>\n\n\n\n<hr class=\"wp-block-separator\"\/>\n\n\n\n<p>Este viernes 17 de septiembre entran en vigor nuevas medidas contra la COVID-19 en Catalunya. Estar\u00e1n vigentes hasta el 23 de septiembre. En el enlace encontrar\u00e9is m\u00e1s informaci\u00f3n:\u00a0<a rel=\"noreferrer noopener\" href=\"https:\/\/canalsalut.gencat.cat\/ca\/salut-a-z\/c\/coronavirus-2019-ncov\/ciutadania\/mesures\/17-setembre\/\" target=\"_blank\">https:\/\/canalsalut.gencat.cat\/ca\/salut-a-z\/c\/coronavirus-2019-ncov\/ciutadania\/mesures\/17-setembre\/<\/a><\/p>\n\n\n\n<figure class=\"wp-block-image size-large\"><img loading=\"lazy\" width=\"726\" height=\"1024\" src=\"https:\/\/bisbalpenedes.com\/web\/wp-content\/uploads\/2021\/09\/mesures-17-setembre_page-0001-726x1024.jpeg\" alt=\"\" class=\"wp-image-19219\" srcset=\"https:\/\/bisbalpenedes.com\/web\/wp-content\/uploads\/2021\/09\/mesures-17-setembre_page-0001-726x1024.jpeg 726w, https:\/\/bisbalpenedes.com\/web\/wp-content\/uploads\/2021\/09\/mesures-17-setembre_page-0001-600x846.jpeg 600w, https:\/\/bisbalpenedes.com\/web\/wp-content\/uploads\/2021\/09\/mesures-17-setembre_page-0001-213x300.jpeg 213w, https:\/\/bisbalpenedes.com\/web\/wp-content\/uploads\/2021\/09\/mesures-17-setembre_page-0001-768x1083.jpeg 768w, https:\/\/bisbalpenedes.com\/web\/wp-content\/uploads\/2021\/09\/mesures-17-setembre_page-0001-1089x1536.jpeg 1089w, https:\/\/bisbalpenedes.com\/web\/wp-content\/uploads\/2021\/09\/mesures-17-setembre_page-0001-1452x2048.jpeg 1452w, https:\/\/bisbalpenedes.com\/web\/wp-content\/uploads\/2021\/09\/mesures-17-setembre_page-0001.jpeg 1754w\" sizes=\"(max-width: 726px) 100vw, 726px\" \/><\/figure>\n","protected":false},"excerpt":{"rendered":"<p>Aquest divendres 17 de setembre entren en vigor noves mesures contra la COVID-19 a Catalunya. Estaran vigents fins al 23 de setembre. A l\u2019enlla\u00e7 trobareu m\u00e9s informaci\u00f3:\u00a0https:\/\/canalsalut.gencat.cat\/ca\/salut-a-z\/c\/coronavirus-2019-ncov\/ciutadania\/mesures\/17-setembre\/ Este viernes 17 &hellip; <a href=\"https:\/\/bisbalpenedes.com\/web\/2021\/09\/17\/noves-mesures-contra-la-covid-19-a-catalunya\/\" class=\"more-link\">Read More<\/a><\/p>\n","protected":false},"author":4,"featured_media":19218,"comment_status":"closed","ping_status":"closed","sticky":false,"template":"","format":"standard","meta":[],"categories":[3636,4095,8,14],"tags":[3550,3559,393,82,145],"_links":{"self":[{"href":"https:\/\/bisbalpenedes.com\/web\/wp-json\/wp\/v2\/posts\/19217"}],"collection":[{"href":"https:\/\/bisbalpenedes.com\/web\/wp-json\/wp\/v2\/posts"}],"about":[{"href":"https:\/\/bisbalpenedes.com\/web\/wp-json\/wp\/v2\/types\/post"}],"author":[{"embeddable":true,"href":"https:\/\/bisbalpenedes.com\/web\/wp-json\/wp\/v2\/users\/4"}],"replies":[{"embeddable":true,"href":"https:\/\/bisbalpenedes.com\/web\/wp-json\/wp\/v2\/comments?post=19217"}],"version-history":[{"count":3,"href":"https:\/\/bisbalpenedes.com\/web\/wp-json\/wp\/v2\/posts\/19217\/revisions"}],"predecessor-version":[{"id":19222,"href":"https:\/\/bisbalpenedes.com\/web\/wp-json\/wp\/v2\/posts\/19217\/revisions\/19222"}],"wp:featuredmedia":[{"embeddable":true,"href":"https:\/\/bisbalpenedes.com\/web\/wp-json\/wp\/v2\/media\/19218"}],"wp:attachment":[{"href":"https:\/\/bisbalpenedes.com\/web\/wp-json\/wp\/v2\/media?parent=19217"}],"wp:term":[{"taxonomy":"category","embeddable":true,"href":"https:\/\/bisbalpenedes.com\/web\/wp-json\/wp\/v2\/categories?post=19217"},{"taxonomy":"post_tag","embeddable":true,"href":"https:\/\/bisbalpenedes.com\/web\/wp-json\/wp\/v2\/tags?post=19217"}],"curies":[{"name":"wp","href":"https:\/\/api.w.org\/{rel}","templated":true}]}}