{"id":19213,"date":"2021-09-20T17:06:25","date_gmt":"2021-09-20T15:06:25","guid":{"rendered":"https:\/\/bisbalpenedes.com\/web\/?p=19213"},"modified":"2021-09-20T17:06:25","modified_gmt":"2021-09-20T15:06:25","slug":"avis-meteorologic-per-intensitat-de-pluja-per-dilluns-a-la-tarda-nit-i-dimarts-de-matinada-xafecs-sovint-acompanyats-de-tempesta-calamarsa-i-es-possible-que-de-pedra","status":"publish","type":"post","link":"https:\/\/bisbalpenedes.com\/web\/2021\/09\/20\/avis-meteorologic-per-intensitat-de-pluja-per-dilluns-a-la-tarda-nit-i-dimarts-de-matinada-xafecs-sovint-acompanyats-de-tempesta-calamarsa-i-es-possible-que-de-pedra\/","title":{"rendered":"Av\u00eds meteorol\u00f2gic per intensitat de pluja per dilluns a la tarda\/nit i dimarts de matinada &#8211; X\u00e0fecs sovint acompanyats de tempesta, calamarsa i \u00e9s possible que de pedra"},"content":{"rendered":"\n<p>El Servei Meteorol\u00f2gic de Catalunya ha publicat un av\u00eds per intensitat de pluja per aquesta tarda i nit i la propera matinada. Els x\u00e0fecs sovint aniran acompanyats de tempesta, calamarsa i \u00e9s possible que tamb\u00e9 de pedra. Extremeu les precaucions.<\/p>\n\n\n\n<figure class=\"wp-block-image size-large\"><img loading=\"lazy\" width=\"768\" height=\"1024\" src=\"https:\/\/bisbalpenedes.com\/web\/wp-content\/uploads\/2021\/09\/210921-AVI\u0301S-PLUJA-768x1024.jpg\" alt=\"\" class=\"wp-image-19214\" srcset=\"https:\/\/bisbalpenedes.com\/web\/wp-content\/uploads\/2021\/09\/210921-AVI\u0301S-PLUJA-768x1024.jpg 768w, https:\/\/bisbalpenedes.com\/web\/wp-content\/uploads\/2021\/09\/210921-AVI\u0301S-PLUJA-scaled-600x800.jpg 600w, https:\/\/bisbalpenedes.com\/web\/wp-content\/uploads\/2021\/09\/210921-AVI\u0301S-PLUJA-225x300.jpg 225w, https:\/\/bisbalpenedes.com\/web\/wp-content\/uploads\/2021\/09\/210921-AVI\u0301S-PLUJA-1152x1536.jpg 1152w, https:\/\/bisbalpenedes.com\/web\/wp-content\/uploads\/2021\/09\/210921-AVI\u0301S-PLUJA-1536x2048.jpg 1536w, https:\/\/bisbalpenedes.com\/web\/wp-content\/uploads\/2021\/09\/210921-AVI\u0301S-PLUJA-scaled.jpg 1920w\" sizes=\"(max-width: 768px) 100vw, 768px\" \/><\/figure>\n\n\n\n<p><br>El Servicio Meteorol\u00f3gico de Catalunya ha publicado un aviso por intensidad de lluvia para esta tarde y noche y la pr\u00f3xima madrugada. Los chubascos a menudo ir\u00e1n acompa\u00f1ados de tormenta, granizo y es posible que tambi\u00e9n de piedra. Extremad las precauciones.<\/p>\n","protected":false},"excerpt":{"rendered":"<p>El Servei Meteorol\u00f2gic de Catalunya ha publicat un av\u00eds per intensitat de pluja per aquesta tarda i nit i la propera matinada. Els x\u00e0fecs sovint aniran acompanyats de tempesta, calamarsa &hellip; <a href=\"https:\/\/bisbalpenedes.com\/web\/2021\/09\/20\/avis-meteorologic-per-intensitat-de-pluja-per-dilluns-a-la-tarda-nit-i-dimarts-de-matinada-xafecs-sovint-acompanyats-de-tempesta-calamarsa-i-es-possible-que-de-pedra\/\" class=\"more-link\">Read More<\/a><\/p>\n","protected":false},"author":4,"featured_media":19215,"comment_status":"closed","ping_status":"closed","sticky":false,"template":"","format":"standard","meta":[],"categories":[1628,2543,8],"tags":[2921,3566,3815,393,2050,1188,4024,2474,2920],"_links":{"self":[{"href":"https:\/\/bisbalpenedes.com\/web\/wp-json\/wp\/v2\/posts\/19213"}],"collection":[{"href":"https:\/\/bisbalpenedes.com\/web\/wp-json\/wp\/v2\/posts"}],"about":[{"href":"https:\/\/bisbalpenedes.com\/web\/wp-json\/wp\/v2\/types\/post"}],"author":[{"embeddable":true,"href":"https:\/\/bisbalpenedes.com\/web\/wp-json\/wp\/v2\/users\/4"}],"replies":[{"embeddable":true,"href":"https:\/\/bisbalpenedes.com\/web\/wp-json\/wp\/v2\/comments?post=19213"}],"version-history":[{"count":1,"href":"https:\/\/bisbalpenedes.com\/web\/wp-json\/wp\/v2\/posts\/19213\/revisions"}],"predecessor-version":[{"id":19216,"href":"https:\/\/bisbalpenedes.com\/web\/wp-json\/wp\/v2\/posts\/19213\/revisions\/19216"}],"wp:featuredmedia":[{"embeddable":true,"href":"https:\/\/bisbalpenedes.com\/web\/wp-json\/wp\/v2\/media\/19215"}],"wp:attachment":[{"href":"https:\/\/bisbalpenedes.com\/web\/wp-json\/wp\/v2\/media?parent=19213"}],"wp:term":[{"taxonomy":"category","embeddable":true,"href":"https:\/\/bisbalpenedes.com\/web\/wp-json\/wp\/v2\/categories?post=19213"},{"taxonomy":"post_tag","embeddable":true,"href":"https:\/\/bisbalpenedes.com\/web\/wp-json\/wp\/v2\/tags?post=19213"}],"curies":[{"name":"wp","href":"https:\/\/api.w.org\/{rel}","templated":true}]}}