{"id":19205,"date":"2021-09-20T14:12:38","date_gmt":"2021-09-20T12:12:38","guid":{"rendered":"https:\/\/bisbalpenedes.com\/web\/?p=19205"},"modified":"2021-09-20T14:12:38","modified_gmt":"2021-09-20T12:12:38","slug":"la-bisbal-del-penedes-sera-la-seu-del-nou-centre-logistic-de-lempresa-affinity","status":"publish","type":"post","link":"https:\/\/bisbalpenedes.com\/web\/2021\/09\/20\/la-bisbal-del-penedes-sera-la-seu-del-nou-centre-logistic-de-lempresa-affinity\/","title":{"rendered":"La Bisbal del Pened\u00e8s ser\u00e0 la seu del nou centre log\u00edstic de l\u2019empresa Affinity"},"content":{"rendered":"\n<p><sub><span class=\"has-inline-color has-cyan-bluish-gray-color\">Foto (d&#8217;esquerra a dreta): Andr\u00e9s S\u00e1nchez, responsable de log\u00edstica (Supply Chain Director) de l&#8217;empresa Affinity, Delf\u00ed L\u00f3pez, promotor de la construcci\u00f3 i Carles Berni, Supply Chain Project Maneger.<\/span><\/sub><\/p>\n\n\n\n<p>L\u2019empresa Affinity est\u00e0 treballant en la construcci\u00f3 d\u2019una nau de 36.000 metres quadrats a La Bisbal del Pened\u00e8s que es convertir\u00e0 en el nou centre log\u00edstic de l\u2019empresa a Catalunya.<\/p>\n\n\n\n<p>L\u2019alcaldessa Agn\u00e8s Ferr\u00e9 es va reunir amb l\u2019empresa i va fer una visita als terrenys el passat mes de juliol, amb l\u2019objectiu d\u2019establir contacte amb alguns dels seus c\u00e0rrecs i aix\u00ed poder oferir els llocs de treball que pugui necessitar l\u2019empresa a trav\u00e9s del Servei d\u2019Ocupaci\u00f3 Municipal de la Bisbal del Pened\u00e8s (SOM Bisbal). Ferr\u00e9 ha explicat que \u201cper a la Bisbal del Pened\u00e8s \u00e9s una gran not\u00edcia que una empresa com Affinity aposti per instal\u00b7lar-se aqu\u00ed, ja que suposa un creixement empresarial per al municipi i, a m\u00e9s, suposar\u00e0 a mig termini ampliar l\u2019oferta de llocs de treball qualificats\u201d.<\/p>\n\n\n\n<p>Per la seva banda, Andr\u00e9s S\u00e1nchez, responsable de log\u00edstica (Supply Chain Director) de l\u2019empresa Affinity ha explicat que \u201cestem molt contents de poder iniciar aquest gran projecte a La Bisbal de la m\u00e0 de la promotora Grup Engind i molt satisfets del suport que estem rebent per part de l\u2019Ajuntament per poder posar en marxa el nou centre log\u00edstic\u201d.<\/p>\n\n\n\n<p>Actualment l\u2019empresa t\u00e9 la seu central a L\u2019Hospitalet de Llobregat i compta a Catalunya amb una f\u00e0brica a Santa Margarida i els Monjos. La nova nau de la Bisbal del Pened\u00e8s ser\u00e0 el centre log\u00edstic de referencia per Affinity, des de on la companyia distribuir\u00e0 alimentaci\u00f3 per a gossos i gats de marques com Ultima, Advance i Brekkies.<\/p>\n\n\n\n<p>Ferr\u00e9 ha explicat que \u201cs\u2019han iniciat converses amb l\u2019empresa per establir possibles col\u00b7laboracions vehiculades a trav\u00e9s de la Regidoria de Benestar Animal, com ara la donaci\u00f3 d\u2019alimentaci\u00f3 per a gats per a les col\u00f2nies de gats ferals registrades a l\u2019Ajuntament o altres projectes de benestar animal vinculats al territori\u201d.<\/p>\n\n\n\n<p>Est\u00e0 previst que l\u2019empresa comenci a funcionar des de La Bisbal del Pened\u00e8s al juliol de 2022.<\/p>\n\n\n\n<hr class=\"wp-block-separator\"\/>\n\n\n\n<p><strong>CASTELLANO |<\/strong>&nbsp;La empresa Affinity est\u00e1 trabajando en la construcci\u00f3n de una nave de 36.000 metros cuadrados en la Bisbal del Pened\u00e8s que se convertir\u00e1 en el nuevo centro log\u00edstico de la empresa en Catalunya.<\/p>\n\n\n\n<p>La alcaldesa Agn\u00e8s Ferr\u00e9 se reuni\u00f3 con la empresa e hizo una visita a los terrenos el pasado mes de julio, con el objetivo de establecer contacto con algunos de sus cargos y as\u00ed poder ofrecer los puestos de trabajo que pueda necesitar la empresa a trav\u00e9s del Servei d\u2019Ocupaci\u00f3 Municipal de la Bisbal del Pened\u00e8s (SOM Bisbal). Ferr\u00e9 ha explicado que \u201cpara la Bisbal del Pened\u00e8s es una gran noticia que una empresa como Affinity apueste por instalarse aqu\u00ed, ya que supone un crecimiento empresarial para el municipio y, adem\u00e1s, supondr\u00e1 a medio plazo ampliar la oferta de puestos de trabajo cualificados\u201d.<\/p>\n\n\n\n<p>Por su parte, Andr\u00e9s S\u00e1nchez, responsable de log\u00edstica (Supply Chain Direcotr) de la empresa Affinity ha explicado que \u201cEstamos muy contentos de poder iniciar este gran proyecto en La Bisbal del Pened\u00e8s de la mano de la promotora Grup Engint y muy satisfechos del soporte que estamos recibiendo por parte del Ayuntamiento para poder poner en marcha el nuevo centro log\u00edstico\u201d.<\/p>\n\n\n\n<p>Actualmente la empresa tiene la sede central en l\u2019Hospitalet de Llobregat y cuenta en Catalunya con una f\u00e1brica en Santa Margarida i els Monjos. La nueva nave de la Bisbal del Pened\u00e8s ser\u00e1 el centro log\u00edstico de referencia para Affinity, desde donde la compa\u00f1\u00eda distribuir\u00e1 alimentaci\u00f3n para perros y gatos de marcas como Ultima, Advance y Brekkies.<\/p>\n\n\n\n<p>Ferr\u00e9 ha explicado que \u201cse han iniciado conversaciones con la empresa para establecer posibles colaboraciones vehiculadas a trav\u00e9s de la Concejal\u00eda de Bienestar Animal, como por ejemplo la donaci\u00f3n de alimentaci\u00f3n para gatos para las colonias de gatos ferales registradas en el Ayuntamiento u otros proyectos de bienestar animal vehiculadas en el territorio\u201d.<\/p>\n\n\n\n<p>Est\u00e1 previsto que la empresa empiece a funcionar desde La Bisbal del Pened\u00e8s en julio de 2022.<\/p>\n","protected":false},"excerpt":{"rendered":"<p>Foto (d&#8217;esquerra a dreta): Andr\u00e9s S\u00e1nchez, responsable de log\u00edstica (Supply Chain Director) de l&#8217;empresa Affinity, Delf\u00ed L\u00f3pez, promotor de la construcci\u00f3 i Carles Berni, Supply Chain Project Maneger. L\u2019empresa Affinity &hellip; <a href=\"https:\/\/bisbalpenedes.com\/web\/2021\/09\/20\/la-bisbal-del-penedes-sera-la-seu-del-nou-centre-logistic-de-lempresa-affinity\/\" class=\"more-link\">Read More<\/a><\/p>\n","protected":false},"author":4,"featured_media":19206,"comment_status":"closed","ping_status":"closed","sticky":false,"template":"","format":"standard","meta":[],"categories":[2057,3822,8],"tags":[4780,4781,326,393,271],"_links":{"self":[{"href":"https:\/\/bisbalpenedes.com\/web\/wp-json\/wp\/v2\/posts\/19205"}],"collection":[{"href":"https:\/\/bisbalpenedes.com\/web\/wp-json\/wp\/v2\/posts"}],"about":[{"href":"https:\/\/bisbalpenedes.com\/web\/wp-json\/wp\/v2\/types\/post"}],"author":[{"embeddable":true,"href":"https:\/\/bisbalpenedes.com\/web\/wp-json\/wp\/v2\/users\/4"}],"replies":[{"embeddable":true,"href":"https:\/\/bisbalpenedes.com\/web\/wp-json\/wp\/v2\/comments?post=19205"}],"version-history":[{"count":1,"href":"https:\/\/bisbalpenedes.com\/web\/wp-json\/wp\/v2\/posts\/19205\/revisions"}],"predecessor-version":[{"id":19207,"href":"https:\/\/bisbalpenedes.com\/web\/wp-json\/wp\/v2\/posts\/19205\/revisions\/19207"}],"wp:featuredmedia":[{"embeddable":true,"href":"https:\/\/bisbalpenedes.com\/web\/wp-json\/wp\/v2\/media\/19206"}],"wp:attachment":[{"href":"https:\/\/bisbalpenedes.com\/web\/wp-json\/wp\/v2\/media?parent=19205"}],"wp:term":[{"taxonomy":"category","embeddable":true,"href":"https:\/\/bisbalpenedes.com\/web\/wp-json\/wp\/v2\/categories?post=19205"},{"taxonomy":"post_tag","embeddable":true,"href":"https:\/\/bisbalpenedes.com\/web\/wp-json\/wp\/v2\/tags?post=19205"}],"curies":[{"name":"wp","href":"https:\/\/api.w.org\/{rel}","templated":true}]}}