{"id":19200,"date":"2021-09-20T11:17:57","date_gmt":"2021-09-20T09:17:57","guid":{"rendered":"https:\/\/bisbalpenedes.com\/web\/?p=19200"},"modified":"2021-09-20T11:21:40","modified_gmt":"2021-09-20T09:21:40","slug":"sha-obert-el-termini-de-licitacio-de-les-obres-dampliacio-del-local-social-del-priorat","status":"publish","type":"post","link":"https:\/\/bisbalpenedes.com\/web\/2021\/09\/20\/sha-obert-el-termini-de-licitacio-de-les-obres-dampliacio-del-local-social-del-priorat\/","title":{"rendered":"S\u2019ha obert el termini de licitaci\u00f3 de les obres d\u2019ampliaci\u00f3 del local social del Priorat de la Bisbal"},"content":{"rendered":"\n<p>S\u2019ha obert el termini per presentar-se a la licitaci\u00f3 de les obres d\u2019ampliaci\u00f3 del local social del Priorat de la Bisbal. Els interessats poden presentar les seves propostes fins al dijous 7 d\u2019octubre a les 15:00h per via telem\u00e0tica. Al perfil del contractant trobareu la informaci\u00f3 detallada: <a href=\"https:\/\/contractaciopublica.gencat.cat\/ecofin_pscp\/AppJava\/notice.pscp?reqCode=viewCn&amp;idDoc=88068945&amp;lawType=\">https:\/\/contractaciopublica.gencat.cat\/ecofin_pscp\/AppJava\/notice.pscp?reqCode=viewCn&amp;idDoc=88068945&amp;lawType=<\/a><\/p>\n\n\n\n<p>El local social del Priorat t\u00e9 una sala de 83,95m2, un despatx de 10,81m2 i uns lavabos de 84,13m2. L\u2019ampliaci\u00f3 del local social suposar\u00e0:<\/p>\n\n\n\n<ul><li>Que la sala actual quedi amb 84,13m2<\/li><li>Ampliar per la zona del porxo el local, creant una sala de 75,42 m2<\/li><li>Que la nova sala compti amb un separador abatible que permetr\u00e0 crear dues sales separades: una de 32,38m2 i una altra de 43,04m2<\/li><li>Col\u00b7locar baranes a la rampa existent<\/li><\/ul>\n\n\n\n<p>El cost total \u00e9s de 65.358,97\u20ac (IVA incl\u00f2s). L\u2019Ajuntament de la Bisbal del Pened\u00e8s compta amb una subvenci\u00f3 del Pla d\u2019Acci\u00f3 Municipal (PAM) de la Diputaci\u00f3 de Tarragona del 78,50% per dur a terme aquestes obres.<\/p>\n\n\n\n<hr class=\"wp-block-separator\"\/>\n\n\n\n<p><strong>CASTELLANO&nbsp; |&nbsp;<\/strong>Se ha abierto el plazo para presentarse a la licitaci\u00f3n de las obras de ampliaci\u00f3n del local social del Priorat de la Bisbal. Los interesados pueden presentar sus propuestas hasta el jueves 7 de octubre a las 15:00h por v\u00eda telem\u00e1tica. En el perfil del contratante encontrar\u00e9is toda la informaci\u00f3n detallada: <a href=\"https:\/\/contractaciopublica.gencat.cat\/ecofin_pscp\/AppJava\/notice.pscp?reqCode=viewCn&amp;idDoc=88068945&amp;lawType=\">https:\/\/contractaciopublica.gencat.cat\/ecofin_pscp\/AppJava\/notice.pscp?reqCode=viewCn&amp;idDoc=88068945&amp;lawType=<\/a><\/p>\n\n\n\n<p>El local social del Priorat tiene una sala de 83,95m2, un despacho de 10,81m2 y unos lavabos de 84,13m2. La ampliaci\u00f3n del local supondr\u00e1:<\/p>\n\n\n\n<ul><li>Que la sala actual quede con 84,13m2<\/li><li>Ampliar por la zona del porche el local, creando una sala de 75,42m2<\/li><li>Que la nueva sala cuente con un separador abatible que permitir\u00e1 crear dos salas separadas: una de 32,38m2 y otra de 43,04m2<\/li><li>Colocar barandas en la rampa existente<\/li><\/ul>\n\n\n\n<p>El coste total es de 65.358,97\u20ac (IVA incluido). El Ayuntamiento de la Bisbal del Pened\u00e8s cuenta con una subvenci\u00f3n del Plan de Acci\u00f3n Municipal (PAM) de la Diputaci\u00f3n de Tarragona del 78,50% para llevar a cabo estas obras.<\/p>\n","protected":false},"excerpt":{"rendered":"<p>S\u2019ha obert el termini per presentar-se a la licitaci\u00f3 de les obres d\u2019ampliaci\u00f3 del local social del Priorat de la Bisbal. Els interessats poden presentar les seves propostes fins al &hellip; <a href=\"https:\/\/bisbalpenedes.com\/web\/2021\/09\/20\/sha-obert-el-termini-de-licitacio-de-les-obres-dampliacio-del-local-social-del-priorat\/\" class=\"more-link\">Read More<\/a><\/p>\n","protected":false},"author":4,"featured_media":19201,"comment_status":"closed","ping_status":"closed","sticky":false,"template":"","format":"standard","meta":[],"categories":[1047,8,15],"tags":[3638,673,267,247,2765,520,1517],"_links":{"self":[{"href":"https:\/\/bisbalpenedes.com\/web\/wp-json\/wp\/v2\/posts\/19200"}],"collection":[{"href":"https:\/\/bisbalpenedes.com\/web\/wp-json\/wp\/v2\/posts"}],"about":[{"href":"https:\/\/bisbalpenedes.com\/web\/wp-json\/wp\/v2\/types\/post"}],"author":[{"embeddable":true,"href":"https:\/\/bisbalpenedes.com\/web\/wp-json\/wp\/v2\/users\/4"}],"replies":[{"embeddable":true,"href":"https:\/\/bisbalpenedes.com\/web\/wp-json\/wp\/v2\/comments?post=19200"}],"version-history":[{"count":3,"href":"https:\/\/bisbalpenedes.com\/web\/wp-json\/wp\/v2\/posts\/19200\/revisions"}],"predecessor-version":[{"id":19204,"href":"https:\/\/bisbalpenedes.com\/web\/wp-json\/wp\/v2\/posts\/19200\/revisions\/19204"}],"wp:featuredmedia":[{"embeddable":true,"href":"https:\/\/bisbalpenedes.com\/web\/wp-json\/wp\/v2\/media\/19201"}],"wp:attachment":[{"href":"https:\/\/bisbalpenedes.com\/web\/wp-json\/wp\/v2\/media?parent=19200"}],"wp:term":[{"taxonomy":"category","embeddable":true,"href":"https:\/\/bisbalpenedes.com\/web\/wp-json\/wp\/v2\/categories?post=19200"},{"taxonomy":"post_tag","embeddable":true,"href":"https:\/\/bisbalpenedes.com\/web\/wp-json\/wp\/v2\/tags?post=19200"}],"curies":[{"name":"wp","href":"https:\/\/api.w.org\/{rel}","templated":true}]}}