{"id":19195,"date":"2021-09-17T10:01:23","date_gmt":"2021-09-17T08:01:23","guid":{"rendered":"https:\/\/bisbalpenedes.com\/web\/?p=19195"},"modified":"2021-09-17T10:01:23","modified_gmt":"2021-09-17T08:01:23","slug":"reunio-informativa-sobre-el-projecte-de-la-linia-de-molt-alta-tensio-mat-que-esta-previst-que-passi-per-la-bisbal-del-penedes","status":"publish","type":"post","link":"https:\/\/bisbalpenedes.com\/web\/2021\/09\/17\/reunio-informativa-sobre-el-projecte-de-la-linia-de-molt-alta-tensio-mat-que-esta-previst-que-passi-per-la-bisbal-del-penedes\/","title":{"rendered":"Reuni\u00f3 informativa sobre el projecte de la l\u00ednia de molt alta tensi\u00f3 (MAT) que est\u00e0 previst que passi per La Bisbal del Pened\u00e8s"},"content":{"rendered":"\n<p>La pla\u00e7a Pau Casals ha acollit, aquest dimecres 15 de setembre de 2021, una reuni\u00f3 informativa -adre\u00e7ada a la ciutadania- sobre el projecte de la l\u00ednia de molt alta tensi\u00f3 (MAT), amb l&#8217;objectiu d&#8217;informar la poblaci\u00f3 sobre el projecte de la l\u00ednia de molt alta tensi\u00f3 (MAT) que es pret\u00e9n construir des de l&#8217;Arag\u00f3 i fins a Begues i que passaria pel nostre municipi.<\/p>\n\n\n\n<p>Hi han intervingut l&#8217;alcaldessa de la Bisbal del Pened\u00e8s, Agn\u00e8s Ferr\u00e9; el Esther Ruiz com a representant de la plataforma No a la MAT La Bisbal del Pened\u00e8s i  Marc Robert representant del GEVEN (Grup Ecologista del Vendrell i Baix Pened\u00e8s) i SOS Pened\u00e8s. Tamb\u00e9 s&#8217;ha comptat amb la pres\u00e8ncia de la regidora d&#8217;Agricultura, Judith Vidal;\u00a0 i la regidora de Territori, Leo Uceda.<\/p>\n\n\n\n<p>V\u00cdDEO DE LA REUNI\u00d3: <\/p>\n\n\n\n<figure class=\"wp-block-embed is-type-video is-provider-youtube wp-block-embed-youtube wp-embed-aspect-16-9 wp-has-aspect-ratio\"><div class=\"wp-block-embed__wrapper\">\n<iframe loading=\"lazy\" title=\"Reuni\u00f3 informativa del projecte de l\u00cdnia de molt alta tensi\u00f3 (MAT) la Bisbal del Pened\u00e8s 15\/09\/2021\" width=\"1170\" height=\"658\" src=\"https:\/\/www.youtube.com\/embed\/On2wAIUjUEU?feature=oembed\" frameborder=\"0\" allow=\"accelerometer; autoplay; clipboard-write; encrypted-media; gyroscope; picture-in-picture\" allowfullscreen><\/iframe>\n<\/div><\/figure>\n\n\n\n<p>Us recordem que fins al 28 de setembre podeu entrar les vostres al\u00b7legacions, a t\u00edtol individual, adre\u00e7ant-vos a l&#8217;Ajuntament amb el vostre DNI i el document que trobareu en aquest enlla\u00e7, signat:&nbsp;<\/p>\n\n\n\n<figure class=\"wp-block-embed is-type-wp-embed is-provider-ajuntament-de-la-bisbal-del-penedes wp-block-embed-ajuntament-de-la-bisbal-del-penedes\"><div class=\"wp-block-embed__wrapper\">\n<blockquote class=\"wp-embedded-content\" data-secret=\"WuYd0aaN7F\"><a href=\"https:\/\/bisbalpenedes.com\/web\/2021\/09\/03\/19041\/\">La Plataforma NO A LA MAT recollir\u00e0 signatures contra la l\u00ednia de Molt Alta Tensi\u00f3 el dilluns 6 de setembre al CMC de la Bisbal del Pened\u00e8s<\/a><\/blockquote><iframe class=\"wp-embedded-content\" sandbox=\"allow-scripts\" security=\"restricted\" style=\"position: absolute; clip: rect(1px, 1px, 1px, 1px);\" title=\"&#8220;La Plataforma NO A LA MAT recollir\u00e0 signatures contra la l\u00ednia de Molt Alta Tensi\u00f3 el dilluns 6 de setembre al CMC de la Bisbal del Pened\u00e8s&#8221; &#8212; Ajuntament de la Bisbal del Pened\u00e8s\" src=\"https:\/\/bisbalpenedes.com\/web\/2021\/09\/03\/19041\/embed\/#?secret=WuYd0aaN7F\" data-secret=\"WuYd0aaN7F\" width=\"600\" height=\"338\" frameborder=\"0\" marginwidth=\"0\" marginheight=\"0\" scrolling=\"no\"><\/iframe>\n<\/div><\/figure>\n","protected":false},"excerpt":{"rendered":"<p>La pla\u00e7a Pau Casals ha acollit, aquest dimecres 15 de setembre de 2021, una reuni\u00f3 informativa -adre\u00e7ada a la ciutadania- sobre el projecte de la l\u00ednia de molt alta tensi\u00f3 &hellip; <a href=\"https:\/\/bisbalpenedes.com\/web\/2021\/09\/17\/reunio-informativa-sobre-el-projecte-de-la-linia-de-molt-alta-tensio-mat-que-esta-previst-que-passi-per-la-bisbal-del-penedes\/\" class=\"more-link\">Read More<\/a><\/p>\n","protected":false},"author":1,"featured_media":19188,"comment_status":"closed","ping_status":"closed","sticky":false,"template":"","format":"standard","meta":[],"categories":[8],"tags":[],"_links":{"self":[{"href":"https:\/\/bisbalpenedes.com\/web\/wp-json\/wp\/v2\/posts\/19195"}],"collection":[{"href":"https:\/\/bisbalpenedes.com\/web\/wp-json\/wp\/v2\/posts"}],"about":[{"href":"https:\/\/bisbalpenedes.com\/web\/wp-json\/wp\/v2\/types\/post"}],"author":[{"embeddable":true,"href":"https:\/\/bisbalpenedes.com\/web\/wp-json\/wp\/v2\/users\/1"}],"replies":[{"embeddable":true,"href":"https:\/\/bisbalpenedes.com\/web\/wp-json\/wp\/v2\/comments?post=19195"}],"version-history":[{"count":1,"href":"https:\/\/bisbalpenedes.com\/web\/wp-json\/wp\/v2\/posts\/19195\/revisions"}],"predecessor-version":[{"id":19196,"href":"https:\/\/bisbalpenedes.com\/web\/wp-json\/wp\/v2\/posts\/19195\/revisions\/19196"}],"wp:featuredmedia":[{"embeddable":true,"href":"https:\/\/bisbalpenedes.com\/web\/wp-json\/wp\/v2\/media\/19188"}],"wp:attachment":[{"href":"https:\/\/bisbalpenedes.com\/web\/wp-json\/wp\/v2\/media?parent=19195"}],"wp:term":[{"taxonomy":"category","embeddable":true,"href":"https:\/\/bisbalpenedes.com\/web\/wp-json\/wp\/v2\/categories?post=19195"},{"taxonomy":"post_tag","embeddable":true,"href":"https:\/\/bisbalpenedes.com\/web\/wp-json\/wp\/v2\/tags?post=19195"}],"curies":[{"name":"wp","href":"https:\/\/api.w.org\/{rel}","templated":true}]}}