{"id":19182,"date":"2021-09-16T01:05:12","date_gmt":"2021-09-15T23:05:12","guid":{"rendered":"https:\/\/bisbalpenedes.com\/web\/?p=19182"},"modified":"2021-09-20T09:36:35","modified_gmt":"2021-09-20T07:36:35","slug":"aquest-dimecres-ha-tingut-lloc-un-acte-informatiu-sobre-la-mat-cluster-begues-a-la-bisbal-del-penedes","status":"publish","type":"post","link":"https:\/\/bisbalpenedes.com\/web\/2021\/09\/16\/aquest-dimecres-ha-tingut-lloc-un-acte-informatiu-sobre-la-mat-cluster-begues-a-la-bisbal-del-penedes\/","title":{"rendered":"Aquest dimecres ha tingut lloc un acte informatiu sobre la MAT \u201cCl\u00faster Begues\u201d a la Bisbal del Pened\u00e8s"},"content":{"rendered":"\n<p>La pla\u00e7a Pau Casals de la Bisbal del Pened\u00e8s ha acollit, aquest dimecres al vespre, un acte informatiu sobre la MAT \u201cCl\u00faster Begues\u201d adre\u00e7at als ve\u00efns de la Bisbal del Pened\u00e8s. L\u2019acte ha comptat amb la pres\u00e8ncia de l\u2019alcaldessa de la Bisbal del Pened\u00e8s, Agn\u00e8s Ferr\u00e9; la primera tinenta d\u2019alcaldia, Judith Vidal; la segona tinenta d\u2019alcaldia i regidora de Medi Ambient i Territori, Leo Uceda; Esther Ruiz com a representant de la plataforma No a la MAT de La Bisbal del Pened\u00e8s; i Marc Robert com a representant del GEVEN i SOS Pened\u00e8s.<\/p>\n\n\n\n<figure class=\"wp-block-embed is-type-video is-provider-youtube wp-block-embed-youtube wp-embed-aspect-16-9 wp-has-aspect-ratio\"><div class=\"wp-block-embed__wrapper\">\n<iframe loading=\"lazy\" title=\"Reuni\u00f3 informativa del projecte de l\u00cdnia de molt alta tensi\u00f3 (MAT) la Bisbal del Pened\u00e8s 15\/09\/2021\" width=\"1170\" height=\"658\" src=\"https:\/\/www.youtube.com\/embed\/On2wAIUjUEU?feature=oembed\" frameborder=\"0\" allow=\"accelerometer; autoplay; clipboard-write; encrypted-media; gyroscope; picture-in-picture\" allowfullscreen><\/iframe>\n<\/div><\/figure>\n\n\n\n<p>L\u2019alcaldessa de la Bisbal del Pened\u00e8s ha obert l\u2019acte explicant que \u201ca Catalunya, el projecte afecta \u201c121km amb 378 l\u00ednies d\u2019alta tensi\u00f3, amb torres de m\u00e9s de 30 metres de di\u00e0metre i entre 50 i 70 metres d\u2019al\u00e7ada. \u00c9s un projecte privat de transport d\u2019energia en una MAT, prescindint del transport a trav\u00e9s d\u2019Endesa i, per aix\u00f2, construeix una nova l\u00ednia nom\u00e9s d\u2019Arag\u00f3 a l\u2019\u00c0rea metropolitana sense que pugui haver-hi cap m\u00e9s connexi\u00f3 entremig. No aporta cap benefici al territori per on passa\u201d.<\/p>\n\n\n\n<p>Ferr\u00e9 defensa que \u201cl\u2019\u00c0rea metropolitana est\u00e0 molt lluny dels objectius renovables i, aquesta empresa privada vol fer aquest projecte per portar energia renovable a l\u2019\u00e0rea metropolitana i que aix\u00ed compleixin els objectius\u201d. La batllessa ha afegit que \u201csi s\u2019aprov\u00e9s, crearia un precedent de tenir l\u00ednies privades independents per tot el territori. I la problem\u00e0tica de qui mant\u00e9 aquestes l\u00ednies despr\u00e9s\u201d.<\/p>\n\n\n\n<p>Quant a la Bisbal del Pened\u00e8s, la l\u00ednia \u201cens travessa el municipi en 7,8km i 27 torres. \u00c9s el municipi m\u00e9s afectat de la comarca i afecta 145 parcel\u00b7les de 65 propietaris\u201d. L\u2019alcaldessa bisbalenca ha plantejat una alternativa que \u201cseria reubicar el tra\u00e7at soterrant-la i fent-la passar paral\u00b7lela o annexa a l\u2019autopista AP-7 i C-32, per espais de les mateixes autopistes\u201d. Tot i aix\u00f2, defensa que \u201cla millor alternativa \u00e9s que aquest projecte no tiri endavant i que entre tots treballem per un pla energ\u00e8tic de pa\u00eds que tingui en compte el territori i es concreti en plans de vegueria i locals\u201d. Ferr\u00e9 ha concl\u00f2s explicant que \u201cdes de l\u2019Ajuntament hem comen\u00e7at a treballar juntament amb altres municipis de la comarca, el projecte de comunitats energ\u00e8tiques pel municipi\u201d.<\/p>\n\n\n\n<p>Al seu torn, Esther Ruiz, representant de la Plataforma No a la MAT de la Bisbal del Pened\u00e8s ha relatat que \u201cnosaltres vam apar\u00e8ixer despr\u00e9s que aparegu\u00e9s el projecte al BOE i vei\u00e9ssim com afectava al municipi aquest projecte. Aleshores ens vam unir uns quants ve\u00efns per poder buscar informaci\u00f3 i saber quin seria l\u2019impacte ambiental, patrimonial, visual i de salut que podria comportar aquesta instal\u00b7laci\u00f3 al municipi\u201d. Ruiz ha afegit que el projecte \u201ct\u00e9 una petjada greu a nivell de municipi i de territori i a partir d\u2019aqu\u00ed nosaltres hem comen\u00e7at a mobilitzar-nos. Amb prou feines ten\u00edem informaci\u00f3 per\u00f2 ja vam comen\u00e7ar a informar la gent sobre el fet que hi havia la possibilitat de fer al\u00b7legacions i que aquestes al\u00b7legacions poguessin arribar a l\u2019Ajuntament i l\u2019Ajuntament les pugu\u00e9s enviar al govern\u201d.<\/p>\n\n\n\n<p>Quant a la plataforma, Ruiz a explicat que \u201ca partir d\u2019ara la nostra intenci\u00f3 \u00e9s ajudar la gent tot el que puguem, informar els ve\u00efns, si la gent vol col\u00b7laborar nosaltres estem al seu abast amb tot el que necessitin i sobretot intentar fer actes de protesta i unir-nos amb la resta de municipis afectats per poder treballar i aconseguir que aquesta l\u00ednia, si pot ser, no s\u2019arribi a fer\u201d.<\/p>\n\n\n\n<p>Al seu torn, Marc Robert, representant de SOS Pened\u00e8s i el GEVEN, ha explicat que \u201c\u00e9s un projecte del tot innecessari\u201d i \u201cno podem acceptar que ens imposin infraestructures com aquesta, nosaltres diem no per la s\u00e8rie de valors que tenim, perqu\u00e8 no volem perdre el nostre paisatge\u201d i ha explicat l\u2019impacte que tindria aquest projecte en el territori. Robert defensa que \u201c\u00e9s un \u2018sense sentit\u2019 generar l\u2019energia a 200kms d\u2019on es consumeix, quan tothom sap que el transport de l\u2019energia ja provoca unes p\u00e8rdues importants de la quantitat d\u2019energia que es genera i com m\u00e9s baixa la tensi\u00f3 encara m\u00e9s\u201d i ha defensat la idea de \u201cfer energia de proximitat: com m\u00e9s descentralitzada i propera als llocs de consum, molt millor en tots els aspectes: per evitar els impactes que suposa el seu transport, la seva implantaci\u00f3 i tamb\u00e9 per aprofitar-la al m\u00e0xim i de forma m\u00e9s justa i equitativa\u201d. Robert pensa que aquest projecte \u201cs\u2019acumula a l\u2019allau de projectes que ja existeixen al territori\u201d i ha fet cinc c\u00e8ntims com afectaria aquest projecte al territori quant al paisatge -com ara les vinyes, l\u2019enoturisme o la gran quantitat de barraques de pedra seca que tenim al territori-, la biodiversitat -com ara l\u2019\u00e0liga cuabarrada-, l\u2019entorn, l\u2019agricultura o els elements arquitect\u00f2nics. Per \u00faltim, ha volgut esmentar el fet que les l\u00ednies passin molt a prop per zones habitades i de com aix\u00f2 pot afectar la salut. En el cas de la Bisbal del Pened\u00e8s, Robert ha explicat que \u201cpassa molt a prop de l\u2019institut, on van a estudiar cada dia centenars d\u2019estudiants de la Bisbal i la comarca, ja hi ha una altra l\u00ednia el\u00e8ctrica de molt alta tensi\u00f3 molt a prop, aquesta s\u2019afegiria i multiplicaria per dos la pot\u00e8ncia que hi ha a tocar per on cada dia passen els infants i els joves de la comarca, i al llarg del seu recorregut, el projecte passa molt a prop de llocs que estan habitats, com ara l\u2019Ortig\u00f3s, la Torregassa, Cornudella, Lletger&#8230; La OMS ja ha reconegut els afectes que hi ha de les ones electromagn\u00e8tiques que generen aquestes torres de molt alta tensi\u00f3 provocant c\u00e0ncers, alteracions fisiol\u00f2giques i psicol\u00f2giques fins i tot sobre les persones, tot i que hi ha debat cient\u00edfic per determinar l\u2019abast d\u2019aquestes possibles lesions, per\u00f2 en salut i en termes mediambientals el que ha de prevaldre sempre \u00e9s la precauci\u00f3\u201d.<\/p>\n\n\n\n<p>Fins aquest dimecres l\u2019Ajuntament de la Bisbal del Pened\u00e8s ha recollit un total de 400 al\u00b7legacions. L\u2019alcaldessa bisbalenca ha explicat que les persones que vulguin al\u00b7legar poden seguir-ho fent, adre\u00e7ant-se a l\u2019Ajuntament de La Bisbal del Pened\u00e8s, fins al 28 de setembre de 2021.<\/p>\n\n\n\n<figure class=\"wp-block-image size-large\"><img loading=\"lazy\" width=\"1024\" height=\"768\" src=\"https:\/\/bisbalpenedes.com\/web\/wp-content\/uploads\/2021\/09\/603062E9-5CB5-47F9-A1F7-28E9DC90E5A1-1024x768.jpeg\" alt=\"\" class=\"wp-image-19187\" srcset=\"https:\/\/bisbalpenedes.com\/web\/wp-content\/uploads\/2021\/09\/603062E9-5CB5-47F9-A1F7-28E9DC90E5A1-1024x768.jpeg 1024w, https:\/\/bisbalpenedes.com\/web\/wp-content\/uploads\/2021\/09\/603062E9-5CB5-47F9-A1F7-28E9DC90E5A1-scaled-600x450.jpeg 600w, https:\/\/bisbalpenedes.com\/web\/wp-content\/uploads\/2021\/09\/603062E9-5CB5-47F9-A1F7-28E9DC90E5A1-300x225.jpeg 300w, https:\/\/bisbalpenedes.com\/web\/wp-content\/uploads\/2021\/09\/603062E9-5CB5-47F9-A1F7-28E9DC90E5A1-768x576.jpeg 768w, https:\/\/bisbalpenedes.com\/web\/wp-content\/uploads\/2021\/09\/603062E9-5CB5-47F9-A1F7-28E9DC90E5A1-1536x1152.jpeg 1536w, https:\/\/bisbalpenedes.com\/web\/wp-content\/uploads\/2021\/09\/603062E9-5CB5-47F9-A1F7-28E9DC90E5A1-2048x1536.jpeg 2048w\" sizes=\"(max-width: 1024px) 100vw, 1024px\" \/><\/figure>\n\n\n\n<p>CASTELLANO | La plaza Pau Casals de la Bisbal del Pened\u00e8s ha acogido, este mi\u00e9rcoles al atardecer, un acto informativo sobre la MAT \u201cCl\u00faster Begues\u201d dirigido a los vecinos de la Bisbal del Pened\u00e8s. El acto ha contado con la presencia de la alcaldesa de la Bisbal del Pened\u00e8s, Agn\u00e8s Ferr\u00e9; la primera teniente de alcald\u00eda, Judith Vidal; la segunda teniente de alcald\u00eda y concejala de Medio Ambiente y Territorio, Leo Uceda; Esther Ruiz como representante de la plataforma No a la MAT de La Bisbal del Pened\u00e8s; y Marc Robert como representante del GEVEN y SOS Pened\u00e8s.<\/p>\n\n\n\n<p>La alcaldesa de la Bisbal del Pened\u00e8s ha abierto el acto explicando que \u201cen Catalu\u00f1a, el proyecto afecta a 121km con 378 l\u00edneas de alta tensi\u00f3n, con torres de m\u00e1s de 30 metros de di\u00e1metro y entre 50 y 70 metros de altura. Es un proyecto privado de transporte de energ\u00eda en una MAT, prescindiendo del transporte a trav\u00e9s de Endesa y, por eso, construye una nueva l\u00ednea solo de Arag\u00f3n al \u00e1rea metropolitana sin que pueda haber ninguna otra conexi\u00f3n entremedio. No aporta ning\u00fan beneficio en el territorio por donde pasa\u201d.<\/p>\n\n\n\n<p>Ferr\u00e9 defiende que \u201cel \u00e1rea metropolitana est\u00e1 muy lejos de los objetivos renovables y, esta empresa privada quiere hacer este proyecto para llevar energ\u00eda renovable al \u00e1rea metropolitana y que as\u00ed cumplan los objetivos\u201d. La alcaldesa ha a\u00f1adido que \u201csi se aprobara, crear\u00eda un precedente de tener l\u00edneas privadas independientes por todo el territorio. Y la problem\u00e1tica de qui\u00e9n mantiene estas l\u00edneas despu\u00e9s\u201d.<\/p>\n\n\n\n<p>En cuanto a la Bisbal del Pened\u00e8s, la l\u00ednea \u201catraviesa el municipio en 7,8km y 27 torres. Es el municipio m\u00e1s afectado de la comarca y afecta a 145 parcelas de 65 propietarios\u201d. La alcaldesa de La Bisbal ha planteado una alternativa que \u201cseria reubicar el trazado soterr\u00e1ndola y haci\u00e9ndola pasar paralela o anexa a la autopista AP-7 y C-32, por espacios de las mismas autopistas\u201d. Aun as\u00ed, defiende que \u201cla mejor alternativa es que este proyecto no salga adelante y que entre todos trabajemos por un plan energ\u00e9tico de pa\u00eds que tenga en cuenta el territorio y se concrete en planes de vegueria y locales\u201d. Ferr\u00e9 ha concluido explicando que \u201cdesde el Ayuntamiento hemos empezado a trabajar junto con otros municipios de la comarca, el proyecto de comunidades energ\u00e9ticas por el municipio\u201d.<\/p>\n\n\n\n<p>A su vez, Esther Ruiz, representando a la Plataforma No a la MAT de la Bisbal del Pened\u00e8s, ha relatado que \u201cnosotros aparecimos despu\u00e9s de que apareciera el proyecto en el BOE y vi\u00e9ramos como afectaba al municipio este proyecto. Entonces nos unimos unos cuantos vecinos para poder buscar informaci\u00f3n y saber cu\u00e1l ser\u00eda el impacto ambiental, patrimonial, visual y de salud que podr\u00eda comportar esta instalaci\u00f3n en el municipio\u201d. Ruiz ha a\u00f1adido que el proyecto \u201ctiene una huella grave a nivel de municipio y de territorio y a partir de aqu\u00ed nosotros hemos empezado a movilizarnos. Apenas ten\u00edamos informaci\u00f3n pero ya empezamos a informar la gente sobre el hecho que hab\u00eda la posibilidad de hacer alegaciones y que estas alegaciones pudieran llegar al Ayuntamiento y el Ayuntamiento las pudiese enviar al gobierno\u201d.<\/p>\n\n\n\n<p>En cuanto a la plataforma, Ruiz ha explicado que \u201ca partir de ahora nuestra intenci\u00f3n es ayudar a la gente todo el que podamos, informar a los vecinos, si la gente quiere colaborar nosotros estamos a su alcance con todo el que necesiten y sobre todo intentar hacer actos de protesta y unirnos con el resto de municipios afectados para poder trabajar y conseguir que esta l\u00ednea, si puede ser, no se llegue a hacer\u201d.<\/p>\n\n\n\n<p>A su vez, Marc Robert, representante de SOS Pened\u00e8s y el GEVEN, ha explicado que \u201ces un proyecto del todo innecesario\u201d y \u201cno podemos aceptar que nos impongan infraestructuras como esta, nosotros decimos no por la serie de valores que tenemos, porque no queremos perder nuestro paisaje\u201d y ha explicado el impacto que tendr\u00eda este proyecto en el territorio. Robert defiende que \u201ces un \u2018sin sentido\u2019 generar la energ\u00eda a 200kms de donde se consume, cuando todo el mundo sabe que el transporte de la energ\u00eda ya provoca unas p\u00e9rdidas importantes de la cantidad de energ\u00eda que se genera y cuanto m\u00e1s baja la tensi\u00f3n, todav\u00eda m\u00e1s\u201d y ha defendido la idea de \u201chacer energ\u00eda de proximidad: cuanto m\u00e1s descentralizada y pr\u00f3xima a los lugares de consumo, mucho mejor en todos los aspectos: para evitar los impactos que supone su transporte, su implantaci\u00f3n y tambi\u00e9n para aprovecharla al m\u00e1ximo y de forma m\u00e1s justa y equitativa\u201d. Robert piensa que este proyecto \u201cse acumula a la avalancha de proyectos que ya existen en el territorio\u201d y ha hecho un resumen de como afectar\u00eda este proyecto al territorio en cuanto al paisaje -como por ejemplo las vi\u00f1as, la enoturismo o la gran cantidad de barracas de piedra seca que tenemos en el territorio-, la biodiversidad -como por ejemplo el \u00e1guila perdicera-, el entorno, la agricultura o los elementos arquitect\u00f3nicos. Por \u00faltimo, ha querido mencionar el hecho de que las l\u00edneas pasen muy cerca por zonas habitadas y de c\u00f3mo esto puede afectar la salud. En el caso de la Bisbal del Pened\u00e8s, Robert ha explicado que \u201cpasa muy cerca del instituto, donde van a estudiar cada d\u00eda centenares de estudiantes de la Bisbal y la comarca, ya hay otro tendido el\u00e9ctrico de muy alta tensi\u00f3n muy cerca, este se a\u00f1adir\u00eda y multiplicar\u00eda por dos la potencia que hay al lado de donde cada d\u00eda pasan los ni\u00f1os y los j\u00f3venes de la comarca, y a lo largo de su recorrido, el proyecto pasa muy cerca de lugares que est\u00e1n habitados, como por ejemplo el Ortig\u00f3s, la Torregassa, Cornudella, Lletger&#8230; La OMS ya ha reconocido los efectos que tienen las ondas electromagn\u00e9ticas que generan estas torres de muy alta tensi\u00f3n provocando c\u00e1nceres, alteraciones fisiol\u00f3gicas y psicol\u00f3gicas incluso sobre las personas, a pesar de que hay debate cient\u00edfico para determinar el alcance de estas posibles lesiones, pero en salud y en t\u00e9rminos medioambientales lo que tiene que primar siempre es la precauci\u00f3n\u201d.<\/p>\n\n\n\n<p>Hasta este mi\u00e9rcoles el Ayuntamiento de la Bisbal del Pened\u00e8s ha recogido un total de 400 alegaciones. La alcaldesa de La Bisbal ha explicado que las personas que quieran alegar pueden seguirlo haciendo, dirigi\u00e9ndose en el Ayuntamiento de La Bisbal del Pened\u00e8s, hasta el 28 de septiembre de 2021.<\/p>\n\n\n\n<figure class=\"wp-block-image size-large\"><img loading=\"lazy\" width=\"1024\" height=\"768\" src=\"https:\/\/bisbalpenedes.com\/web\/wp-content\/uploads\/2021\/09\/5EBC295A-5836-4EBC-A1D8-11ECD4D1C3AD-1024x768.jpeg\" alt=\"\" class=\"wp-image-19186\" srcset=\"https:\/\/bisbalpenedes.com\/web\/wp-content\/uploads\/2021\/09\/5EBC295A-5836-4EBC-A1D8-11ECD4D1C3AD-1024x768.jpeg 1024w, https:\/\/bisbalpenedes.com\/web\/wp-content\/uploads\/2021\/09\/5EBC295A-5836-4EBC-A1D8-11ECD4D1C3AD-scaled-600x450.jpeg 600w, https:\/\/bisbalpenedes.com\/web\/wp-content\/uploads\/2021\/09\/5EBC295A-5836-4EBC-A1D8-11ECD4D1C3AD-300x225.jpeg 300w, https:\/\/bisbalpenedes.com\/web\/wp-content\/uploads\/2021\/09\/5EBC295A-5836-4EBC-A1D8-11ECD4D1C3AD-768x576.jpeg 768w, https:\/\/bisbalpenedes.com\/web\/wp-content\/uploads\/2021\/09\/5EBC295A-5836-4EBC-A1D8-11ECD4D1C3AD-1536x1152.jpeg 1536w, https:\/\/bisbalpenedes.com\/web\/wp-content\/uploads\/2021\/09\/5EBC295A-5836-4EBC-A1D8-11ECD4D1C3AD-2048x1536.jpeg 2048w\" sizes=\"(max-width: 1024px) 100vw, 1024px\" \/><\/figure>\n","protected":false},"excerpt":{"rendered":"<p>La pla\u00e7a Pau Casals de la Bisbal del Pened\u00e8s ha acollit, aquest dimecres al vespre, un acte informatiu sobre la MAT \u201cCl\u00faster Begues\u201d adre\u00e7at als ve\u00efns de la Bisbal del &hellip; <a href=\"https:\/\/bisbalpenedes.com\/web\/2021\/09\/16\/aquest-dimecres-ha-tingut-lloc-un-acte-informatiu-sobre-la-mat-cluster-begues-a-la-bisbal-del-penedes\/\" class=\"more-link\">Read More<\/a><\/p>\n","protected":false},"author":4,"featured_media":19188,"comment_status":"closed","ping_status":"closed","sticky":false,"template":"","format":"standard","meta":[],"categories":[8],"tags":[1151,459,4778,4777,393,4779,4761,4758],"_links":{"self":[{"href":"https:\/\/bisbalpenedes.com\/web\/wp-json\/wp\/v2\/posts\/19182"}],"collection":[{"href":"https:\/\/bisbalpenedes.com\/web\/wp-json\/wp\/v2\/posts"}],"about":[{"href":"https:\/\/bisbalpenedes.com\/web\/wp-json\/wp\/v2\/types\/post"}],"author":[{"embeddable":true,"href":"https:\/\/bisbalpenedes.com\/web\/wp-json\/wp\/v2\/users\/4"}],"replies":[{"embeddable":true,"href":"https:\/\/bisbalpenedes.com\/web\/wp-json\/wp\/v2\/comments?post=19182"}],"version-history":[{"count":3,"href":"https:\/\/bisbalpenedes.com\/web\/wp-json\/wp\/v2\/posts\/19182\/revisions"}],"predecessor-version":[{"id":19198,"href":"https:\/\/bisbalpenedes.com\/web\/wp-json\/wp\/v2\/posts\/19182\/revisions\/19198"}],"wp:featuredmedia":[{"embeddable":true,"href":"https:\/\/bisbalpenedes.com\/web\/wp-json\/wp\/v2\/media\/19188"}],"wp:attachment":[{"href":"https:\/\/bisbalpenedes.com\/web\/wp-json\/wp\/v2\/media?parent=19182"}],"wp:term":[{"taxonomy":"category","embeddable":true,"href":"https:\/\/bisbalpenedes.com\/web\/wp-json\/wp\/v2\/categories?post=19182"},{"taxonomy":"post_tag","embeddable":true,"href":"https:\/\/bisbalpenedes.com\/web\/wp-json\/wp\/v2\/tags?post=19182"}],"curies":[{"name":"wp","href":"https:\/\/api.w.org\/{rel}","templated":true}]}}