{"id":19179,"date":"2021-09-20T17:37:00","date_gmt":"2021-09-20T15:37:00","guid":{"rendered":"https:\/\/bisbalpenedes.com\/web\/?p=19179"},"modified":"2021-09-28T20:03:04","modified_gmt":"2021-09-28T18:03:04","slug":"la-junta-de-govern-aprova-la-modificacio-del-contracte-dobres-de-reforma-i-ampliacio-del-local-social-de-can-gordei","status":"publish","type":"post","link":"https:\/\/bisbalpenedes.com\/web\/2021\/09\/20\/la-junta-de-govern-aprova-la-modificacio-del-contracte-dobres-de-reforma-i-ampliacio-del-local-social-de-can-gordei\/","title":{"rendered":"La Junta de Govern aprova la modificaci\u00f3 del contracte d\u2019obres de reforma i ampliaci\u00f3 del local social de Can Gordei"},"content":{"rendered":"\n<p>La Junta de Govern del dilluns 13 de setembre va aprovar la modificaci\u00f3 del contracte de les obres de reforma i ampliaci\u00f3 del local social de Can Gordei. Aquesta modificaci\u00f3 suposa un increment del preu de 4.956,5\u20ac (IVA incl\u00f2s).<\/p>\n\n\n\n<p>L\u2019Ajuntament de la Bisbal del Pened\u00e8s va iniciar les obres d\u2019ampliaci\u00f3 del local social de Can Gordei i la rampa d\u2019acc\u00e9s el passat mes de juny. Durant el mes de juliol es va construir la rampa i, quan l\u2019empresa adjudicat\u00e0ria va comen\u00e7ar a fer les obres d\u2019ampliaci\u00f3 del local va constatar que calia fer unes petites modificacions en el contracte per poder continuar amb l\u2019execuci\u00f3 de l\u2019obra. Aquests canvis consisteixen en la modificaci\u00f3 de l\u2019al\u00e7ada de les obertures de la fa\u00e7ana posterior, ja que el projecte proposa una gran obertura en una paret de c\u00e0rrega per connectar les dues sales polivalents i cal posar-hi una biga.<\/p>\n\n\n\n<p>La Junta de Govern del passat dilluns va aprovar l\u2019expedient de modificaci\u00f3 del contracte de les obres de reforma i ampliaci\u00f3 del local social de Can Gordei i tamb\u00e9 va aprovar la quantitat de 4.956,49\u20ac per poder dur a terme l\u2019esmentada ampliaci\u00f3.<\/p>\n\n\n\n<hr class=\"wp-block-separator\"\/>\n\n\n\n<p>La Junta de Gobierno del lunes 13 de septiembre aprob\u00f3 la modificaci\u00f3n del contrato de las obras de reforma y ampliaci\u00f3n del local social de Can Gordei. Esta modificaci\u00f3n supone un incremento del precio de 4.956,5\u20ac (IVA incluido).<\/p>\n\n\n\n<p>El Ayuntamiento de la Bisbal del Pened\u00e8s inici\u00f3 las obras de ampliaci\u00f3n del local social de Can Gordei y la rampa de acceso el pasado mes de junio. Durante el mes de julio se construy\u00f3 la rampa y, cuando la empresa adjudicataria empez\u00f3 a hacer las obras de ampliaci\u00f3n del local constat\u00f3 que hab\u00eda que hacer unas peque\u00f1as modificaciones en el contrato para poder continuar con la ejecuci\u00f3n de la obra. Estos cambios consisten en la modificaci\u00f3n de la altura de las aperturas de la fachada posterior, ya que el proyecto propone una gran apertura en una pared de carga para conectar las dos salas polivalentes y hay que poner una biga.<\/p>\n\n\n\n<p>La Junta de Gobierno del pasado lunes aprob\u00f3 el expediente de modificaci\u00f3n del contrato de las obras de reforma y ampliaci\u00f3n del local social de Can Gordei y tambi\u00e9n aprob\u00f3 la cantidad de 4.956,49\u20ac para poder llevar a cabo dicha ampliaci\u00f3n.<\/p>\n","protected":false},"excerpt":{"rendered":"<p>La Junta de Govern del dilluns 13 de setembre va aprovar la modificaci\u00f3 del contracte de les obres de reforma i ampliaci\u00f3 del local social de Can Gordei. Aquesta modificaci\u00f3 &hellip; <a href=\"https:\/\/bisbalpenedes.com\/web\/2021\/09\/20\/la-junta-de-govern-aprova-la-modificacio-del-contracte-dobres-de-reforma-i-ampliacio-del-local-social-de-can-gordei\/\" class=\"more-link\">Read More<\/a><\/p>\n","protected":false},"author":4,"featured_media":13645,"comment_status":"closed","ping_status":"closed","sticky":false,"template":"","format":"standard","meta":[],"categories":[4287,3085,8,15],"tags":[3638,198,686,393,247,1517],"_links":{"self":[{"href":"https:\/\/bisbalpenedes.com\/web\/wp-json\/wp\/v2\/posts\/19179"}],"collection":[{"href":"https:\/\/bisbalpenedes.com\/web\/wp-json\/wp\/v2\/posts"}],"about":[{"href":"https:\/\/bisbalpenedes.com\/web\/wp-json\/wp\/v2\/types\/post"}],"author":[{"embeddable":true,"href":"https:\/\/bisbalpenedes.com\/web\/wp-json\/wp\/v2\/users\/4"}],"replies":[{"embeddable":true,"href":"https:\/\/bisbalpenedes.com\/web\/wp-json\/wp\/v2\/comments?post=19179"}],"version-history":[{"count":3,"href":"https:\/\/bisbalpenedes.com\/web\/wp-json\/wp\/v2\/posts\/19179\/revisions"}],"predecessor-version":[{"id":19337,"href":"https:\/\/bisbalpenedes.com\/web\/wp-json\/wp\/v2\/posts\/19179\/revisions\/19337"}],"wp:featuredmedia":[{"embeddable":true,"href":"https:\/\/bisbalpenedes.com\/web\/wp-json\/wp\/v2\/media\/13645"}],"wp:attachment":[{"href":"https:\/\/bisbalpenedes.com\/web\/wp-json\/wp\/v2\/media?parent=19179"}],"wp:term":[{"taxonomy":"category","embeddable":true,"href":"https:\/\/bisbalpenedes.com\/web\/wp-json\/wp\/v2\/categories?post=19179"},{"taxonomy":"post_tag","embeddable":true,"href":"https:\/\/bisbalpenedes.com\/web\/wp-json\/wp\/v2\/tags?post=19179"}],"curies":[{"name":"wp","href":"https:\/\/api.w.org\/{rel}","templated":true}]}}