{"id":19171,"date":"2021-09-16T09:00:00","date_gmt":"2021-09-16T07:00:00","guid":{"rendered":"https:\/\/bisbalpenedes.com\/web\/?p=19171"},"modified":"2021-09-15T17:17:42","modified_gmt":"2021-09-15T15:17:42","slug":"lalcaldessa-agnes-ferre-fa-un-balanc-positiu-dels-primers-mesos-de-funcionament-del-nou-servei-de-bus-urba","status":"publish","type":"post","link":"https:\/\/bisbalpenedes.com\/web\/2021\/09\/16\/lalcaldessa-agnes-ferre-fa-un-balanc-positiu-dels-primers-mesos-de-funcionament-del-nou-servei-de-bus-urba\/","title":{"rendered":"L\u2019alcaldessa Agn\u00e8s Ferr\u00e9 fa un balan\u00e7 positiu dels primers mesos de funcionament del nou servei de bus urb\u00e0"},"content":{"rendered":"\n<p>El passat mes de maig es va posar en marxa un nou servei de bus urb\u00e0 que comunica les urbanitzacions amb El Vendrell. Despr\u00e9s de comprovar les dades dels quatre primers mesos de funcionament, la Regidoria de Mobilitat ha fet una comparativa del nombre d\u2019usuaris que ha fet \u00fas del servei durant el mateix per\u00edode dels anys 2019, 2020 (en aquest darrer any cal tenir en compte que la situaci\u00f3 de la pand\u00e8mia de COVID-19 va fer que disminu\u00eds molt el nombre de viatgers) i 2021.<\/p>\n\n\n\n<p>Les xifres s\u00f3n les seg\u00fcents:<\/p>\n\n\n\n<figure class=\"wp-block-image size-large\"><img loading=\"lazy\" width=\"868\" height=\"201\" src=\"https:\/\/bisbalpenedes.com\/web\/wp-content\/uploads\/2021\/09\/Captura-de-pantalla-2021-09-15-a-les-16.40.50.png\" alt=\"\" class=\"wp-image-19173\" srcset=\"https:\/\/bisbalpenedes.com\/web\/wp-content\/uploads\/2021\/09\/Captura-de-pantalla-2021-09-15-a-les-16.40.50.png 868w, https:\/\/bisbalpenedes.com\/web\/wp-content\/uploads\/2021\/09\/Captura-de-pantalla-2021-09-15-a-les-16.40.50-600x139.png 600w, https:\/\/bisbalpenedes.com\/web\/wp-content\/uploads\/2021\/09\/Captura-de-pantalla-2021-09-15-a-les-16.40.50-300x69.png 300w, https:\/\/bisbalpenedes.com\/web\/wp-content\/uploads\/2021\/09\/Captura-de-pantalla-2021-09-15-a-les-16.40.50-768x178.png 768w\" sizes=\"(max-width: 868px) 100vw, 868px\" \/><\/figure>\n\n\n\n<p>L\u2019alcaldessa de la Bisbal del Pened\u00e8s, Agn\u00e8s Ferr\u00e9, ha explicat que \u201cel resultat de la implantaci\u00f3 del nou servei \u00e9s positiu. Ara els ve\u00efns poden anar directament al Vendrell, agafant el bus directament de les urbanitzacions bisbalenques\u201d. Ferr\u00e9 ha afegit que \u201caquest mes de setembre hem incorporat la parada de L\u2019Ortig\u00f3s perqu\u00e8 els ve\u00efns d\u2019aquest barri tamb\u00e9 puguin fer \u00fas del servei de bus i puguin anar directament a la capital de la comarca\u201d.<\/p>\n\n\n\n<p>El nou servei de bus urb\u00e0 \u2013i al Vendrell- funciona amb horaris i parades i dona servei de dilluns a divendres (feiners). Els dissabtes tamb\u00e9 hi ha anades i tornades al Vendrell per\u00f2, en aquest cas, des del nucli urb\u00e0.<\/p>\n\n\n\n<p>Per a m\u00e9s informaci\u00f3 sobre el servei de bus urb\u00e0 de La Bisbal del Pened\u00e8s podeu accedir a l\u2019enlla\u00e7: <a href=\"https:\/\/bisbalpenedes.com\/web\/transports\/\">https:\/\/bisbalpenedes.com\/web\/transports\/<\/a> <\/p>\n\n\n\n<hr class=\"wp-block-separator\"\/>\n\n\n\n<p>El pasado mes de mayo se puso en marcha un nuevo servicio de bus urbano que comunica las urbanizaciones con El Vendrell. Despu\u00e9s de comprobar los datos de los cuatro primeros meses de funcionamiento, la Concejal\u00eda de Movilidad ha realizado una comparativa del n\u00famero de usuarios que ha hecho uso del servicio durante el mismo periodo de los a\u00f1os 2019, 2020 (en este \u00faltimo a\u00f1o hay que tener en cuenta que la situaci\u00f3n de la pandemia de COVID-19 hizo que disminuyese mucho el n\u00famero de viajeros) y 2021:<\/p>\n\n\n\n<figure class=\"wp-block-image size-large\"><img loading=\"lazy\" width=\"866\" height=\"196\" src=\"https:\/\/bisbalpenedes.com\/web\/wp-content\/uploads\/2021\/09\/Captura-de-pantalla-2021-09-15-a-les-16.41.02.png\" alt=\"\" class=\"wp-image-19172\" srcset=\"https:\/\/bisbalpenedes.com\/web\/wp-content\/uploads\/2021\/09\/Captura-de-pantalla-2021-09-15-a-les-16.41.02.png 866w, https:\/\/bisbalpenedes.com\/web\/wp-content\/uploads\/2021\/09\/Captura-de-pantalla-2021-09-15-a-les-16.41.02-600x136.png 600w, https:\/\/bisbalpenedes.com\/web\/wp-content\/uploads\/2021\/09\/Captura-de-pantalla-2021-09-15-a-les-16.41.02-300x68.png 300w, https:\/\/bisbalpenedes.com\/web\/wp-content\/uploads\/2021\/09\/Captura-de-pantalla-2021-09-15-a-les-16.41.02-768x174.png 768w\" sizes=\"(max-width: 866px) 100vw, 866px\" \/><\/figure>\n\n\n\n<p>La alcaldesa de la Bisbal del Pened\u00e8s, Agn\u00e8s Ferr\u00e9, ha explicado que \u201cel resultado de la implantaci\u00f3n del nuevo servicio es positivo. Ahora los vecinos pueden ir directamente al Vendrell, cogiendo el bus directamente desde las urbanizaciones de la Bisbal\u201d. Ferr\u00e9 ha a\u00f1adido que \u201ceste mes de septiembre hemos incorporado la parada de L\u2019Ortig\u00f3s para que los vecinos de este barrio tambi\u00e9n puedan hacer uso del servicio de bus y puedan ir directamente a la capital de la comarca\u201d.<\/p>\n\n\n\n<p>El nuevo servicio de bus urbano \u2013y al Vendrell- funciona con horarios y paradas y da servicio de lunes a viernes (laborables). Los s\u00e1bados tambi\u00e9n hay idas y vueltas al Vendrell pero, en este caso, desde el n\u00facleo urbano.<\/p>\n\n\n\n<p>Para m\u00e1s informaci\u00f3n sobre el servicio de bus urbano de La Bisbal del Pened\u00e8s pod\u00e9is acceder al enlace: <a href=\"https:\/\/bisbalpenedes.com\/web\/transports\/\"><strong>https:\/\/bisbalpenedes.com\/web\/transports\/<\/strong><\/a><strong> &nbsp;<\/strong><\/p>\n","protected":false},"excerpt":{"rendered":"<p>El passat mes de maig es va posar en marxa un nou servei de bus urb\u00e0 que comunica les urbanitzacions amb El Vendrell. Despr\u00e9s de comprovar les dades dels quatre &hellip; <a href=\"https:\/\/bisbalpenedes.com\/web\/2021\/09\/16\/lalcaldessa-agnes-ferre-fa-un-balanc-positiu-dels-primers-mesos-de-funcionament-del-nou-servei-de-bus-urba\/\" class=\"more-link\">Read More<\/a><\/p>\n","protected":false},"author":4,"featured_media":19176,"comment_status":"closed","ping_status":"closed","sticky":false,"template":"","format":"standard","meta":[],"categories":[3482,8],"tags":[821,393,3355],"_links":{"self":[{"href":"https:\/\/bisbalpenedes.com\/web\/wp-json\/wp\/v2\/posts\/19171"}],"collection":[{"href":"https:\/\/bisbalpenedes.com\/web\/wp-json\/wp\/v2\/posts"}],"about":[{"href":"https:\/\/bisbalpenedes.com\/web\/wp-json\/wp\/v2\/types\/post"}],"author":[{"embeddable":true,"href":"https:\/\/bisbalpenedes.com\/web\/wp-json\/wp\/v2\/users\/4"}],"replies":[{"embeddable":true,"href":"https:\/\/bisbalpenedes.com\/web\/wp-json\/wp\/v2\/comments?post=19171"}],"version-history":[{"count":2,"href":"https:\/\/bisbalpenedes.com\/web\/wp-json\/wp\/v2\/posts\/19171\/revisions"}],"predecessor-version":[{"id":19177,"href":"https:\/\/bisbalpenedes.com\/web\/wp-json\/wp\/v2\/posts\/19171\/revisions\/19177"}],"wp:featuredmedia":[{"embeddable":true,"href":"https:\/\/bisbalpenedes.com\/web\/wp-json\/wp\/v2\/media\/19176"}],"wp:attachment":[{"href":"https:\/\/bisbalpenedes.com\/web\/wp-json\/wp\/v2\/media?parent=19171"}],"wp:term":[{"taxonomy":"category","embeddable":true,"href":"https:\/\/bisbalpenedes.com\/web\/wp-json\/wp\/v2\/categories?post=19171"},{"taxonomy":"post_tag","embeddable":true,"href":"https:\/\/bisbalpenedes.com\/web\/wp-json\/wp\/v2\/tags?post=19171"}],"curies":[{"name":"wp","href":"https:\/\/api.w.org\/{rel}","templated":true}]}}