{"id":19169,"date":"2021-09-15T16:12:17","date_gmt":"2021-09-15T14:12:17","guid":{"rendered":"https:\/\/bisbalpenedes.com\/web\/?p=19169"},"modified":"2021-09-15T16:12:17","modified_gmt":"2021-09-15T14:12:17","slug":"el-proper-dilluns-20-de-setembre-a-les-19h-tindra-lloc-el-ple-ordinari-de-lajuntament-de-la-bisbal-del-penedes","status":"publish","type":"post","link":"https:\/\/bisbalpenedes.com\/web\/2021\/09\/15\/el-proper-dilluns-20-de-setembre-a-les-19h-tindra-lloc-el-ple-ordinari-de-lajuntament-de-la-bisbal-del-penedes\/","title":{"rendered":"El proper dilluns 20 de setembre a les 19h tindr\u00e0 lloc el Ple Ordinari de l\u2019Ajuntament de la Bisbal del Pened\u00e8s"},"content":{"rendered":"\n<p>El proper dilluns 20 de setembre, a les 19h, tindr\u00e0 lloc el Ple Ordinari de l\u2019Ajuntament de la Bisbal del Pened\u00e8s corresponent a aquest trimestre.<\/p>\n\n\n\n<p>El Ple se celebrar\u00e0 de forma presencial i a porta tancada, per poder garantir totes les mesures de prevenci\u00f3 de contagis per la COVID-19. Posteriorment es podr\u00e0 veure l\u2019enregistrament a Youtube.<\/p>\n\n\n\n<p>Aquests s\u00f3n els punts de l\u2019ordre del dia:<\/p>\n\n\n\n<p><strong>PART RESOLUTIVA<\/strong><\/p>\n\n\n\n<p>1.- Aprovaci\u00f3 de l\u2019acta del ple ordinari del 12 de juny<\/p>\n\n\n\n<p>2.- Aprovaci\u00f3 de l\u2019acta del ple extraordinari del 30 d\u2019agost<\/p>\n\n\n\n<p>3.- Aprovaci\u00f3 del compte general de l\u2019exercici 2020<\/p>\n\n\n\n<p>4.- Adhesi\u00f3 a l&#8217;acord marc per a l&#8217;elaboraci\u00f3 i presentaci\u00f3 conjunta de projectes i actuacions en el context de l&#8217;ajuda financera del mecanisme de recuperaci\u00f3 i resili\u00e8ncia de la Uni\u00f3 Europa promogut per l&#8217;Ajuntament de Calafell per la creaci\u00f3 de comunitats energ\u00e8tiques<\/p>\n\n\n\n<p><strong>PART DE CONTROL<\/strong><\/p>\n\n\n\n<p>5.- Donar compte dels Decrets d\u2019Alcaldia<\/p>\n\n\n\n<p>6.- Donar compte dels acords de la Junta de Govern Local<\/p>\n\n\n\n<p>7.- Donar compte del per\u00edode mitj\u00e0 de pagament del 2n trimestre 2021<\/p>\n\n\n\n<p>8.- Donar compte de l\u2019execuci\u00f3 del pressupost 2n trimestre 2021<\/p>\n\n\n\n<p>9.- Donar compte de les l\u00ednies fonamentals del pressupost de l\u2019exercici 2022<\/p>\n\n\n\n<p>10.-Moci\u00f3 per la \u201cCreaci\u00f3 d\u2019un cos de vigil\u00e0ncia municipal\u201d, presentada pel grup municipal del PSC<\/p>\n\n\n\n<p>11.-\u201cMoci\u00f3 sol\u00b7licitant la modificaci\u00f3 dels seg\u00fcents articles del ROM\u201d, presentada pel grup municipal d\u2019ERC<\/p>\n\n\n\n<p>12.-\u201cMoci\u00f3 pel principi d\u2019integritat i confidencialitat (art.5.1.f) RGPD\u201d, presentada pel grup municipal d\u2019ERC<\/p>\n\n\n\n<p>13.-\u201cMoci\u00f3 per la prevenci\u00f3 del su\u00efcidi\u201d, presentada pel grup municipal d\u2019ERC<\/p>\n\n\n\n<p>14.-\u201cMoci\u00f3 pel reconeixement p\u00fablic del dol perinatal, gestacional i neonatal\u201d, presentada pel grup municipal d\u2019ERC<\/p>\n\n\n\n<p>15.-\u201cMoci\u00f3 del grup municipal socialista al Ple de l\u2019Ajuntament de La Bisbal del Pened\u00e8s per la creaci\u00f3 del museu de la Joventut Bisbalenca al Centre Municipal de Cultura permanent\u201d, presentada pel grup municipal del PSC<\/p>\n\n\n\n<p><strong>Torn de precs i preguntes<\/strong><\/p>\n\n\n\n<p>Segons el ROM aprovat al Ple de l\u2019Ajuntament de la Bisbal el 19 de juny de 2017, la ciutadania pot participar en els Plens Ordinaris. Tot seguit us detallem el funcionament d\u2019aquest sup\u00f2sit:<br>Totes les persones tenen dret a intervenir en les sessions ordin\u00e0ries del Ple en el punt de l\u2019ordre del dia de \u2018Precs i preguntes\u2019, d\u2019acord amb les prescripcions seg\u00fcents:<\/p>\n\n\n\n<ul><li>El prec o pregunta s\u2019haur\u00e0 de sol\u2022licitar a l\u2019Alcaldia:<br>o per escrit i entrar-lo\/a al Registre General com a m\u00e0xim 24 hores abans del Ple Ordinari<br>o Per Twitter a @BisbalPenedes com a m\u00e0xim 24h abans del Ple Ordinari, complint el protocol d\u2019\u00fas de les xarxes socials i emprant l\u2019etiqueta\u00a0<a href=\"https:\/\/www.facebook.com\/hashtag\/plebisbalpened%C3%A8s?__eep__=6&amp;source=feed_text&amp;epa=HASHTAG&amp;__xts__%5B0%5D=68.ARD1wXWwwlno0rOKPmoxxgSz89WYH5i8NHgdzmCY3U1GDyNswWNuLJC5R3CyiwZ8glyCklNOgb5D6-ILDBbxPeAhsZdMu8qbfllJN2mwOAG9lPX1POezHU4xpQ6CrtbSOFPuM13bcQDPXDkcT8uMdzLDRgfw5h57ESASLFFbhrUkWoxSN8IheJ2bj9-81sTG3gqQ-wPW1oTv63_qHlpWUiTPav-2exYCEXYInFYQJDcg-f8siVOv1iRTgFStQHuyX1OUlmXnMQEAJGyp0rbWxJ0DXP_c3jiScxjBnW0-ebrftvJ5rcDs6dNS_U1mdQ8lmfvzgSMIsH-xyDrOEt-i4-01nqBm&amp;__tn__=%2ANK-R\">#PleBisbalPened\u00e8s<\/a>, seguit del prec o pregunta.<\/li><li>L\u2019assumpte objecte del prec o pregunta haur\u00e0 de ser de compet\u00e8ncia municipal sobre l\u2019acci\u00f3 de govern o estar directament relacionat amb els punts inclosos a l\u2019ordre del dia.<\/li><li>Cada ciutad\u00e0\/ana pot formular un prec i una pregunta en un mateix Ple. La longitud m\u00e0xima de cada piulada \u00e9s de 140 car\u00e0cters i no es pot continuar la pregunta en un segon \u2018tweet\u2019.<\/li><li>L\u2019alcaldia podr\u00e0 no respondre si \u00e9s un assumpte sobre el qual l\u2019Ajuntament no t\u00e9 compet\u00e8ncies o si ja s\u2019ha presentat la mateixa pregunta en una altra sessi\u00f3 plen\u00e0ria en els \u00faltims 6 mesos.<\/li><li>L\u2019alcaldia comunicar\u00e0, acabat el termini m\u00e0xim de presentaci\u00f3 de preguntes, a qui vagin dirigides les preguntes o peticions sol\u2022licitades perqu\u00e8 les pugui respondre.<\/li><li>L\u2019Alcaldia llegir\u00e0 la pregunta en veu alta.<\/li><li>L\u2019alcaldia o a qui va adre\u00e7ada la pregunta, la respondr\u00e0 en la mateixa sessi\u00f3 del Ple.<\/li><\/ul>\n\n\n\n<hr class=\"wp-block-separator\"\/>\n\n\n\n<p><strong>CASTELLANO |<\/strong>\u00a0El pr\u00f3ximo lunes 20 de septiembre, a las 19h, tendr\u00e1 lugar el Pleno Ordinario del Ayuntamiento de la Bisbal del Pened\u00e8s correspondiente a este trimestre.<\/p>\n\n\n\n<p>El Pleno se celebrar\u00e1 de forma presencial y a puerta cerrada, para poder garantizar todas las medidas de prevenci\u00f3n de contagios por la COVID-19. Posteriormente se podr\u00e1 ver la grabaci\u00f3n en Youtube.<\/p>\n\n\n\n<p>Estos son los puntos del orden del d\u00eda:<\/p>\n\n\n\n<p><strong>PARTE RESOLUTIVA<\/strong><\/p>\n\n\n\n<p>1.-Aprobaci\u00f3n del acta del pleno ordinario del 12 de junio<\/p>\n\n\n\n<p>2.-Aprobaci\u00f3n del acta del pleno extraordinario del 30 de agosto<\/p>\n\n\n\n<p>3.-Aprobaci\u00f3n de la cuenta general del ejercicio 2020<\/p>\n\n\n\n<p>4.-Adhesi\u00f3n al acuerdo marco para la elaboraci\u00f3n y presentaci\u00f3n conjunta de proyectos y actuaciones en el contexto de la ayuda financiera del mecanismo de recuperaci\u00f3n y resiliencia de la Uni\u00f3n Europea promovido por el Ayuntamiento de Calafell por la creaci\u00f3n de comunidades energ\u00e9ticas<\/p>\n\n\n\n<p><strong>PARTE DE CONTROL<\/strong><\/p>\n\n\n\n<p>5.-Dar cuenta de los Decretos de Alcald\u00eda<\/p>\n\n\n\n<p>6.-Dar cuenta de los acuerdos de la Junta de Gobierno Local<\/p>\n\n\n\n<p>7.-Dar cuenta del periodo medio de pago del 2\u00ba trimestre 2021<\/p>\n\n\n\n<p>8.-Dar cuenta de la ejecuci\u00f3n del presupuesto del 2\u00ba trimestre 2021<\/p>\n\n\n\n<p>9.-Dar cuenta de las l\u00edneas fundamentales del presupuesto del ejercicio 2022<\/p>\n\n\n\n<p>10.-Moci\u00f3n por la \u201cCreaci\u00f3n de un cuerpo de vigilancia municipal\u201d, presentada por el grupo municipal del PSC.<\/p>\n\n\n\n<p>11.-\u201cMoci\u00f3n solicitando la modificaci\u00f3n de los siguientes art\u00edculos del ROM\u201d presentada por el grupo municipal de ERC<\/p>\n\n\n\n<p>12.-\u201cMoci\u00f3n por el principio de integridad y confidencialidad (art.5.1.f) RGPD\u201d, presentada pel grup municipal d\u2019ERC<\/p>\n\n\n\n<p>13.-\u201cMoci\u00f3n para la prevenci\u00f3n del suicidio\u201d, presentada por el grupo municipal de ERC<\/p>\n\n\n\n<p>14.-\u201cMoci\u00f3n por el reconocimiento p\u00fablico del duelo perinatal, gestacional y neonatal\u201d presentada por el grupo municipal de ERC<\/p>\n\n\n\n<p>15.-\u201cMoci\u00f3n del grupo municipal socialista al Pleno del Ayuntamiento de la Bisbal del Pened\u00e8s para la creaci\u00f3n del museo de la Joventut Bisbalenca en el Centro Municipal de Cultura permanente\u201d, presentada por el grupo municipal del PSC.<\/p>\n\n\n\n<p><strong>Turno de ruegos y preguntas<\/strong><\/p>\n\n\n\n<p>Seg\u00fan el ROM aprobado en el Pleno del Ayuntamiento de la Bisbal del Pened\u00e8s el pasado 19 de junio del 2017, la ciudadan\u00eda puede participar en los Plenos Ordinarios. A continuaci\u00f3n os detallamos el funcionamiento de este supuesto:<br>Todas las personas tienen derecho a intervenir en las sesiones ordinarias del Pleno en el punto de la orden del d\u00eda de \u2018Ruegos y preguntas\u2019, de acuerdo con las prescripciones siguientes:<\/p>\n\n\n\n<ul><li>El ruego o pregunta deber\u00e1 solicitarse a Alcald\u00eda:<br>o Por escrito y entrarlo\/la por escrito como m\u00e1ximo 24 horas antes del Pleno Ordinario<br>o Por Twitter en @BisbalPenedes como m\u00e1ximo 24h antes del Pleno Ordinario, cumpliendo el protocolo de uso de las redes sociales con el formato\u00a0<a href=\"https:\/\/www.facebook.com\/hashtag\/plebisbalpened%C3%A8s?__eep__=6&amp;source=feed_text&amp;epa=HASHTAG&amp;__xts__%5B0%5D=68.ARD1wXWwwlno0rOKPmoxxgSz89WYH5i8NHgdzmCY3U1GDyNswWNuLJC5R3CyiwZ8glyCklNOgb5D6-ILDBbxPeAhsZdMu8qbfllJN2mwOAG9lPX1POezHU4xpQ6CrtbSOFPuM13bcQDPXDkcT8uMdzLDRgfw5h57ESASLFFbhrUkWoxSN8IheJ2bj9-81sTG3gqQ-wPW1oTv63_qHlpWUiTPav-2exYCEXYInFYQJDcg-f8siVOv1iRTgFStQHuyX1OUlmXnMQEAJGyp0rbWxJ0DXP_c3jiScxjBnW0-ebrftvJ5rcDs6dNS_U1mdQ8lmfvzgSMIsH-xyDrOEt-i4-01nqBm&amp;__tn__=%2ANK-R\">#PleBisbalPened\u00e8s<\/a>, seguido del ruego o pregunta.<\/li><li>El asunto objeto del ruego o pregunta deber\u00e1 ser de competencia municipal sobre la acci\u00f3n de gobierno o estar directamente relacionado con los puntos incluidos en el orden del d\u00eda.<\/li><li>Cada ciudadano\/na puede formular un ruego y una pregunta en un mismo Pleno. La longitud m\u00e1xima de cada tweet es de 140 caracteres y no se puede continuar la pregunta con un segundo \u2018tweet.<\/li><li>Alcald\u00eda podr\u00e1 no responder si es un asunto sobre el cual el Ayuntamiento no tiene competencias o si ya se ha presentado la misma pregunta en otra sesi\u00f3n plenaria de los \u00faltimos 6 meses.<\/li><li>Alcald\u00eda comunicar\u00e1, terminado el plazo m\u00e1ximo de presentaci\u00f3n de preguntas, a quien vayan dirigidas las preguntas o peticiones solicitadas para que las pueda responder.<\/li><li>Alcald\u00eda leer\u00e1 la pregunta en voz alta.<\/li><li>Alcald\u00eda o a quien vaya dirigida la pregunta, la responder\u00e1 en la misma sesi\u00f3n del Pleno.<\/li><\/ul>\n","protected":false},"excerpt":{"rendered":"<p>El proper dilluns 20 de setembre, a les 19h, tindr\u00e0 lloc el Ple Ordinari de l\u2019Ajuntament de la Bisbal del Pened\u00e8s corresponent a aquest trimestre. El Ple se celebrar\u00e0 de &hellip; <a href=\"https:\/\/bisbalpenedes.com\/web\/2021\/09\/15\/el-proper-dilluns-20-de-setembre-a-les-19h-tindra-lloc-el-ple-ordinari-de-lajuntament-de-la-bisbal-del-penedes\/\" class=\"more-link\">Read More<\/a><\/p>\n","protected":false},"author":4,"featured_media":8717,"comment_status":"closed","ping_status":"closed","sticky":false,"template":"","format":"standard","meta":[],"categories":[8,2250],"tags":[393,139,249],"_links":{"self":[{"href":"https:\/\/bisbalpenedes.com\/web\/wp-json\/wp\/v2\/posts\/19169"}],"collection":[{"href":"https:\/\/bisbalpenedes.com\/web\/wp-json\/wp\/v2\/posts"}],"about":[{"href":"https:\/\/bisbalpenedes.com\/web\/wp-json\/wp\/v2\/types\/post"}],"author":[{"embeddable":true,"href":"https:\/\/bisbalpenedes.com\/web\/wp-json\/wp\/v2\/users\/4"}],"replies":[{"embeddable":true,"href":"https:\/\/bisbalpenedes.com\/web\/wp-json\/wp\/v2\/comments?post=19169"}],"version-history":[{"count":1,"href":"https:\/\/bisbalpenedes.com\/web\/wp-json\/wp\/v2\/posts\/19169\/revisions"}],"predecessor-version":[{"id":19170,"href":"https:\/\/bisbalpenedes.com\/web\/wp-json\/wp\/v2\/posts\/19169\/revisions\/19170"}],"wp:featuredmedia":[{"embeddable":true,"href":"https:\/\/bisbalpenedes.com\/web\/wp-json\/wp\/v2\/media\/8717"}],"wp:attachment":[{"href":"https:\/\/bisbalpenedes.com\/web\/wp-json\/wp\/v2\/media?parent=19169"}],"wp:term":[{"taxonomy":"category","embeddable":true,"href":"https:\/\/bisbalpenedes.com\/web\/wp-json\/wp\/v2\/categories?post=19169"},{"taxonomy":"post_tag","embeddable":true,"href":"https:\/\/bisbalpenedes.com\/web\/wp-json\/wp\/v2\/tags?post=19169"}],"curies":[{"name":"wp","href":"https:\/\/api.w.org\/{rel}","templated":true}]}}