{"id":19162,"date":"2021-09-15T15:05:39","date_gmt":"2021-09-15T13:05:39","guid":{"rendered":"https:\/\/bisbalpenedes.com\/web\/?p=19162"},"modified":"2021-09-15T15:06:28","modified_gmt":"2021-09-15T13:06:28","slug":"lajuntament-de-la-bisbal-del-penedes-continua-apostant-per-lescola-didiomes-municipal","status":"publish","type":"post","link":"https:\/\/bisbalpenedes.com\/web\/2021\/09\/15\/lajuntament-de-la-bisbal-del-penedes-continua-apostant-per-lescola-didiomes-municipal\/","title":{"rendered":"A l&#8217;octubre comen\u00e7a un nou curs de l\u2019Escola d\u2019Idiomes municipal"},"content":{"rendered":"\n<p>L\u2019Ajuntament de la Bisbal del Pened\u00e8s segueix apostant, a trav\u00e9s de la Regidoria d\u2019Ensenyament per oferir formaci\u00f3 centrada en l\u2019aprenentatge les lleng\u00fces anglesa, francesa i alemanya al municipi. Les classes comen\u00e7aran el proper 1 d\u2019octubre i estan adre\u00e7ades a persones, des dels 3 anys, que vulguin aprendre una llengua, independentment del seu nivell de coneixement actual de la llengua triada.<\/p>\n\n\n\n<p>La Regidora d\u2019Ensenyament, Leo Uceda, ha explicat que \u201cvolem fomentar l\u2019aprenentatge d\u2019idiomes en totes les edats a preus competitius per evitar que els interessats en aprendre idiomes marxin del municipi per fer-ho\u201d.<\/p>\n\n\n\n<p>El curs comen\u00e7ar\u00e0 l\u20191 d\u2019octubre i les inscripcions ja estan obertes al web de l\u2019empresa que gestiona l\u2019escola <a href=\"http:\/\/www.puntdepartida.cat\">www.puntdepartida.cat<\/a>, al correu electr\u00f2nic <a href=\"mailto:reserves@puntdepartida.cat\">reserves@puntdepartida.cat<\/a> o b\u00e9 al tel\u00e8fon 877 01 39 35. El preu mensual per fer dues classes setmanals \u00e9s de 38\u20ac i els alumnes que comencin el curs a l\u2019octubre podran gaudir d\u2019una mensualitat del curs totalment gratu\u00efta. La formaci\u00f3 s\u2019adre\u00e7a a persones de totes les edats (a partir dels 3 anys) i nivells. A m\u00e9s, els alumnes que ho desitgin poden optar als certificats reconeguts pel Marc Com\u00fa Europeu (A1, A2, B1, B2 i C1) examinant-se a La Bisbal del Pened\u00e8s.<\/p>\n\n\n\n<p>La contractaci\u00f3 del professorat i la gesti\u00f3 de les classes va a c\u00e0rrec de Punt de Partida i cada grup comen\u00e7ar\u00e0 a partir de 5 alumnes, que faran dues classes per setmana. Els grups es formaran tenint en compte els horaris triats i els coneixements de cada alumne, que Punt de Partida avaluar\u00e0 amb la corresponent prova de nivell abans de comen\u00e7ar el curs.<\/p>\n\n\n\n<hr class=\"wp-block-separator\"\/>\n\n\n\n<p>El Ayuntamiento de la Bisbal del Pened\u00e8s sigue apostando, a trav\u00e9s de la Concejal\u00eda de Educaci\u00f3n, por ofrecer formaci\u00f3n centrada en el aprendizaje de las lenguas inglesa, francesa y alemana en el municipio. Las clases empezar\u00e1n el pr\u00f3ximo 1 de octubre y est\u00e1n dirigidas a personas, desde los 3 a\u00f1os, que quieran aprender una lengua, independientemente de su nivel de conocimiento actual de la lengua elegida.<\/p>\n\n\n\n<p>La Concejala de Educaci\u00f3n, Leo Uceda, ha explicado que \u201cqueremos fomentar el aprendizaje de idiomas en todas las edades a precios competitivos para evitar que los interesados en aprender idiomas se vayan del municipio para hacerlo\u201d.<\/p>\n\n\n\n<p>El curso empezar\u00e1 el 1 de octubre y las inscripciones est\u00e1n abiertas en la web de la empresa que gestiona la escuela <a href=\"http:\/\/www.puntdepartida.cat\">www.puntdepartida.cat<\/a>, en el correo electr\u00f3nico <a href=\"mailto:reserves@puntdepartida.cat\">reserves@puntdepartida.cat<\/a> o bien en el tel\u00e9fono 877 01 39 35. El precio mensual para hacer dos clases semanales es de 38 euros y los alumnos que empiecen el curso en octubre podr\u00e1n disfrutar de una mensualidad del curso totalmente gratuita. La formaci\u00f3n est\u00e1 dirigida a personas de todas las edades (a partir de los 3 a\u00f1os) y niveles. Adem\u00e1s, los alumnos que lo deseen pueden optar a los certificados reconocidos en el Marco Com\u00fan Europeo (A1, A2, B1, B2 y C1) examin\u00e1ndose en La Bisbal el Pened\u00e8s.<\/p>\n\n\n\n<p>La contrataci\u00f3n del profesorado y la gesti\u00f3n de las clases va a cargo de Punt de Partida y cada grupo empezar\u00e1 a partir de 5 alumnos, que har\u00e1n dos clases por semana. Los grupos se formar\u00e1n teniendo en cuenta los horarios escogidos y los conocimientos de cada alumno, que Punt de Partida evaluar\u00e1 con la correspondiente prueba de nivel antes de empezar el curso.<\/p>\n","protected":false},"excerpt":{"rendered":"<p>L\u2019Ajuntament de la Bisbal del Pened\u00e8s segueix apostant, a trav\u00e9s de la Regidoria d\u2019Ensenyament per oferir formaci\u00f3 centrada en l\u2019aprenentatge les lleng\u00fces anglesa, francesa i alemanya al municipi. Les classes &hellip; <a href=\"https:\/\/bisbalpenedes.com\/web\/2021\/09\/15\/lajuntament-de-la-bisbal-del-penedes-continua-apostant-per-lescola-didiomes-municipal\/\" class=\"more-link\">Read More<\/a><\/p>\n","protected":false},"author":4,"featured_media":19166,"comment_status":"closed","ping_status":"closed","sticky":false,"template":"","format":"standard","meta":[],"categories":[16,8],"tags":[835,834,1596,4776,836,393,1399],"_links":{"self":[{"href":"https:\/\/bisbalpenedes.com\/web\/wp-json\/wp\/v2\/posts\/19162"}],"collection":[{"href":"https:\/\/bisbalpenedes.com\/web\/wp-json\/wp\/v2\/posts"}],"about":[{"href":"https:\/\/bisbalpenedes.com\/web\/wp-json\/wp\/v2\/types\/post"}],"author":[{"embeddable":true,"href":"https:\/\/bisbalpenedes.com\/web\/wp-json\/wp\/v2\/users\/4"}],"replies":[{"embeddable":true,"href":"https:\/\/bisbalpenedes.com\/web\/wp-json\/wp\/v2\/comments?post=19162"}],"version-history":[{"count":2,"href":"https:\/\/bisbalpenedes.com\/web\/wp-json\/wp\/v2\/posts\/19162\/revisions"}],"predecessor-version":[{"id":19168,"href":"https:\/\/bisbalpenedes.com\/web\/wp-json\/wp\/v2\/posts\/19162\/revisions\/19168"}],"wp:featuredmedia":[{"embeddable":true,"href":"https:\/\/bisbalpenedes.com\/web\/wp-json\/wp\/v2\/media\/19166"}],"wp:attachment":[{"href":"https:\/\/bisbalpenedes.com\/web\/wp-json\/wp\/v2\/media?parent=19162"}],"wp:term":[{"taxonomy":"category","embeddable":true,"href":"https:\/\/bisbalpenedes.com\/web\/wp-json\/wp\/v2\/categories?post=19162"},{"taxonomy":"post_tag","embeddable":true,"href":"https:\/\/bisbalpenedes.com\/web\/wp-json\/wp\/v2\/tags?post=19162"}],"curies":[{"name":"wp","href":"https:\/\/api.w.org\/{rel}","templated":true}]}}