{"id":19158,"date":"2021-09-15T14:39:34","date_gmt":"2021-09-15T12:39:34","guid":{"rendered":"https:\/\/bisbalpenedes.com\/web\/?p=19158"},"modified":"2021-09-15T14:39:34","modified_gmt":"2021-09-15T12:39:34","slug":"la-guia-de-les-principals-rutes-de-senderisme-des-de-larea-recreativa-del-montmell-ja-esta-disponible-a-la-biblioteca-publica-i-a-lajuntament","status":"publish","type":"post","link":"https:\/\/bisbalpenedes.com\/web\/2021\/09\/15\/la-guia-de-les-principals-rutes-de-senderisme-des-de-larea-recreativa-del-montmell-ja-esta-disponible-a-la-biblioteca-publica-i-a-lajuntament\/","title":{"rendered":"La guia de les principals rutes de senderisme des de l\u2019\u00c0rea Recreativa del Montmell ja est\u00e0 disponible a la Biblioteca p\u00fablica i a l\u2019Ajuntament"},"content":{"rendered":"\n<p>Aquest dimecres 15 de setembre l\u2019alcaldessa de la Bisbal del Pened\u00e8s, Agn\u00e8s Ferr\u00e9; la primera tinenta d\u2019alcaldia, Judith Vidal; i la segona tinenta d\u2019alcaldia i regidora de Medi Ambient i Territori, Leo Uceda; s\u2019han reunit amb l\u2019alcalde del Montmell, Jos\u00e9 Maria Rold\u00e1n; i la regidora N\u00faria Sorribes. Durant la reuni\u00f3, els representants de l\u2019Ajuntament del Montmell han fet entrega de diversos exemplars de la guia de les principals rutes de senderisme des de l\u2019\u00c0rea Recreativa del Montmell a l\u2019ajuntament bisbalenc i, per aprofitar la trobada, els representants del govern d\u2019ambd\u00f3s municipis han conversat sobre diversos temes que afecten les dues localitats ve\u00efnes, com ara el transport comarcal o les urbanitzacions que no estan recepcionades.<\/p>\n\n\n\n<p>L\u2019\u00c0rea Recreativa del Montmell est\u00e0 ubicada al municipi del Montmell, per\u00f2 t\u00e9 com a copropietaris diversos ajuntaments de la comarca. El Ple del Consell Comarcal del desembre de 2014 va aprovar el conveni entre el Consell Comarcal del Baix Pened\u00e8s i els Ajuntaments d\u2019Albinyana, l\u2019Arbo\u00e7, Banyeres del Pened\u00e8s, Bellvei, La Bisbal del Pened\u00e8s, Calafell, Cunit, Lloren\u00e7 del Pened\u00e8s, El Montmell, Sant Jaume dels Domenys, Santa Oliva i El Vendrell per a la gesti\u00f3 del manteniment de l\u2019\u00c0rea Recreativa Forestal del Montmell.<\/p>\n\n\n\n<p>Si us interessa la guia de les principals rutes de senderisme des de l\u2019\u00c0rea Recreativa del Montmell, la podeu passar a recollir per la Biblioteca p\u00fablica de la Bisbal del Pened\u00e8s o per l\u2019Ajuntament.<\/p>\n\n\n\n<hr class=\"wp-block-separator\"\/>\n\n\n\n<figure class=\"wp-block-image size-large\"><img loading=\"lazy\" width=\"1024\" height=\"768\" src=\"https:\/\/bisbalpenedes.com\/web\/wp-content\/uploads\/2021\/09\/GUIA-MONTMELL-1024x768.jpeg\" alt=\"\" class=\"wp-image-19160\" srcset=\"https:\/\/bisbalpenedes.com\/web\/wp-content\/uploads\/2021\/09\/GUIA-MONTMELL-1024x768.jpeg 1024w, https:\/\/bisbalpenedes.com\/web\/wp-content\/uploads\/2021\/09\/GUIA-MONTMELL-600x450.jpeg 600w, https:\/\/bisbalpenedes.com\/web\/wp-content\/uploads\/2021\/09\/GUIA-MONTMELL-300x225.jpeg 300w, https:\/\/bisbalpenedes.com\/web\/wp-content\/uploads\/2021\/09\/GUIA-MONTMELL-768x576.jpeg 768w, https:\/\/bisbalpenedes.com\/web\/wp-content\/uploads\/2021\/09\/GUIA-MONTMELL-1536x1152.jpeg 1536w, https:\/\/bisbalpenedes.com\/web\/wp-content\/uploads\/2021\/09\/GUIA-MONTMELL.jpeg 2048w\" sizes=\"(max-width: 1024px) 100vw, 1024px\" \/><\/figure>\n\n\n\n<p>Este mi\u00e9rcoles 15 de septiembre la alcaldesa de la Bisbal del Pened\u00e8s, Agn\u00e8s Ferr\u00e9; la primera teniente de alcald\u00eda, Judith Vidal; y la segunda teniente de alcald\u00eda y concejala de Medio Ambiente y Territorio, Leo Uceda; se han reunido con el alcalde del Montmell, Jos\u00e9 Maria Rold\u00e1n; y la concejala N\u00faria Sorribes. Durante la reuni\u00f3n, los representantes del Ayuntamiento del Montmell han hecho entrega de varios ejemplares de la gu\u00eda de las principales rutas de senderismo desde el \u00c1rea Recreativa del Montmell al ayuntamiento bisbalense y, para aprovechar el encuentro, los representantes del gobierno de ambos municipios han conversado sobre varios temas que afectan a las dos localidades vecinas, como son el transporte comarcal o las urbanizaciones que no est\u00e1n recepcionadas.<\/p>\n\n\n\n<p>El \u00c1rea Recreativa del Montmell est\u00e1 ubicada en el municipio del Montmell, pero tiene como copropietarios a varios ayuntamientos de la comarca. El Pleno del Consell Comarcal de diciembre de 2014 aprob\u00f3 el convenio entre el Consell Comarcal del Baix Pened\u00e8s y los Ayuntamientos de Albinyana, l\u2019Arbo\u00e7, Banyeres del Pened\u00e8s, Bellvei, La Bisbal del Pened\u00e8s, Calafell, Cunit, Lloren\u00e7 del Pened\u00e8s, El Montmell, Sant Jaume dels Domenys, Santa Oliva y El Vendrell para la gesti\u00f3n del mantenimiento del \u00c1rea Recreativa Forestal del Montmell.<\/p>\n\n\n\n<p>Si os interesa la gu\u00eda de las principales rutas de senderismo desde el \u00c1rea Recreativa del Montmell, la pod\u00e9is pasar a recoger por la Biblioteca p\u00fablica de la Bisbal del Pened\u00e8s o por el Ayuntamiento.<\/p>\n","protected":false},"excerpt":{"rendered":"<p>Aquest dimecres 15 de setembre l\u2019alcaldessa de la Bisbal del Pened\u00e8s, Agn\u00e8s Ferr\u00e9; la primera tinenta d\u2019alcaldia, Judith Vidal; i la segona tinenta d\u2019alcaldia i regidora de Medi Ambient i &hellip; <a href=\"https:\/\/bisbalpenedes.com\/web\/2021\/09\/15\/la-guia-de-les-principals-rutes-de-senderisme-des-de-larea-recreativa-del-montmell-ja-esta-disponible-a-la-biblioteca-publica-i-a-lajuntament\/\" class=\"more-link\">Read More<\/a><\/p>\n","protected":false},"author":4,"featured_media":19159,"comment_status":"closed","ping_status":"closed","sticky":false,"template":"","format":"standard","meta":[],"categories":[32,8],"tags":[216,4469,180,1841,3685,393],"_links":{"self":[{"href":"https:\/\/bisbalpenedes.com\/web\/wp-json\/wp\/v2\/posts\/19158"}],"collection":[{"href":"https:\/\/bisbalpenedes.com\/web\/wp-json\/wp\/v2\/posts"}],"about":[{"href":"https:\/\/bisbalpenedes.com\/web\/wp-json\/wp\/v2\/types\/post"}],"author":[{"embeddable":true,"href":"https:\/\/bisbalpenedes.com\/web\/wp-json\/wp\/v2\/users\/4"}],"replies":[{"embeddable":true,"href":"https:\/\/bisbalpenedes.com\/web\/wp-json\/wp\/v2\/comments?post=19158"}],"version-history":[{"count":1,"href":"https:\/\/bisbalpenedes.com\/web\/wp-json\/wp\/v2\/posts\/19158\/revisions"}],"predecessor-version":[{"id":19161,"href":"https:\/\/bisbalpenedes.com\/web\/wp-json\/wp\/v2\/posts\/19158\/revisions\/19161"}],"wp:featuredmedia":[{"embeddable":true,"href":"https:\/\/bisbalpenedes.com\/web\/wp-json\/wp\/v2\/media\/19159"}],"wp:attachment":[{"href":"https:\/\/bisbalpenedes.com\/web\/wp-json\/wp\/v2\/media?parent=19158"}],"wp:term":[{"taxonomy":"category","embeddable":true,"href":"https:\/\/bisbalpenedes.com\/web\/wp-json\/wp\/v2\/categories?post=19158"},{"taxonomy":"post_tag","embeddable":true,"href":"https:\/\/bisbalpenedes.com\/web\/wp-json\/wp\/v2\/tags?post=19158"}],"curies":[{"name":"wp","href":"https:\/\/api.w.org\/{rel}","templated":true}]}}