{"id":19154,"date":"2021-09-15T12:46:14","date_gmt":"2021-09-15T10:46:14","guid":{"rendered":"https:\/\/bisbalpenedes.com\/web\/?p=19154"},"modified":"2021-09-15T15:03:00","modified_gmt":"2021-09-15T13:03:00","slug":"el-bisbalenc-jordi-ferran-fa-una-seccio-dedicada-a-la-historia-de-la-comarca-i-de-la-bisbal-del-penedes-a-domenys-radio","status":"publish","type":"post","link":"https:\/\/bisbalpenedes.com\/web\/2021\/09\/15\/el-bisbalenc-jordi-ferran-fa-una-seccio-dedicada-a-la-historia-de-la-comarca-i-de-la-bisbal-del-penedes-a-domenys-radio\/","title":{"rendered":"El bisbalenc Jordi Ferran fa una secci\u00f3 dedicada a la hist\u00f2ria de la comarca i de la Bisbal del Pened\u00e8s a Domenys R\u00e0dio"},"content":{"rendered":"\n<p>Una temporada m\u00e9s, el Jordi Ferran, t\u00e8cnic de la Biblioteca p\u00fablica de la Bisbal del Pened\u00e8s i de l\u2019arxiu i historiador de professi\u00f3, ofereix una secci\u00f3 d\u2019hist\u00f2ria local, a Domenys Radio FM, en qu\u00e8 parla de diversos episodis hist\u00f2rics de la Bisbal i la comarca.&nbsp;<\/p>\n\n\n\n<p>Enguany, a banda del seu espai d&#8217;uns 30 minuts al magaz\u00edn &#8220;Domenys al Punt&#8221; amb Laia Batlle, el programa Pened\u00e8s en Xarxa -que s&#8217;emet en diverses emissores del Pened\u00e8s- ofereix una versi\u00f3 redu\u00efda de la secci\u00f3.&nbsp;<\/p>\n\n\n\n<p>Us enllacem l&#8217;espai d&#8217;aquest mes, dedicat a la hist\u00f2ria de la Diada Nacional de Catalunya al Baix Pened\u00e8s.<\/p>\n\n\n\n<p>Secci\u00f3 \u00edntegra (a partir del minut 57):&nbsp;<a href=\"https:\/\/www.ivoox.com\/domenys-al-punt-10-09-21-audios-mp3_rf_75271159_1.html\" target=\"_blank\" rel=\"noreferrer noopener\">https:\/\/www.ivoox.com\/domenys-al-punt-10-09-21-audios-mp3_rf_75271159_1.html<\/a><\/p>\n\n\n\n<p>Secci\u00f3 breu (a partir del minut 9, aproximadament):&nbsp;<a rel=\"noreferrer noopener\" href=\"https:\/\/www.rtvvilafranca.cat\/programa\/penedes-en-xarxa\/f\/187594-20210914a\/\" target=\"_blank\">https:\/\/www.rtvvilafranca.cat\/programa\/penedes-en-xarxa\/f\/187594-20210914a\/<\/a><\/p>\n\n\n\n<hr class=\"wp-block-separator\"\/>\n\n\n\n<p>Una temporada m\u00e1s, Jordi Ferran, t\u00e9cnico de la Biblioteca p\u00fablica de la Bisbal del Pened\u00e8s y del archivo e historiador de profesi\u00f3n, ofrece una secci\u00f3n de historia local, en Domenys Radio FM, en la que habla de varios episodios hist\u00f3ricos de la Bisbal y la comarca.&nbsp;<\/p>\n\n\n\n<p>Este a\u00f1o, adem\u00e1s de su espacio de unos 30 minutos&nbsp;&nbsp;en el magac\u00edn &#8220;Domenys al Punt&#8221; con Laia Batlle, el programa Pened\u00e8s en Xarxa -que se emite en varias emisoras del Pened\u00e8s- ofrece una versi\u00f3n reducida de la secci\u00f3n.<\/p>\n\n\n\n<p>Os enlazamos el espacio de este mes, dedicado a la historia de la Diada Nacional de Catalunya en el Baix Pened\u00e8s.<\/p>\n\n\n\n<p>Secci\u00f3n \u00edntegra: (a partir del minuto 57):&nbsp;<a href=\"https:\/\/www.ivoox.com\/domenys-al-punt-10-09-21-audios-mp3_rf_75271159_1.html\" target=\"_blank\" rel=\"noreferrer noopener\">https:\/\/www.ivoox.com\/domenys-al-punt-10-09-21-audios-mp3_rf_75271159_1.html<\/a><\/p>\n\n\n\n<p>Secci\u00f3n breve (a partir del minuto 9, aproximadamente):&nbsp;<a href=\"https:\/\/www.rtvvilafranca.cat\/programa\/penedes-en-xarxa\/f\/187594-20210914a\/\" target=\"_blank\" rel=\"noreferrer noopener\">https:\/\/www.rtvvilafranca.cat\/programa\/penedes-en-xarxa\/f\/187594-20210914a\/<\/a><\/p>\n","protected":false},"excerpt":{"rendered":"<p>Una temporada m\u00e9s, el Jordi Ferran, t\u00e8cnic de la Biblioteca p\u00fablica de la Bisbal del Pened\u00e8s i de l\u2019arxiu i historiador de professi\u00f3, ofereix una secci\u00f3 d\u2019hist\u00f2ria local, a Domenys &hellip; <a href=\"https:\/\/bisbalpenedes.com\/web\/2021\/09\/15\/el-bisbalenc-jordi-ferran-fa-una-seccio-dedicada-a-la-historia-de-la-comarca-i-de-la-bisbal-del-penedes-a-domenys-radio\/\" class=\"more-link\">Read More<\/a><\/p>\n","protected":false},"author":4,"featured_media":19155,"comment_status":"closed","ping_status":"closed","sticky":false,"template":"","format":"standard","meta":[],"categories":[2370,8],"tags":[319,4344,852,1548,1549,393,4345,2470],"_links":{"self":[{"href":"https:\/\/bisbalpenedes.com\/web\/wp-json\/wp\/v2\/posts\/19154"}],"collection":[{"href":"https:\/\/bisbalpenedes.com\/web\/wp-json\/wp\/v2\/posts"}],"about":[{"href":"https:\/\/bisbalpenedes.com\/web\/wp-json\/wp\/v2\/types\/post"}],"author":[{"embeddable":true,"href":"https:\/\/bisbalpenedes.com\/web\/wp-json\/wp\/v2\/users\/4"}],"replies":[{"embeddable":true,"href":"https:\/\/bisbalpenedes.com\/web\/wp-json\/wp\/v2\/comments?post=19154"}],"version-history":[{"count":2,"href":"https:\/\/bisbalpenedes.com\/web\/wp-json\/wp\/v2\/posts\/19154\/revisions"}],"predecessor-version":[{"id":19163,"href":"https:\/\/bisbalpenedes.com\/web\/wp-json\/wp\/v2\/posts\/19154\/revisions\/19163"}],"wp:featuredmedia":[{"embeddable":true,"href":"https:\/\/bisbalpenedes.com\/web\/wp-json\/wp\/v2\/media\/19155"}],"wp:attachment":[{"href":"https:\/\/bisbalpenedes.com\/web\/wp-json\/wp\/v2\/media?parent=19154"}],"wp:term":[{"taxonomy":"category","embeddable":true,"href":"https:\/\/bisbalpenedes.com\/web\/wp-json\/wp\/v2\/categories?post=19154"},{"taxonomy":"post_tag","embeddable":true,"href":"https:\/\/bisbalpenedes.com\/web\/wp-json\/wp\/v2\/tags?post=19154"}],"curies":[{"name":"wp","href":"https:\/\/api.w.org\/{rel}","templated":true}]}}