{"id":19151,"date":"2021-09-15T12:00:49","date_gmt":"2021-09-15T10:00:49","guid":{"rendered":"https:\/\/bisbalpenedes.com\/web\/?p=19151"},"modified":"2021-09-15T12:00:49","modified_gmt":"2021-09-15T10:00:49","slug":"nova-formacio-de-gestio-administrativa-del-transport-adrecada-a-joves-de-18-a-29-anys","status":"publish","type":"post","link":"https:\/\/bisbalpenedes.com\/web\/2021\/09\/15\/nova-formacio-de-gestio-administrativa-del-transport-adrecada-a-joves-de-18-a-29-anys\/","title":{"rendered":"Nova formaci\u00f3 de gesti\u00f3 administrativa del transport adre\u00e7ada a joves de 18 a 29 anys"},"content":{"rendered":"\n<p>Si teniu entre 18 i 29 anys i voleu formar-vos en gesti\u00f3 administrativa del transport per treballar de:<\/p>\n\n\n\n<ul><li>Suport al cap de tr\u00e0nsit en empreses i\/o activitats de transport<\/li><li>Auxiliar de planificaci\u00f3 de transport<\/li><li>Auxiliar de log\u00edstica de transport<\/li><\/ul>\n\n\n\n<p>Apunteu-vos al curs gratu\u00eft que oferirem amb la Cambra de Comer\u00e7 de Tarragona, en el marc del programa PICE, entre els mesos d&#8217;octubre i desembre.<\/p>\n\n\n\n<p>Informaci\u00f3 i inscripcions al SOM BISBAL: Tel\u00e8fon 977688438 (extensi\u00f3 5) i c\/e&nbsp;<a href=\"mailto:ocupacio@bisbalpenedes.com\">ocupacio@bisbalpenedes.com<\/a><\/p>\n\n\n\n<hr class=\"wp-block-separator\"\/>\n\n\n\n<p>Si ten\u00e9is entre 18 y 29 a\u00f1os y quer\u00e9is formaros en gesti\u00f3n administrativa del transporte para trabajar de:<\/p>\n\n\n\n<ul><li>Apoyo al jefe de tr\u00e1fico en empresas y\/o actividades de transporte<\/li><li>Auxiliar de planificaci\u00f3n de transporte<\/li><li>Auxiliar de log\u00edstica de transporte<\/li><\/ul>\n\n\n\n<p>Apuntaos al curso gratuito que ofreceremos con la C\u00e1mara de Comercio de Tarragona, en el marco del programa PICE, entre los meses de octubre y diciembre.<\/p>\n\n\n\n<p>Informaci\u00f3n e inscripciones en el SOM Bisbal: Tel\u00e9fono 977688438 (extensi\u00f3n 5) y c\/e&nbsp;<a href=\"mailto:%20ocupacio@bisbalpendes.com\" target=\"_blank\" rel=\"noreferrer noopener\">ocupacio@bisbalpendes.com<\/a><\/p>\n","protected":false},"excerpt":{"rendered":"<p>Si teniu entre 18 i 29 anys i voleu formar-vos en gesti\u00f3 administrativa del transport per treballar de: Suport al cap de tr\u00e0nsit en empreses i\/o activitats de transport Auxiliar &hellip; <a href=\"https:\/\/bisbalpenedes.com\/web\/2021\/09\/15\/nova-formacio-de-gestio-administrativa-del-transport-adrecada-a-joves-de-18-a-29-anys\/\" class=\"more-link\">Read More<\/a><\/p>\n","protected":false},"author":4,"featured_media":19152,"comment_status":"closed","ping_status":"closed","sticky":false,"template":"","format":"standard","meta":[],"categories":[8,9],"tags":[4081,4127,62,326,4775,505,393,271],"_links":{"self":[{"href":"https:\/\/bisbalpenedes.com\/web\/wp-json\/wp\/v2\/posts\/19151"}],"collection":[{"href":"https:\/\/bisbalpenedes.com\/web\/wp-json\/wp\/v2\/posts"}],"about":[{"href":"https:\/\/bisbalpenedes.com\/web\/wp-json\/wp\/v2\/types\/post"}],"author":[{"embeddable":true,"href":"https:\/\/bisbalpenedes.com\/web\/wp-json\/wp\/v2\/users\/4"}],"replies":[{"embeddable":true,"href":"https:\/\/bisbalpenedes.com\/web\/wp-json\/wp\/v2\/comments?post=19151"}],"version-history":[{"count":1,"href":"https:\/\/bisbalpenedes.com\/web\/wp-json\/wp\/v2\/posts\/19151\/revisions"}],"predecessor-version":[{"id":19153,"href":"https:\/\/bisbalpenedes.com\/web\/wp-json\/wp\/v2\/posts\/19151\/revisions\/19153"}],"wp:featuredmedia":[{"embeddable":true,"href":"https:\/\/bisbalpenedes.com\/web\/wp-json\/wp\/v2\/media\/19152"}],"wp:attachment":[{"href":"https:\/\/bisbalpenedes.com\/web\/wp-json\/wp\/v2\/media?parent=19151"}],"wp:term":[{"taxonomy":"category","embeddable":true,"href":"https:\/\/bisbalpenedes.com\/web\/wp-json\/wp\/v2\/categories?post=19151"},{"taxonomy":"post_tag","embeddable":true,"href":"https:\/\/bisbalpenedes.com\/web\/wp-json\/wp\/v2\/tags?post=19151"}],"curies":[{"name":"wp","href":"https:\/\/api.w.org\/{rel}","templated":true}]}}