{"id":19147,"date":"2021-09-14T16:45:45","date_gmt":"2021-09-14T14:45:45","guid":{"rendered":"https:\/\/bisbalpenedes.com\/web\/?p=19147"},"modified":"2021-09-14T16:45:45","modified_gmt":"2021-09-14T14:45:45","slug":"avis-per-pluja-per-dimarts-14-a-la-tarda-nit-i-la-matinada-de-dimecres-15-de-setembre","status":"publish","type":"post","link":"https:\/\/bisbalpenedes.com\/web\/2021\/09\/14\/avis-per-pluja-per-dimarts-14-a-la-tarda-nit-i-la-matinada-de-dimecres-15-de-setembre\/","title":{"rendered":"Av\u00eds per pluja per dimarts 14 a la tarda-nit i la matinada de dimecres 15 de setembre"},"content":{"rendered":"\n<p>El Servei Meteorol\u00f2gic de Catalunya ha publicat un av\u00eds per intensitat de pluja per aquesta tarda i la propera matinada. Els x\u00e0fecs sovint aniran acompanyats de tempesta. Extremeu les precaucions&nbsp;<\/p>\n\n\n\n<hr class=\"wp-block-separator\"\/>\n\n\n\n<p>El Servicio Meteorol\u00f3gico de Catalunya ha publicado un aviso por intensidad de lluvia para esta tarde y la pr\u00f3xima madrugada. Los chubascos a menudo ir\u00e1n acompa\u00f1ados de tormenta. Extremad las precauciones.<\/p>\n\n\n\n<figure class=\"wp-block-image size-large\"><img loading=\"lazy\" width=\"768\" height=\"1024\" src=\"https:\/\/bisbalpenedes.com\/web\/wp-content\/uploads\/2021\/09\/AVIS-PLUJA-DIMECRES-15-SETEMBRE-2021-768x1024.jpg\" alt=\"\" class=\"wp-image-19149\" srcset=\"https:\/\/bisbalpenedes.com\/web\/wp-content\/uploads\/2021\/09\/AVIS-PLUJA-DIMECRES-15-SETEMBRE-2021-768x1024.jpg 768w, https:\/\/bisbalpenedes.com\/web\/wp-content\/uploads\/2021\/09\/AVIS-PLUJA-DIMECRES-15-SETEMBRE-2021-scaled-600x800.jpg 600w, https:\/\/bisbalpenedes.com\/web\/wp-content\/uploads\/2021\/09\/AVIS-PLUJA-DIMECRES-15-SETEMBRE-2021-225x300.jpg 225w, https:\/\/bisbalpenedes.com\/web\/wp-content\/uploads\/2021\/09\/AVIS-PLUJA-DIMECRES-15-SETEMBRE-2021-1152x1536.jpg 1152w, https:\/\/bisbalpenedes.com\/web\/wp-content\/uploads\/2021\/09\/AVIS-PLUJA-DIMECRES-15-SETEMBRE-2021-1536x2048.jpg 1536w, https:\/\/bisbalpenedes.com\/web\/wp-content\/uploads\/2021\/09\/AVIS-PLUJA-DIMECRES-15-SETEMBRE-2021-scaled.jpg 1920w\" sizes=\"(max-width: 768px) 100vw, 768px\" \/><\/figure>\n","protected":false},"excerpt":{"rendered":"<p>El Servei Meteorol\u00f2gic de Catalunya ha publicat un av\u00eds per intensitat de pluja per aquesta tarda i la propera matinada. Els x\u00e0fecs sovint aniran acompanyats de tempesta. Extremeu les precaucions&nbsp; &hellip; <a href=\"https:\/\/bisbalpenedes.com\/web\/2021\/09\/14\/avis-per-pluja-per-dimarts-14-a-la-tarda-nit-i-la-matinada-de-dimecres-15-de-setembre\/\" class=\"more-link\">Read More<\/a><\/p>\n","protected":false},"author":4,"featured_media":19148,"comment_status":"closed","ping_status":"closed","sticky":false,"template":"","format":"standard","meta":[],"categories":[1628,2543,8],"tags":[1188,2474,2920],"_links":{"self":[{"href":"https:\/\/bisbalpenedes.com\/web\/wp-json\/wp\/v2\/posts\/19147"}],"collection":[{"href":"https:\/\/bisbalpenedes.com\/web\/wp-json\/wp\/v2\/posts"}],"about":[{"href":"https:\/\/bisbalpenedes.com\/web\/wp-json\/wp\/v2\/types\/post"}],"author":[{"embeddable":true,"href":"https:\/\/bisbalpenedes.com\/web\/wp-json\/wp\/v2\/users\/4"}],"replies":[{"embeddable":true,"href":"https:\/\/bisbalpenedes.com\/web\/wp-json\/wp\/v2\/comments?post=19147"}],"version-history":[{"count":1,"href":"https:\/\/bisbalpenedes.com\/web\/wp-json\/wp\/v2\/posts\/19147\/revisions"}],"predecessor-version":[{"id":19150,"href":"https:\/\/bisbalpenedes.com\/web\/wp-json\/wp\/v2\/posts\/19147\/revisions\/19150"}],"wp:featuredmedia":[{"embeddable":true,"href":"https:\/\/bisbalpenedes.com\/web\/wp-json\/wp\/v2\/media\/19148"}],"wp:attachment":[{"href":"https:\/\/bisbalpenedes.com\/web\/wp-json\/wp\/v2\/media?parent=19147"}],"wp:term":[{"taxonomy":"category","embeddable":true,"href":"https:\/\/bisbalpenedes.com\/web\/wp-json\/wp\/v2\/categories?post=19147"},{"taxonomy":"post_tag","embeddable":true,"href":"https:\/\/bisbalpenedes.com\/web\/wp-json\/wp\/v2\/tags?post=19147"}],"curies":[{"name":"wp","href":"https:\/\/api.w.org\/{rel}","templated":true}]}}