{"id":19143,"date":"2021-09-14T15:53:35","date_gmt":"2021-09-14T13:53:35","guid":{"rendered":"https:\/\/bisbalpenedes.com\/web\/?p=19143"},"modified":"2021-09-14T15:53:35","modified_gmt":"2021-09-14T13:53:35","slug":"la-junta-de-govern-del-13-de-setembre-de-2021-incloia-i-va-aprovar-un-punt-amb-competencies-delegades-del-ple","status":"publish","type":"post","link":"https:\/\/bisbalpenedes.com\/web\/2021\/09\/14\/la-junta-de-govern-del-13-de-setembre-de-2021-incloia-i-va-aprovar-un-punt-amb-competencies-delegades-del-ple\/","title":{"rendered":"La Junta de Govern del 13 de setembre de 2021 inclo\u00efa \u2013i va aprovar- un punt amb Compet\u00e8ncies delegades del Ple"},"content":{"rendered":"\n<p>La Junta de Govern del 13 de setembre de 2021 inclo\u00efa \u2013i va aprovar- aquest punt amb Compet\u00e8ncies delegades del Ple:<\/p>\n\n\n\n<p>\u201cLa retirada del primer classificat i la petici\u00f3 de documentaci\u00f3 al segon classificat de les obres de la primera fase del poliesportiu municipal\u201d.Segons ha explicat l\u2019alcaldessa de la Bisbal del Pened\u00e8s, Agn\u00e8s Ferr\u00e9, \u201cl\u2019empresa adjudicat\u00e0ria de les obres de la primera fase del poliesportiu municipal no ha signat el contracte, i s\u2019ent\u00e9n que retira la seva oferta per l\u2019execuci\u00f3 de les obres. Per tant, es requereix a la segona empresa classificada en la licitaci\u00f3 de les obres perqu\u00e8 presenti la justificaci\u00f3 requerida\u201d.<\/p>\n\n\n\n<p>Aquesta proposta era compet\u00e8ncia del Ple, per\u00f2 est\u00e0 delegada a favor de la Junta de Govern local mitjan\u00e7ant l\u2019acord plenari del 4 de juliol de 2019. Les sessions de la Junta de Govern Local no s\u00f3n p\u00fabliques, per\u00f2 quan s\u2019actua amb compet\u00e8ncies delegades del Ple, la sessi\u00f3 se sotmet als mateixos requisits de publicitat que les sessions del Ple, que s\u00ed que s\u00f3n p\u00fabliques. Aix\u00ed ho va declarar la STS 161\/2013, de 26 de setembre. Tenint en compte les mesures preses per evitar la propagaci\u00f3 de la COVID-19, aquest punt de l\u2019ordre del dia de la Junta de Govern Local no s\u2019ha votat amb p\u00fablic, sin\u00f3 que s\u2019ha gravat en v\u00eddeo i ara el publiquem per poder garantir aix\u00ed la seva publicitat. Per tot plegat, els regidors i regidores de l\u2019oposici\u00f3 \u2013que no formen part de la Junta de Govern local- van rebre la informaci\u00f3 sobre la proposta a la seva b\u00fastia de correu electr\u00f2nic.<\/p>\n\n\n\n<figure class=\"wp-block-embed is-type-video is-provider-youtube wp-block-embed-youtube wp-embed-aspect-16-9 wp-has-aspect-ratio\"><div class=\"wp-block-embed__wrapper\">\n<iframe loading=\"lazy\" title=\"Punt de l\u2019Ordre del dia de la Junta de Govern local del 13\/09\/21 amb compet\u00e8ncies delegades del Ple\" width=\"1170\" height=\"658\" src=\"https:\/\/www.youtube.com\/embed\/ZIf3rP7C58M?feature=oembed\" frameborder=\"0\" allow=\"accelerometer; autoplay; clipboard-write; encrypted-media; gyroscope; picture-in-picture\" allowfullscreen><\/iframe>\n<\/div><\/figure>\n\n\n\n<p>La Junta de Gobierno del 13 de septiembre de 2021 inclu\u00eda -y aprob\u00f3- este punto con Competencias delegadas del Pleno:&#8221;La retirada del primer clasificado y la petici\u00f3n de documentaci\u00f3n al segundo clasificado de las obras de la primera fase del polideportivo municipal&#8221;.Seg\u00fan ha explicado la alcaldesa de la Bisbal del Pened\u00e8s, Agn\u00e8s Ferr\u00e9, &#8220;la empresa adjudicataria de las obras de la primera fase del polideportivo municipal no ha firmado el contrato, y se entiende que retira su oferta para la ejecuci\u00f3n de las obras. Por lo tanto, se requiere a la segunda empresa clasificada en la licitaci\u00f3n de las obras para que presente la justificaci\u00f3n requerida&#8221;.Esta propuesta era competencia del Pleno, pero est\u00e1 delegada a favor de la Junta de Gobierno Local no son p\u00fablicas, pero cuando se act\u00faa con competencias delegadas del Pleno, la sesi\u00f3n se somete a los mismos requisitos de publicidad que las sesiones del Pleno, que s\u00ed que son p\u00fablicas. As\u00ed lo declar\u00f3 la STS 161\/2013, de 26 de septiembre. Teniendo en cuenta las medidas tomadas para evitar la propagaci\u00f3n de la COVID-19, este punto del orden del d\u00eda de la Junta de Gobierno Local no se ha votado con p\u00fablico, sino que se ha grabado en v\u00eddeo y ahora lo publicamos para poder garantizar as\u00ed su publicidad. Por todo ello, los concejales y concejalas de la oposici\u00f3n -que no forman parte de la Junta de Gobierno local- recibieron la informaci\u00f3n sobre la propuesta en su buz\u00f3n de correo electr\u00f3nico.<\/p>\n\n\n\n<figure class=\"wp-block-embed is-type-video is-provider-youtube wp-block-embed-youtube wp-embed-aspect-16-9 wp-has-aspect-ratio\"><div class=\"wp-block-embed__wrapper\">\n<iframe loading=\"lazy\" title=\"Punt de l\u2019Ordre del dia de la Junta de Govern local del 13\/09\/21 amb compet\u00e8ncies delegades del Ple\" width=\"1170\" height=\"658\" src=\"https:\/\/www.youtube.com\/embed\/ZIf3rP7C58M?feature=oembed\" frameborder=\"0\" allow=\"accelerometer; autoplay; clipboard-write; encrypted-media; gyroscope; picture-in-picture\" allowfullscreen><\/iframe>\n<\/div><\/figure>\n","protected":false},"excerpt":{"rendered":"<p>La Junta de Govern del 13 de setembre de 2021 inclo\u00efa \u2013i va aprovar- aquest punt amb Compet\u00e8ncies delegades del Ple: \u201cLa retirada del primer classificat i la petici\u00f3 de &hellip; <a href=\"https:\/\/bisbalpenedes.com\/web\/2021\/09\/14\/la-junta-de-govern-del-13-de-setembre-de-2021-incloia-i-va-aprovar-un-punt-amb-competencies-delegades-del-ple\/\" class=\"more-link\">Read More<\/a><\/p>\n","protected":false},"author":4,"featured_media":19144,"comment_status":"closed","ping_status":"closed","sticky":false,"template":"","format":"standard","meta":[],"categories":[3085,8,15],"tags":[],"_links":{"self":[{"href":"https:\/\/bisbalpenedes.com\/web\/wp-json\/wp\/v2\/posts\/19143"}],"collection":[{"href":"https:\/\/bisbalpenedes.com\/web\/wp-json\/wp\/v2\/posts"}],"about":[{"href":"https:\/\/bisbalpenedes.com\/web\/wp-json\/wp\/v2\/types\/post"}],"author":[{"embeddable":true,"href":"https:\/\/bisbalpenedes.com\/web\/wp-json\/wp\/v2\/users\/4"}],"replies":[{"embeddable":true,"href":"https:\/\/bisbalpenedes.com\/web\/wp-json\/wp\/v2\/comments?post=19143"}],"version-history":[{"count":1,"href":"https:\/\/bisbalpenedes.com\/web\/wp-json\/wp\/v2\/posts\/19143\/revisions"}],"predecessor-version":[{"id":19145,"href":"https:\/\/bisbalpenedes.com\/web\/wp-json\/wp\/v2\/posts\/19143\/revisions\/19145"}],"wp:featuredmedia":[{"embeddable":true,"href":"https:\/\/bisbalpenedes.com\/web\/wp-json\/wp\/v2\/media\/19144"}],"wp:attachment":[{"href":"https:\/\/bisbalpenedes.com\/web\/wp-json\/wp\/v2\/media?parent=19143"}],"wp:term":[{"taxonomy":"category","embeddable":true,"href":"https:\/\/bisbalpenedes.com\/web\/wp-json\/wp\/v2\/categories?post=19143"},{"taxonomy":"post_tag","embeddable":true,"href":"https:\/\/bisbalpenedes.com\/web\/wp-json\/wp\/v2\/tags?post=19143"}],"curies":[{"name":"wp","href":"https:\/\/api.w.org\/{rel}","templated":true}]}}