{"id":19139,"date":"2021-09-14T09:00:00","date_gmt":"2021-09-14T07:00:00","guid":{"rendered":"https:\/\/bisbalpenedes.com\/web\/?p=19139"},"modified":"2021-09-13T18:08:54","modified_gmt":"2021-09-13T16:08:54","slug":"sha-publicat-la-relacio-provisional-dadmesos-i-exclosos-en-les-borses-de-treball-darquitecte-i-de-personal-de-neteja","status":"publish","type":"post","link":"https:\/\/bisbalpenedes.com\/web\/2021\/09\/14\/sha-publicat-la-relacio-provisional-dadmesos-i-exclosos-en-les-borses-de-treball-darquitecte-i-de-personal-de-neteja\/","title":{"rendered":"S&#8217;ha publicat la relaci\u00f3 provisional d&#8217;admesos i exclosos en les borses de treball d&#8217;arquitecte i de personal de neteja"},"content":{"rendered":"\n<p>Aquest dilluns l\u2019alcaldessa de la Bisbal del Pened\u00e8s, Agn\u00e8s Ferr\u00e9, ha signat els Decrets de la relaci\u00f3 provisional d\u2019admesos i exclosos en les borses de treball d\u2019arquitecte i de personal de neteja. Podeu consultar la publicaci\u00f3 al tauler d\u2019anuncis de la seu electr\u00f2nica: <a href=\"https:\/\/bisbalpenedes.eadministracio.cat\/info.1\">https:\/\/bisbalpenedes.eadministracio.cat\/info.1<\/a><\/p>\n\n\n\n<p>Es concedeix un termini de deu dies h\u00e0bils perqu\u00e8 els interessats puguin presentar reclamacions, si ho consideren oport\u00fa. A partir d\u2019aqu\u00ed, es publicar\u00e0 el llistat definitiu d\u2019admesos I exclosos, amb les dates de la prova de catal\u00e0 per a aquelles persones que s\u2019hi hagin de presentar.<\/p>\n\n\n\n<hr class=\"wp-block-separator\"\/>\n\n\n\n<p>Este lunes la alcaldesa de la Bisbal del Pened\u00e8s, Agn\u00e8s Ferr\u00e9, ha firmado los Decretos de la relaci\u00f3n provisional de admitidos y excluidos en las bolsas de trabajo de arquitecto y de personal de limpieza. Pod\u00e9is consultar la publicaci\u00f3n en el tabl\u00f3n de anuncios de la sede electr\u00f3nica:<\/p>\n\n\n\n<p><a href=\"https:\/\/bisbalpenedes.eadministracio.cat\/info.1\">https:\/\/bisbalpenedes.eadministracio.cat\/info.1<\/a><\/p>\n\n\n\n<p>Se concede un plazo de diez d\u00edas h\u00e1biles para que los interesados puedan presentar reclamaciones, si lo consideran oportuno. A partir de aqu\u00ed, se publicar\u00e1 el listado definitivo de admitidos y excluidos, con las fechas de la prueba en catal\u00e1n para aquellas personas que se tengan que presentar a la misma.<\/p>\n","protected":false},"excerpt":{"rendered":"<p>Aquest dilluns l\u2019alcaldessa de la Bisbal del Pened\u00e8s, Agn\u00e8s Ferr\u00e9, ha signat els Decrets de la relaci\u00f3 provisional d\u2019admesos i exclosos en les borses de treball d\u2019arquitecte i de personal &hellip; <a href=\"https:\/\/bisbalpenedes.com\/web\/2021\/09\/14\/sha-publicat-la-relacio-provisional-dadmesos-i-exclosos-en-les-borses-de-treball-darquitecte-i-de-personal-de-neteja\/\" class=\"more-link\">Read More<\/a><\/p>\n","protected":false},"author":4,"featured_media":19141,"comment_status":"closed","ping_status":"closed","sticky":false,"template":"","format":"standard","meta":[],"categories":[2402,2057,8,9],"tags":[2230,216,4774,2456,2231,393,2013,2229],"_links":{"self":[{"href":"https:\/\/bisbalpenedes.com\/web\/wp-json\/wp\/v2\/posts\/19139"}],"collection":[{"href":"https:\/\/bisbalpenedes.com\/web\/wp-json\/wp\/v2\/posts"}],"about":[{"href":"https:\/\/bisbalpenedes.com\/web\/wp-json\/wp\/v2\/types\/post"}],"author":[{"embeddable":true,"href":"https:\/\/bisbalpenedes.com\/web\/wp-json\/wp\/v2\/users\/4"}],"replies":[{"embeddable":true,"href":"https:\/\/bisbalpenedes.com\/web\/wp-json\/wp\/v2\/comments?post=19139"}],"version-history":[{"count":1,"href":"https:\/\/bisbalpenedes.com\/web\/wp-json\/wp\/v2\/posts\/19139\/revisions"}],"predecessor-version":[{"id":19142,"href":"https:\/\/bisbalpenedes.com\/web\/wp-json\/wp\/v2\/posts\/19139\/revisions\/19142"}],"wp:featuredmedia":[{"embeddable":true,"href":"https:\/\/bisbalpenedes.com\/web\/wp-json\/wp\/v2\/media\/19141"}],"wp:attachment":[{"href":"https:\/\/bisbalpenedes.com\/web\/wp-json\/wp\/v2\/media?parent=19139"}],"wp:term":[{"taxonomy":"category","embeddable":true,"href":"https:\/\/bisbalpenedes.com\/web\/wp-json\/wp\/v2\/categories?post=19139"},{"taxonomy":"post_tag","embeddable":true,"href":"https:\/\/bisbalpenedes.com\/web\/wp-json\/wp\/v2\/tags?post=19139"}],"curies":[{"name":"wp","href":"https:\/\/api.w.org\/{rel}","templated":true}]}}