{"id":19122,"date":"2021-09-13T11:27:36","date_gmt":"2021-09-13T09:27:36","guid":{"rendered":"https:\/\/bisbalpenedes.com\/web\/?p=19122"},"modified":"2021-09-13T11:29:49","modified_gmt":"2021-09-13T09:29:49","slug":"el-clemente-de-lescola-ull-de-vent-sha-jubilat-i-hem-parlat-amb-ell-de-com-viu-aquest-comiat-i-aquesta-nova-etapa-de-la-seva-vida","status":"publish","type":"post","link":"https:\/\/bisbalpenedes.com\/web\/2021\/09\/13\/el-clemente-de-lescola-ull-de-vent-sha-jubilat-i-hem-parlat-amb-ell-de-com-viu-aquest-comiat-i-aquesta-nova-etapa-de-la-seva-vida\/","title":{"rendered":"El Clemente de l&#8217;Escola Ull de Vent s&#8217;ha jubilat i hem parlat amb ell de com viu aquest comiat i aquesta nova etapa de la seva vida"},"content":{"rendered":"\n<p>El Clemente Rodr\u00edguez ha estat el conserge de l\u2019Escola Ull de Vent durant els \u00faltims 5 anys i ara s\u2019ha jubilat. \u00c9s una persona molt estimada al municipi i \u00e9s que totes les fam\u00edlies amb nens coneixen el Clemente: un conserge agradable i simp\u00e0tic, una persona entranyable i sempre disposada a escoltar i ajudar. Hem parlat amb ell de com viu aquest comiat i aquesta nova etapa de la seva vida, que ara comen\u00e7a.&nbsp;<\/p>\n\n\n\n<p>Des d&#8217;aqu\u00ed, aprofitem per desitjar-vos a tots i totes un bon inici del curs escolar.<\/p>\n\n\n\n<hr class=\"wp-block-separator\"\/>\n\n\n\n<p>Clemente Rodr\u00edguez ha sido el conserje de la Escuela Ull de Vent durante los \u00faltimos 5 a\u00f1os y ahora se ha jubilado. Es una persona muy querida en el municipio y es que todas las familias con ni\u00f1os conocen a Clemente: un conserje agradable y simp\u00e1tico, una persona entra\u00f1able y siempre dispuesta a escuchar y ayudar. Hemos hablado con \u00e9l de c\u00f3mo vive esta despedida y esta nueva etapa en su vida, que ahora empieza.<\/p>\n\n\n\n<p>Desde aqu\u00ed aprovechamos para desearos a todos y todas un buen inicio del curso escolar.<\/p>\n\n\n\n<figure class=\"wp-block-image size-large\"><img loading=\"lazy\" width=\"724\" height=\"1024\" src=\"https:\/\/bisbalpenedes.com\/web\/wp-content\/uploads\/2021\/09\/ENTREVISTA-CLEMENTE-1-1-724x1024.png\" alt=\"\" class=\"wp-image-19128\" srcset=\"https:\/\/bisbalpenedes.com\/web\/wp-content\/uploads\/2021\/09\/ENTREVISTA-CLEMENTE-1-1-724x1024.png 724w, https:\/\/bisbalpenedes.com\/web\/wp-content\/uploads\/2021\/09\/ENTREVISTA-CLEMENTE-1-1-600x849.png 600w, https:\/\/bisbalpenedes.com\/web\/wp-content\/uploads\/2021\/09\/ENTREVISTA-CLEMENTE-1-1-212x300.png 212w, https:\/\/bisbalpenedes.com\/web\/wp-content\/uploads\/2021\/09\/ENTREVISTA-CLEMENTE-1-1-768x1086.png 768w, https:\/\/bisbalpenedes.com\/web\/wp-content\/uploads\/2021\/09\/ENTREVISTA-CLEMENTE-1-1-1086x1536.png 1086w, https:\/\/bisbalpenedes.com\/web\/wp-content\/uploads\/2021\/09\/ENTREVISTA-CLEMENTE-1-1-1448x2048.png 1448w\" sizes=\"(max-width: 724px) 100vw, 724px\" \/><\/figure>\n\n\n\n<figure class=\"wp-block-image size-large\"><img loading=\"lazy\" width=\"724\" height=\"1024\" src=\"https:\/\/bisbalpenedes.com\/web\/wp-content\/uploads\/2021\/09\/ENTREVISTA-CLEMENTE-2-724x1024.png\" alt=\"\" class=\"wp-image-19125\" srcset=\"https:\/\/bisbalpenedes.com\/web\/wp-content\/uploads\/2021\/09\/ENTREVISTA-CLEMENTE-2-724x1024.png 724w, https:\/\/bisbalpenedes.com\/web\/wp-content\/uploads\/2021\/09\/ENTREVISTA-CLEMENTE-2-600x849.png 600w, https:\/\/bisbalpenedes.com\/web\/wp-content\/uploads\/2021\/09\/ENTREVISTA-CLEMENTE-2-212x300.png 212w, https:\/\/bisbalpenedes.com\/web\/wp-content\/uploads\/2021\/09\/ENTREVISTA-CLEMENTE-2-768x1086.png 768w, https:\/\/bisbalpenedes.com\/web\/wp-content\/uploads\/2021\/09\/ENTREVISTA-CLEMENTE-2-1086x1536.png 1086w, https:\/\/bisbalpenedes.com\/web\/wp-content\/uploads\/2021\/09\/ENTREVISTA-CLEMENTE-2-1448x2048.png 1448w\" sizes=\"(max-width: 724px) 100vw, 724px\" \/><\/figure>\n\n\n\n<figure class=\"wp-block-image size-large\"><img loading=\"lazy\" width=\"724\" height=\"1024\" src=\"https:\/\/bisbalpenedes.com\/web\/wp-content\/uploads\/2021\/09\/ENTREVISTA-CLEMENTE-3-724x1024.png\" alt=\"\" class=\"wp-image-19126\" srcset=\"https:\/\/bisbalpenedes.com\/web\/wp-content\/uploads\/2021\/09\/ENTREVISTA-CLEMENTE-3-724x1024.png 724w, https:\/\/bisbalpenedes.com\/web\/wp-content\/uploads\/2021\/09\/ENTREVISTA-CLEMENTE-3-600x849.png 600w, https:\/\/bisbalpenedes.com\/web\/wp-content\/uploads\/2021\/09\/ENTREVISTA-CLEMENTE-3-212x300.png 212w, https:\/\/bisbalpenedes.com\/web\/wp-content\/uploads\/2021\/09\/ENTREVISTA-CLEMENTE-3-768x1086.png 768w, https:\/\/bisbalpenedes.com\/web\/wp-content\/uploads\/2021\/09\/ENTREVISTA-CLEMENTE-3-1086x1536.png 1086w, https:\/\/bisbalpenedes.com\/web\/wp-content\/uploads\/2021\/09\/ENTREVISTA-CLEMENTE-3-1448x2048.png 1448w\" sizes=\"(max-width: 724px) 100vw, 724px\" \/><\/figure>\n\n\n\n<figure class=\"wp-block-image size-large\"><img loading=\"lazy\" width=\"724\" height=\"1024\" src=\"https:\/\/bisbalpenedes.com\/web\/wp-content\/uploads\/2021\/09\/ENTREVISTA-CLEMENTE-4-724x1024.png\" alt=\"\" class=\"wp-image-19127\" srcset=\"https:\/\/bisbalpenedes.com\/web\/wp-content\/uploads\/2021\/09\/ENTREVISTA-CLEMENTE-4-724x1024.png 724w, https:\/\/bisbalpenedes.com\/web\/wp-content\/uploads\/2021\/09\/ENTREVISTA-CLEMENTE-4-600x849.png 600w, https:\/\/bisbalpenedes.com\/web\/wp-content\/uploads\/2021\/09\/ENTREVISTA-CLEMENTE-4-212x300.png 212w, https:\/\/bisbalpenedes.com\/web\/wp-content\/uploads\/2021\/09\/ENTREVISTA-CLEMENTE-4-768x1086.png 768w, https:\/\/bisbalpenedes.com\/web\/wp-content\/uploads\/2021\/09\/ENTREVISTA-CLEMENTE-4-1086x1536.png 1086w, https:\/\/bisbalpenedes.com\/web\/wp-content\/uploads\/2021\/09\/ENTREVISTA-CLEMENTE-4-1448x2048.png 1448w\" sizes=\"(max-width: 724px) 100vw, 724px\" \/><\/figure>\n","protected":false},"excerpt":{"rendered":"<p>El Clemente Rodr\u00edguez ha estat el conserge de l\u2019Escola Ull de Vent durant els \u00faltims 5 anys i ara s\u2019ha jubilat. \u00c9s una persona molt estimada al municipi i \u00e9s &hellip; <a href=\"https:\/\/bisbalpenedes.com\/web\/2021\/09\/13\/el-clemente-de-lescola-ull-de-vent-sha-jubilat-i-hem-parlat-amb-ell-de-com-viu-aquest-comiat-i-aquesta-nova-etapa-de-la-seva-vida\/\" class=\"more-link\">Read More<\/a><\/p>\n","protected":false},"author":4,"featured_media":19131,"comment_status":"closed","ping_status":"closed","sticky":false,"template":"","format":"standard","meta":[],"categories":[3456,8],"tags":[4769,4770,862,2471,337],"_links":{"self":[{"href":"https:\/\/bisbalpenedes.com\/web\/wp-json\/wp\/v2\/posts\/19122"}],"collection":[{"href":"https:\/\/bisbalpenedes.com\/web\/wp-json\/wp\/v2\/posts"}],"about":[{"href":"https:\/\/bisbalpenedes.com\/web\/wp-json\/wp\/v2\/types\/post"}],"author":[{"embeddable":true,"href":"https:\/\/bisbalpenedes.com\/web\/wp-json\/wp\/v2\/users\/4"}],"replies":[{"embeddable":true,"href":"https:\/\/bisbalpenedes.com\/web\/wp-json\/wp\/v2\/comments?post=19122"}],"version-history":[{"count":1,"href":"https:\/\/bisbalpenedes.com\/web\/wp-json\/wp\/v2\/posts\/19122\/revisions"}],"predecessor-version":[{"id":19129,"href":"https:\/\/bisbalpenedes.com\/web\/wp-json\/wp\/v2\/posts\/19122\/revisions\/19129"}],"wp:featuredmedia":[{"embeddable":true,"href":"https:\/\/bisbalpenedes.com\/web\/wp-json\/wp\/v2\/media\/19131"}],"wp:attachment":[{"href":"https:\/\/bisbalpenedes.com\/web\/wp-json\/wp\/v2\/media?parent=19122"}],"wp:term":[{"taxonomy":"category","embeddable":true,"href":"https:\/\/bisbalpenedes.com\/web\/wp-json\/wp\/v2\/categories?post=19122"},{"taxonomy":"post_tag","embeddable":true,"href":"https:\/\/bisbalpenedes.com\/web\/wp-json\/wp\/v2\/tags?post=19122"}],"curies":[{"name":"wp","href":"https:\/\/api.w.org\/{rel}","templated":true}]}}