{"id":19109,"date":"2021-09-10T11:42:00","date_gmt":"2021-09-10T09:42:00","guid":{"rendered":"https:\/\/bisbalpenedes.com\/web\/?p=19109"},"modified":"2021-09-10T11:26:35","modified_gmt":"2021-09-10T09:26:35","slug":"el-dimecres-15-de-setembre-a-les-20h-es-fara-una-reunio-informativa-sobre-el-projecte-mat-a-la-placa-pau-casals-la-pista","status":"publish","type":"post","link":"https:\/\/bisbalpenedes.com\/web\/2021\/09\/10\/el-dimecres-15-de-setembre-a-les-20h-es-fara-una-reunio-informativa-sobre-el-projecte-mat-a-la-placa-pau-casals-la-pista\/","title":{"rendered":"El dimecres 15 de setembre a les 20h es far\u00e0 una reuni\u00f3 informativa sobre el projecte MAT a la pla\u00e7a Pau Casals (la pista)"},"content":{"rendered":"\n<p>El dimecres 15 de setembre es dur\u00e0 a terme una reuni\u00f3 informativa sobre el projecte de la l\u00ednia de molt alta tensi\u00f3 (MAT) que es pret\u00e9n construir des de l&#8217;Arag\u00f3 i fins a Begues i que passaria pel nostre municipi, amb una estesa de 9.833,39 metres de l\u00ednia corrent trif\u00e0sica a\u00e8ria a trav\u00e9s de 27 torres de fins a 70 metres d&#8217;al\u00e7ada. Des de l&#8217;Ajuntament ens hi oposem totalment i de forma un\u00e0nime, com va quedar pal\u00e8s al Ple extraordinari del passat 30 d&#8217;agost, en qu\u00e8 es va aprovar per unanimitat el manifest per derogar la MAT &#8220;Cl\u00faster Begues&#8221;.<\/p>\n\n\n\n<ul><li>Dimecres 15 de setembre<\/li><li>A les 20h<\/li><li>A la pla\u00e7a Pau Casals (la pista)<\/li><li>No cal reserva pr\u00e8via de pla\u00e7a<\/li><li>Caldr\u00e0 seguir totes les mesures per la COVID-19: Mascareta, dist\u00e0ncia de seguretat i gel hidroalcoh\u00f2lic a les mans.<\/li><\/ul>\n\n\n\n<hr class=\"wp-block-separator\"\/>\n\n\n\n<p>El mi\u00e9rcoles 15 de septiembre se llevar\u00e1 a cabo una reuni\u00f3n informativa sobre el proyecto de la l\u00ednea de muy alta tensi\u00f3n (MAT) que se pretende construir desde Arag\u00f3n hasta Begues y que pasar\u00eda por nuestro municipio, con un tendido de 9.833,39 metros de l\u00ednea corriente trif\u00e1sica a\u00e9rea a trav\u00e9s de 27 torres de hasta 70 metros de altura. Desde el Ayuntamiento nos oponemos totalmente y de forma un\u00e1nime a este proyecto, como qued\u00f3 patente en el Pleno extraordinario del pasado 30 de agosto, en el que se aprob\u00f3 por unanimidad el manifiesto para derogar la MAT &#8220;Cl\u00faster Begues&#8221;.<\/p>\n\n\n\n<ul><li>Mi\u00e9rcoles 15 de septiembre<\/li><li>A las 20h<\/li><li>En la Plaza Pau Casals (la pista)<\/li><li>No hay que reservar plaza previamente<\/li><li>Habr\u00e1 que seguir todas las medidas por la COVID-19: Mascarilla, distancia de seguridad y gel hidroalcoh\u00f3lico en las manos<\/li><\/ul>\n","protected":false},"excerpt":{"rendered":"<p>El dimecres 15 de setembre es dur\u00e0 a terme una reuni\u00f3 informativa sobre el projecte de la l\u00ednia de molt alta tensi\u00f3 (MAT) que es pret\u00e9n construir des de l&#8217;Arag\u00f3 &hellip; <a href=\"https:\/\/bisbalpenedes.com\/web\/2021\/09\/10\/el-dimecres-15-de-setembre-a-les-20h-es-fara-una-reunio-informativa-sobre-el-projecte-mat-a-la-placa-pau-casals-la-pista\/\" class=\"more-link\">Read More<\/a><\/p>\n","protected":false},"author":4,"featured_media":19110,"comment_status":"closed","ping_status":"closed","sticky":false,"template":"","format":"standard","meta":[],"categories":[2402,8],"tags":[393,4761,397,4767],"_links":{"self":[{"href":"https:\/\/bisbalpenedes.com\/web\/wp-json\/wp\/v2\/posts\/19109"}],"collection":[{"href":"https:\/\/bisbalpenedes.com\/web\/wp-json\/wp\/v2\/posts"}],"about":[{"href":"https:\/\/bisbalpenedes.com\/web\/wp-json\/wp\/v2\/types\/post"}],"author":[{"embeddable":true,"href":"https:\/\/bisbalpenedes.com\/web\/wp-json\/wp\/v2\/users\/4"}],"replies":[{"embeddable":true,"href":"https:\/\/bisbalpenedes.com\/web\/wp-json\/wp\/v2\/comments?post=19109"}],"version-history":[{"count":1,"href":"https:\/\/bisbalpenedes.com\/web\/wp-json\/wp\/v2\/posts\/19109\/revisions"}],"predecessor-version":[{"id":19111,"href":"https:\/\/bisbalpenedes.com\/web\/wp-json\/wp\/v2\/posts\/19109\/revisions\/19111"}],"wp:featuredmedia":[{"embeddable":true,"href":"https:\/\/bisbalpenedes.com\/web\/wp-json\/wp\/v2\/media\/19110"}],"wp:attachment":[{"href":"https:\/\/bisbalpenedes.com\/web\/wp-json\/wp\/v2\/media?parent=19109"}],"wp:term":[{"taxonomy":"category","embeddable":true,"href":"https:\/\/bisbalpenedes.com\/web\/wp-json\/wp\/v2\/categories?post=19109"},{"taxonomy":"post_tag","embeddable":true,"href":"https:\/\/bisbalpenedes.com\/web\/wp-json\/wp\/v2\/tags?post=19109"}],"curies":[{"name":"wp","href":"https:\/\/api.w.org\/{rel}","templated":true}]}}